{"id":2219,"date":"2017-11-30T11:30:23","date_gmt":"2017-11-30T09:30:23","guid":{"rendered":"http:\/\/www.vizyon2023.com.tr\/index.php\/2017\/11\/30\/cumhurbaskanligi-sozcusu-kalin-ogrencilere-konser-verdi-2\/"},"modified":"2017-11-30T11:30:23","modified_gmt":"2017-11-30T09:30:23","slug":"cumhurbaskanligi-sozcusu-kalin-ogrencilere-konser-verdi-2","status":"publish","type":"post","link":"https:\/\/www.vizyon2023.com.tr\/index.php\/2017\/11\/30\/cumhurbaskanligi-sozcusu-kalin-ogrencilere-konser-verdi-2\/","title":{"rendered":"Cumhurba\u015fkanl\u0131\u011f\u0131 S\u00f6zc\u00fcs\u00fc Kal\u0131n \u00f6\u011frencilere konser verdi"},"content":{"rendered":"<p>Milli E\u011fitim Bakan\u0131 \u0130smet Y\u0131lmaz, Cumhurba\u015fkanl\u0131\u011f\u0131 S\u00f6zc\u00fcs\u00fc ve Genel Sekreter Yard\u0131mc\u0131s\u0131 \u0130brahim Kal\u0131n, sanat\u00e7\u0131 Yavuz Bing\u00f6l ve bakanl\u0131k b\u00fcrokratlar\u0131 ile Ankara G\u00fczel Sanatlar Lisesini ziyaret etti.<\/p>\n<p>Kal\u0131n ile Bing\u00f6l, lisenin konferans salonunda \u00f6\u011frencilerle birlikte saz \u00e7alarak mini bir konser verdi. \u0130kili, &#8220;Yemen T\u00fcrk\u00fcs\u00fc, Uzun \u0130nce Bir Yolday\u0131m, Sar\u0131 Gelin&#8221; isimli t\u00fcrk\u00fcler ile Bakan Y\u0131lmaz&#8217;\u0131n istedi\u011fi &#8220;Melullenme Deli G\u00f6n\u00fcl&#8221; t\u00fcrk\u00fcs\u00fcn\u00fc seslendirdi.<\/p>\n<p>Milli E\u011fitim Bakan\u0131 Y\u0131lmaz, konser sonras\u0131nda yapt\u0131\u011f\u0131 konu\u015fmada, sanat\u0131n bireysel geli\u015fime, birlikte \u00e7al\u0131\u015fma becerilerinin geli\u015fmesine ve \u00fcretici birey olarak yeti\u015fmeye katk\u0131 sa\u011flayaca\u011f\u0131na i\u015faret etti.<\/p>\n<p>Konser s\u0131ras\u0131nda sanat\u00e7\u0131 Bing\u00f6l&#8217;\u00fcn cura \u00e7alan \u00f6\u011frenciye b\u00fcy\u00fck bir sevgi ile bakt\u0131\u011f\u0131n\u0131 ve \u0130brahim Kal\u0131n ile o esnada haberle\u015fti\u011fini ve &#8220;\u0130stikbal var.&#8221; dedi\u011fini aktaran Y\u0131lmaz, &#8220;\u0130n\u015fallah T\u00fcrkiye&#8217;nin \u00e7ok b\u00fcy\u00fck sanat\u00e7\u0131lar\u0131 bu okullarda \u00e7\u0131kacakt\u0131r.&#8221; dedi.<\/p>\n<p><strong>&#8220;Liselerde tematik lise uygulamas\u0131n\u0131 ba\u015flataca\u011f\u0131z&#8221;<\/strong><\/p>\n<p>Yeni m\u00fcfredat\u0131 de\u011fi\u015ftirerek \u00e7ocuklar\u0131n hayata haz\u0131r olmalar\u0131, kendisi ve \u00e7evresi ile bar\u0131\u015f\u0131k ve mutlu bireyler olarak yeti\u015fmelerini istediklerini dile getiren Y\u0131lmaz, s\u00f6zlerini \u015f\u00f6yle s\u00fcrd\u00fcrd\u00fc:<\/p>\n<p>&#8220;G\u00fczel sanatlarda 81 okulumuz 14 bin 743 \u00f6\u011frencimiz var. Spor lisesinde ise 70 okulda 15 bin 320 \u00f6\u011frencimiz bulunuyor. Spor lisesinde tematik uygulamay\u0131 ba\u015flatt\u0131k. Bundan sonra da \u0130brahim Kal\u0131n ve Yavuz Bing\u00f6l&#8217;\u00fcn de deste\u011fiyle birlikte g\u00fczel sanatlar liselerinde de tematik lise uygulamas\u0131n\u0131 ba\u015flataca\u011f\u0131z. Bir lisemiz sadece T\u00fcrk Sanat M\u00fczi\u011fi&#8217;nden, bir lisemiz sadece T\u00fcrk Halk M\u00fczi\u011fi&#8217;nden e\u011fitim verecek. Bizim k\u00fclt\u00fcr\u00fcm\u00fcze ait g\u00fczelliklerle sadece bir b\u00f6l\u00fcm ilgilensin ki art\u0131k yatay b\u00fcy\u00fcme yetmiyor. Dikey b\u00fcy\u00fcmeyi de sa\u011flayabilmek laz\u0131m. &#8221;<\/p>\n<p><strong>\u00d6\u011frencilerden mini konser<\/strong><\/p>\n<p>Cumhurba\u015fkanl\u0131\u011f\u0131 S\u00f6zc\u00fcs\u00fc Kal\u0131n, Bakan Y\u0131lmaz ve sanat\u00e7\u0131 Bing\u00f6l, okul ziyaretinde \u00f6\u011frencilerin seslendirdi\u011fi &#8220;Fikrimin \u0130nce G\u00fcl\u00fc&#8221; ve &#8220;Demedim mi&#8221; isimli eserleri dinledi.<\/p>\n<p>Gen\u00e7 m\u00fczisyenlerle bulu\u015fmaktan duydu\u011fu memnuniyeti dile getiren Kal\u0131n, m\u00fczi\u011fin hayat\u0131n \u00f6nemli bir par\u00e7as\u0131 oldu\u011funu belirterek, &#8220;M\u00fczik bir l\u00fcks de\u011fildir, sadece bir e\u011flence de de\u011fildir. M\u00fczik asl\u0131nda bizim en iyi niteliklerimizi ortaya \u00e7\u0131kartan \u00e7ok \u00f6nemli bir var olma alan\u0131d\u0131r.&#8221; dedi.<\/p>\n<p>&#8220;Anadolu irfan\u0131, m\u00fczik gelene\u011fi d\u00fc\u015f\u00fcn\u00fcld\u00fc\u011f\u00fcnde \u00e7ok b\u00fcy\u00fck bir m\u00fczik medeniyetinin varisleriyiz biz.&#8221; diyen Kal\u0131n, \u015fu \u015f\u00f6yle devam etti:<\/p>\n<p>&#8220;Anadolu halk m\u00fczi\u011fidir, sanat m\u00fczi\u011fidir, klasik m\u00fcziktir, ba\u015fka t\u00fcr m\u00fcziklerdir. Bunlar\u0131n zenginli\u011fi ile beraber T\u00fcrk m\u00fczi\u011fi bug\u00fcn d\u00fcnya \u00e7ap\u0131nda bir m\u00fczik gelene\u011fi haline gelmi\u015ftir. Bunu ya\u015fatmak \u00e7ok \u00f6nemli. Buna yeni \u015feyler eklemek \u00e7ok \u00f6nemli. Bundan sonra da T\u00fcrk m\u00fczi\u011fi bu g\u00fcr sesiyle, \u015fiiriyle, bestesiyle, nameleriyle bizim insan\u0131m\u0131z\u0131n yolunu ayd\u0131nlatmaya devam edecek. Benim de tavsiyem bu yolda devam edin. M\u00fczi\u011fimizin derinliklerini ke\u015ffederek payla\u015farak g\u00fczelliklerini \u00e7o\u011faltarak bu yolda devam edin.&#8221;<\/p>\n<p>\u00d6\u011frencileri tebrik eden Kal\u0131n, &#8220;Bu d\u00fcnyaya yapaca\u011f\u0131n\u0131z en b\u00fcy\u00fck katk\u0131lardan birisi bu alanda verece\u011finiz eserler olacak.&#8221; dedi.<\/p>\n<p><strong>&#8220;Hi\u00e7 vazge\u00e7meyin&#8221;<\/strong><\/p>\n<p>Sanat\u00e7\u0131 Bing\u00f6l ise \u00f6\u011frencilere tavsiyesinin sorulmas\u0131 \u00fczerine, &#8220;Bir kere hi\u00e7 vazge\u00e7meyin. 12 ya\u015f\u0131ndan beri \u00e7al\u0131\u015f\u0131yorum. Her i\u015fi yapt\u0131m ama m\u00fczi\u011fe hep geri d\u00f6nd\u00fcm. M\u00fczik d\u0131\u015f\u0131nda bir\u015fey yapamayaca\u011f\u0131m dedim. G\u00fcnde 10-12 saat \u00e7al\u0131\u015ft\u0131\u011f\u0131m zamanlar\u0131m vard\u0131. \u00d6zellikle enstr\u00fcman \u00e7alanlar i\u00e7in \u00e7ok \u00f6zel bir mesaidir bu. Orhan Gencebay&#8217;\u0131n Arif Sa\u011f&#8217;\u0131n alb\u00fcmleri \u00e7\u0131kt\u0131\u011f\u0131nda eve kapan\u0131rd\u0131m bir hafta. Sabahtan ak\u015fama kadar \u00e7al\u0131\u015f\u0131rd\u0131m. O a\u00e7\u0131dan \u00e7ok \u00e7al\u0131\u015fman\u0131z gerekiyor. \u00c7al\u0131\u015fmak hayat\u0131n\u0131z\u0131 kolayla\u015ft\u0131racakt\u0131r.&#8221; diye konu\u015ftu.<\/p>\n<p>Y\u0131lmaz, Kal\u0131n ve Bing\u00f6l, \u00f6\u011frenciler ve \u00f6\u011fretmenlerin yapt\u0131\u011f\u0131 ve 15 Temmuz \u015fehitlerinin isimlerinin bulundu\u011fu &#8220;demokrasi a\u011fac\u0131&#8221;n\u0131 da inceledi.<\/p>\n<p>Kaynak: AA<\/p>\n","protected":false},"excerpt":{"rendered":"<p>Cumhurba\u015fkanl\u0131\u011f\u0131 S\u00f6zc\u00fcs\u00fc \u0130brahim Kal\u0131n ile sanat\u00e7\u0131 Yavuz Bing\u00f6l, Ankara G\u00fczel Sanatlar Lisesi \u00f6\u011frencileriyle birlikte saz \u00e7alarak mini bir konser verdi.<\/p>\n","protected":false},"author":8,"featured_media":2220,"comment_status":"open","ping_status":"closed","sticky":false,"template":"","format":"standard","meta":[],"categories":[58],"tags":[],"_links":{"self":[{"href":"https:\/\/www.vizyon2023.com.tr\/index.php\/wp-json\/wp\/v2\/posts\/2219"}],"collection":[{"href":"https:\/\/www.vizyon2023.com.tr\/index.php\/wp-json\/wp\/v2\/posts"}],"about":[{"href":"https:\/\/www.vizyon2023.com.tr\/index.php\/wp-json\/wp\/v2\/types\/post"}],"author":[{"embeddable":true,"href":"https:\/\/www.vizyon2023.com.tr\/index.php\/wp-json\/wp\/v2\/users\/8"}],"replies":[{"embeddable":true,"href":"https:\/\/www.vizyon2023.com.tr\/index.php\/wp-json\/wp\/v2\/comments?post=2219"}],"version-history":[{"count":0,"href":"https:\/\/www.vizyon2023.com.tr\/index.php\/wp-json\/wp\/v2\/posts\/2219\/revisions"}],"wp:featuredmedia":[{"embeddable":true,"href":"https:\/\/www.vizyon2023.com.tr\/index.php\/wp-json\/wp\/v2\/media\/2220"}],"wp:attachment":[{"href":"https:\/\/www.vizyon2023.com.tr\/index.php\/wp-json\/wp\/v2\/media?parent=2219"}],"wp:term":[{"taxonomy":"category","embeddable":true,"href":"https:\/\/www.vizyon2023.com.tr\/index.php\/wp-json\/wp\/v2\/categories?post=2219"},{"taxonomy":"post_tag","embeddable":true,"href":"https:\/\/www.vizyon2023.com.tr\/index.php\/wp-json\/wp\/v2\/tags?post=2219"}],"curies":[{"name":"wp","href":"https:\/\/api.w.org\/{rel}","templated":true}]}}