{"id":2213,"date":"2017-11-30T11:29:13","date_gmt":"2017-11-30T09:29:13","guid":{"rendered":"http:\/\/www.vizyon2023.com.tr\/index.php\/2017\/11\/30\/torba-tasari-meclis-genel-kurulunda-kabul-edildi\/"},"modified":"2017-11-30T11:29:13","modified_gmt":"2017-11-30T09:29:13","slug":"torba-tasari-meclis-genel-kurulunda-kabul-edildi","status":"publish","type":"post","link":"https:\/\/www.vizyon2023.com.tr\/index.php\/2017\/11\/30\/torba-tasari-meclis-genel-kurulunda-kabul-edildi\/","title":{"rendered":"Torba tasar\u0131, Meclis Genel Kurulu&#8217;nda kabul edildi"},"content":{"rendered":"<p>\u0130ki ayd\u0131r Meclis g\u00fcndeminde olan Torba Tasar\u0131, TBMM Genel Kurulu&#8217;nda kabul edildi.<\/p>\n<p>Milyonlarca ki\u015fiyi ilgilendiren ve 130 maddeye yakla\u015fan d\u00fczenlemenin ana ba\u015fl\u0131klar\u0131 \u015funlar;<\/p>\n<p>Asgari \u00fccret y\u0131l boyunca bin 404 liran\u0131n alt\u0131na d\u00fc\u015fmeyecek. Asgari \u00fccretten hi\u00e7bir kesinti yap\u0131lmayacak.<\/p>\n<p>\u015eehir merkezindeki kamu lojmanlar\u0131 sat\u0131\u015fa \u00e7\u0131kar\u0131lacak. Sat\u0131\u015f i\u00e7in lojmanlarda oturanlara \u00f6ncelik tan\u0131nacak.<\/p>\n<p>Emlak vergisindeki art\u0131\u015f oran\u0131 y\u00fczde 50\u2019yi ge\u00e7emeyecek. Yaz saati uygulamas\u0131 s\u00fcrekli olacak.<\/p>\n<p>Engelliler i\u00e7in \u00d6TV muafiyeti, vergiler dahil bedeli 200 bin TL&#8217;yi a\u015fmayan ara\u00e7lar i\u00e7in uygulanacak.<\/p>\n<p>Gazilerin kamuya atanmas\u0131 i\u00e7in ya\u015f s\u0131n\u0131r\u0131 kald\u0131r\u0131lacak. \u0130lkokul ve ortaokul mezunu olan gaziler ve 15 Temmuz darbe giri\u015fiminde yaralananlar, kamuda hizmetli kadrosu yerine memur kadrosuna atanabilecek.<\/p>\n<p>Meyveli gazoz, limonata ve enerji i\u00e7ereceklerinden y\u00fczde 10 \u00d6TV al\u0131nacak. Yasayla, kitlesel fonlama ilk kez mevzuata girdi.<\/p>\n<p>Projesi olan, ancak kaynak bulamayan giri\u015fimcilere kitle fonlamas\u0131 ile finansman sa\u011flanacak.<\/p>\n<p>Esnaf Ahilik Sand\u0131\u011f\u0131n\u0131n y\u00fcr\u00fcrl\u00fc\u011fe giri\u015f tarihi 1 Ocak 2018 tarihinden 1 Ocak 2020&#8217;ye erteleniyor.<\/p>\n<p>Kaynak: TRT Haber\/AA<\/p>\n","protected":false},"excerpt":{"rendered":"<p>\u0130ki ayl\u0131k maratonun ard\u0131ndan milyonlarca ki\u015fiyi ilgilendiren Torba Tasar\u0131, TBMM&#8217;den ge\u00e7ti.<\/p>\n","protected":false},"author":8,"featured_media":2214,"comment_status":"open","ping_status":"closed","sticky":false,"template":"","format":"standard","meta":[],"categories":[85],"tags":[],"_links":{"self":[{"href":"https:\/\/www.vizyon2023.com.tr\/index.php\/wp-json\/wp\/v2\/posts\/2213"}],"collection":[{"href":"https:\/\/www.vizyon2023.com.tr\/index.php\/wp-json\/wp\/v2\/posts"}],"about":[{"href":"https:\/\/www.vizyon2023.com.tr\/index.php\/wp-json\/wp\/v2\/types\/post"}],"author":[{"embeddable":true,"href":"https:\/\/www.vizyon2023.com.tr\/index.php\/wp-json\/wp\/v2\/users\/8"}],"replies":[{"embeddable":true,"href":"https:\/\/www.vizyon2023.com.tr\/index.php\/wp-json\/wp\/v2\/comments?post=2213"}],"version-history":[{"count":0,"href":"https:\/\/www.vizyon2023.com.tr\/index.php\/wp-json\/wp\/v2\/posts\/2213\/revisions"}],"wp:featuredmedia":[{"embeddable":true,"href":"https:\/\/www.vizyon2023.com.tr\/index.php\/wp-json\/wp\/v2\/media\/2214"}],"wp:attachment":[{"href":"https:\/\/www.vizyon2023.com.tr\/index.php\/wp-json\/wp\/v2\/media?parent=2213"}],"wp:term":[{"taxonomy":"category","embeddable":true,"href":"https:\/\/www.vizyon2023.com.tr\/index.php\/wp-json\/wp\/v2\/categories?post=2213"},{"taxonomy":"post_tag","embeddable":true,"href":"https:\/\/www.vizyon2023.com.tr\/index.php\/wp-json\/wp\/v2\/tags?post=2213"}],"curies":[{"name":"wp","href":"https:\/\/api.w.org\/{rel}","templated":true}]}}