{"id":2211,"date":"2017-11-30T11:28:38","date_gmt":"2017-11-30T09:28:38","guid":{"rendered":"http:\/\/www.vizyon2023.com.tr\/index.php\/2017\/11\/30\/bekir-bozdag-kilicdaroglu-iftirasinin-hesabini-yargi-onunde-verecektir\/"},"modified":"2017-11-30T11:28:38","modified_gmt":"2017-11-30T09:28:38","slug":"bekir-bozdag-kilicdaroglu-iftirasinin-hesabini-yargi-onunde-verecektir","status":"publish","type":"post","link":"https:\/\/www.vizyon2023.com.tr\/index.php\/2017\/11\/30\/bekir-bozdag-kilicdaroglu-iftirasinin-hesabini-yargi-onunde-verecektir\/","title":{"rendered":"Bekir Bozda\u011f: K\u0131l\u0131\u00e7daro\u011flu, iftiras\u0131n\u0131n hesab\u0131n\u0131 yarg\u0131 \u00f6n\u00fcnde verecektir"},"content":{"rendered":"<p>Ba\u015fbakan Yard\u0131mc\u0131s\u0131 Bekir Bozda\u011f, sosyal medya hesab\u0131 Twitter&#8217;dan CHP Genel Ba\u015fkan\u0131 Kemal K\u0131l\u0131\u00e7daro\u011flu&#8217;nun iddialar\u0131na cevap verdi.<\/p>\n<p>Bekir Bozda\u011f&#8217;\u0131n a\u00e7\u0131klamalar\u0131ndan sat\u0131rba\u015flar\u0131:<\/p>\n<p>&#8211; CHP Gn.B\u015fk.Kemal K\u0131l\u0131\u00e7daro\u011flu,Cumhurba\u015fkan\u0131m\u0131z Say\u0131n R.Tayyip Erdo\u011fan,ailesi ve baz\u0131 yak\u0131nlar\u0131 hakk\u0131nda iftirada bulunmu\u015ftur.Hatta bug\u00fcnk\u00fc grup toplant\u0131s\u0131nda halk\u0131 iftiras\u0131na inand\u0131rmak i\u00e7in K\u0131l\u0131\u00e7daro\u011flu,sahte ka\u011f\u0131tlar\u0131 bile kullanm\u0131\u015ft\u0131r.<\/p>\n<p>-K\u0131l\u0131\u00e7daro\u011flu\u2019nun,Cumhurba\u015fkan\u0131m\u0131zSay\u0131n Recep Tayyip Erdo\u011fan,ailesi ve yak\u0131nlar\u0131 hakk\u0131nda s\u00f6ledi\u011fi her\u015fey yaland\u0131r,iftirad\u0131r. K\u0131l\u0131\u00e7daro\u011flu\u2019nun iftiras\u0131n\u0131n do\u011frulu\u011funu \u0131spat i\u00e7in delil olarak g\u00f6sterdi\u011fi ka\u011f\u0131tlar,sahtedir.<\/p>\n<p>-K\u0131l\u0131\u00e7daro\u011flu\u2019nun iddia etti\u011fi \u00fclkedeki \u015firkete asla b\u00f6yle bir para g\u00f6nderilmemi\u015ftir. Ayr\u0131ca, Say\u0131n Mustafa G\u00fcndo\u011fan bir i\u015fadam\u0131 olup, hi\u00e7bir zaman cumhurba\u015fkan\u0131m\u0131z Say\u0131n Recep Tayyip Erdo\u011fan\u2019\u0131n \u00f6zel kalemi olmam\u0131\u015ft\u0131r.<\/p>\n<p>-Alt\u0131n\u0131 \u00e7izerek tekrar s\u00f6yl\u00fcyoruz, ne Say\u0131n Cumhurba\u015fkan\u0131m\u0131z\u0131n ne de ailesinin yurtd\u0131\u015f\u0131nda herhangi bir paras\u0131 bulunmamaktad\u0131r. K\u0131l\u0131\u00e7daro\u011flu,g\u00f6sterdi\u011fi dekontlar\u0131 hem cumhuriyet savc\u0131l\u0131\u011f\u0131na ve hem de medyaya vermelidir ki herkes incelesin\/inceletsin.<\/p>\n<p>-Cumhurba\u015fkan\u0131m\u0131za,ailesine ve yak\u0131nlar\u0131na iftira atan ve itibar suikasti yapan K\u0131l\u0131\u00e7daro\u011flu,iftiras\u0131n\u0131n hesab\u0131n\u0131 yarg\u0131 \u00f6n\u00fcnde verecektir. K\u0131l\u0131\u00e7daro\u011flu, ayr\u0131ca yalan ve iftiralar\u0131n\u0131n hesab\u0131n\u0131 halka verecek;halk\u0131m\u0131z da bu m\u00fcfteriden hesab\u0131 sand\u0131kta soracakt\u0131r.<\/p>\n<p>-Ailesi ve yak\u0131nlar\u0131 \u00fczerinden Cumhurba\u015fkan\u0131m\u0131za hem de iftiralarla sald\u0131rmak,ahlaks\u0131zl\u0131kt\u0131r; namussuzluktur; \u015ferefsizliktir;al\u00e7akl\u0131kt\u0131r. Cumhurba\u015fkan\u0131m\u0131za itibar s\u00fcikasti yapmak i\u00e7in,ailesi ve yak\u0131nlar\u0131na iftira etmek,daha b\u00fcy\u00fck ahlaks\u0131zl\u0131kt\u0131r;namussuzluktur;\u015ferefsizliktir.<\/p>\n<p>-K\u0131l\u0131\u00e7daro\u011flu,bu sahte ka\u011f\u0131tlar\u0131 ve uydurma bilgileri kimden,nerede ve ne zaman ald\u0131\u011f\u0131n\u0131 da a\u00e7\u0131klamal\u0131d\u0131r. Ey K\u0131l\u0131\u00e7daro\u011flu! Sana bu sahte ka\u011f\u0131tlar\u0131 ve uydurma bilgileri bir istihbarat \u00f6rg\u00fct\u00fc m\u00fc,FET\u00d6 m\u00fc yoksa ba\u015fka bir T\u00fcrkiye d\u00fc\u015fman\u0131 m\u0131 verdi? Yoksa bunlar\u0131 sen mi ya da adamlar\u0131n m\u0131 uydurdunuz? Veyahut da seni biri mi kulland\u0131?<\/p>\n","protected":false},"excerpt":{"rendered":"<p>Ba\u015fbakan Yard\u0131mc\u0131s\u0131 Bekir Bozda\u011f, sosyal medya hesab\u0131ndan K\u0131l\u0131\u00e7daro\u011flu&#8217;nun iddialar\u0131yla ilgili a\u00e7\u0131klamalarda bulundu.<\/p>\n","protected":false},"author":8,"featured_media":2212,"comment_status":"open","ping_status":"closed","sticky":false,"template":"","format":"standard","meta":[],"categories":[85],"tags":[],"_links":{"self":[{"href":"https:\/\/www.vizyon2023.com.tr\/index.php\/wp-json\/wp\/v2\/posts\/2211"}],"collection":[{"href":"https:\/\/www.vizyon2023.com.tr\/index.php\/wp-json\/wp\/v2\/posts"}],"about":[{"href":"https:\/\/www.vizyon2023.com.tr\/index.php\/wp-json\/wp\/v2\/types\/post"}],"author":[{"embeddable":true,"href":"https:\/\/www.vizyon2023.com.tr\/index.php\/wp-json\/wp\/v2\/users\/8"}],"replies":[{"embeddable":true,"href":"https:\/\/www.vizyon2023.com.tr\/index.php\/wp-json\/wp\/v2\/comments?post=2211"}],"version-history":[{"count":0,"href":"https:\/\/www.vizyon2023.com.tr\/index.php\/wp-json\/wp\/v2\/posts\/2211\/revisions"}],"wp:featuredmedia":[{"embeddable":true,"href":"https:\/\/www.vizyon2023.com.tr\/index.php\/wp-json\/wp\/v2\/media\/2212"}],"wp:attachment":[{"href":"https:\/\/www.vizyon2023.com.tr\/index.php\/wp-json\/wp\/v2\/media?parent=2211"}],"wp:term":[{"taxonomy":"category","embeddable":true,"href":"https:\/\/www.vizyon2023.com.tr\/index.php\/wp-json\/wp\/v2\/categories?post=2211"},{"taxonomy":"post_tag","embeddable":true,"href":"https:\/\/www.vizyon2023.com.tr\/index.php\/wp-json\/wp\/v2\/tags?post=2211"}],"curies":[{"name":"wp","href":"https:\/\/api.w.org\/{rel}","templated":true}]}}