{"id":2202,"date":"2017-11-29T09:34:03","date_gmt":"2017-11-29T07:34:03","guid":{"rendered":"http:\/\/www.vizyon2023.com.tr\/index.php\/2017\/11\/29\/arslan-ab-ile-her-alanda-isbirligimizi-gelistirmeye-onem-veriyoruz\/"},"modified":"2017-11-29T09:34:03","modified_gmt":"2017-11-29T07:34:03","slug":"arslan-ab-ile-her-alanda-isbirligimizi-gelistirmeye-onem-veriyoruz","status":"publish","type":"post","link":"https:\/\/www.vizyon2023.com.tr\/index.php\/2017\/11\/29\/arslan-ab-ile-her-alanda-isbirligimizi-gelistirmeye-onem-veriyoruz\/","title":{"rendered":"Arslan: AB ile her alanda i\u015fbirli\u011fimizi geli\u015ftirmeye \u00f6nem veriyoruz"},"content":{"rendered":"<p>Ula\u015ft\u0131rma, Denizcilik ve Haberle\u015fme Bakan\u0131 Ahmet Arslan ve AB Komisyonunun Ula\u015ft\u0131rmadan Sorumlu \u00dcyesi Violeta Bulc, Br\u00fcksel&#8217;deki AB Komisyonu binas\u0131nda d\u00fczenlenen &#8220;T\u00fcrkiye-AB Y\u00fcksek D\u00fczeyli Ula\u015ft\u0131rma Diyalo\u011fu&#8221; toplant\u0131s\u0131 sonras\u0131 bas\u0131na a\u00e7\u0131klamalarda bulundu.<\/p>\n<p>T\u00fcrkiye&#8217;nin AB&#8217;ye tam \u00fcyelik hedefine ba\u011fl\u0131l\u0131\u011f\u0131n\u0131 s\u00fcrd\u00fcrd\u00fc\u011f\u00fcne dikkati \u00e7eken Arslan, &#8220;Bu \u00e7er\u00e7evede, Avrupa Birli\u011fi ile her alanda teknik i\u015f birli\u011fimizi geli\u015ftirmeye b\u00fcy\u00fck \u00f6nem veriyoruz. Ula\u015ft\u0131rma sekt\u00f6r\u00fc de bu i\u015f birli\u011finin \u00f6nemli bir alan\u0131d\u0131r. AB, bizim en b\u00fcy\u00fck ticaret orta\u011f\u0131m\u0131zd\u0131r. Bu bak\u0131mdan, T\u00fcrkiye ve AB aras\u0131nda h\u0131zl\u0131 ve emniyetli \u015fekilde i\u015fleyen bir ula\u015ft\u0131rma sistemini vazge\u00e7ilmez olarak g\u00f6r\u00fcyoruz.&#8221; diye konu\u015ftu.<\/p>\n<p>Arslan, toplant\u0131da ula\u015ft\u0131rma alan\u0131ndaki i\u015f birli\u011fini geli\u015ftirmek amac\u0131yla \u00f6nemli konular\u0131n verimli bir bi\u00e7imde ele al\u0131nd\u0131\u011f\u0131na i\u015faret ederek, \u015funlar\u0131 s\u00f6yledi:<\/p>\n<p>&#8220;Trans-Avrupa Ula\u015ft\u0131rma A\u011f\u0131 (TEN-T) ve AB ile mali i\u015f birli\u011fimiz kapsam\u0131nda \u00f6n\u00fcm\u00fczdeki d\u00f6nemin en \u00f6nemli altyap\u0131 projesi Halkal\u0131-Kap\u0131kule Demiryolu projesidir. Bu proje konumu itibariyle Avrupa&#8217;y\u0131 Asya&#8217;ya ba\u011flayan y\u00fcksek standartl\u0131 demiryolu a\u011f\u0131n\u0131n \u00f6nemli bir par\u00e7as\u0131n\u0131 olu\u015fturacak. Bug\u00fcn, bu projenin ba\u015far\u0131yla tamamlanmas\u0131 konusunda gerek T\u00fcrkiye gerekse AB&#8217;nin olduk\u00e7a kararl\u0131 oldu\u011funu g\u00f6rd\u00fck. \u00d6n\u00fcm\u00fczdeki s\u00fcre\u00e7te iki taraf\u0131n bu projeye y\u00f6nelik i\u015f birli\u011fini en \u00fcst d\u00fczeyde s\u00fcrd\u00fcrece\u011fine inan\u0131yorum.&#8221;<\/p>\n<p>T\u00fcrkiye-Bulgaristan s\u0131n\u0131r ge\u00e7i\u015f sorunlar\u0131n\u0131n de\u011ferlendirildi\u011fine dikkati \u00e7eken Arslan, &#8220;T\u00fcrkiye-AB karayolu ve demiryolu s\u0131n\u0131r ge\u00e7i\u015flerinde ta\u015f\u0131mac\u0131l\u0131\u011f\u0131m\u0131z\u0131n etkinli\u011fini azaltan uygulamalar\u0131 da ele ald\u0131k. Bu \u00e7er\u00e7evede al\u0131nan teknik ve idari \u00f6nlemleri g\u00f6r\u00fc\u015ft\u00fck. T\u00fcrkiye-Bulgaristan s\u0131n\u0131r\u0131ndaki ge\u00e7i\u015fleri iyile\u015ftirmek i\u00e7in ortak bir \u00e7al\u0131\u015fma grubu olu\u015fturmaya da karar verdik.&#8221; ifadesini kulland\u0131.<\/p>\n<p>Bakan Arslan, toplant\u0131n\u0131n en \u00f6nemli g\u00fcndem maddelerinden birinin de karayolu trafik g\u00fcvenli\u011fi oldu\u011funu, Trafikte Y\u00fczde 100 Ya\u015fam projesi gibi \u00e7e\u015fitli \u00e7al\u0131\u015fmalar hakk\u0131nda g\u00f6r\u00fc\u015ft\u00fcklerini dile getirdi.<\/p>\n<p><strong>Hava Ta\u015f\u0131mac\u0131l\u0131\u011f\u0131 Anla\u015fmas\u0131<\/strong><\/p>\n<p>Toplant\u0131da, T\u00fcrkiye-AB Kapsaml\u0131 Havac\u0131l\u0131k M\u00fczakereleri hususunda da g\u00f6r\u00fc\u015f al\u0131\u015fveri\u015finde bulunduklar\u0131n\u0131 vurgulayan Arslan, &#8220;Bu anla\u015fma iki taraf i\u00e7in de olduk\u00e7a \u00f6nemli ekonomik kazan\u0131mlar sa\u011flayacakt\u0131r. M\u00fczakereler, mevcut durumda olduk\u00e7a yap\u0131c\u0131 bir \u015fekilde ilerliyor. Bu yap\u0131c\u0131 zeminin devaml\u0131l\u0131\u011f\u0131 i\u00e7in, havac\u0131l\u0131k m\u00fczakerelerinin teknik konulara odaklanmaya devam etmesinin ve siyasi sorunlar\u0131n s\u00fcrece kar\u0131\u015ft\u0131r\u0131lmamas\u0131n\u0131n \u00f6nemini Say\u0131n Bulc nezdinde bir kez daha vurgulad\u0131m.&#8221; de\u011ferlendirmesinde bulundu.<\/p>\n<p>Bakan Arslan, Bulc\u2019u 2018&#8217;in ilk yar\u0131s\u0131nda faaliyete ge\u00e7irilmesi planlanan T\u00fcrk Sivil Havac\u0131l\u0131k Akademisi&#8217;nin a\u00e7\u0131l\u0131\u015f\u0131na davet etti\u011fini s\u00f6yledi.<\/p>\n<p><strong>Avrupa yollar\u0131nda \u00fccretler<\/strong><\/p>\n<p>Toplant\u0131da, baz\u0131 AB \u00fcyesi devletlerin T\u00fcrk karayolu ta\u015f\u0131y\u0131c\u0131lar\u0131na uygulad\u0131\u011f\u0131 G\u00fcmr\u00fck Birli\u011fi&#8217;ne ayk\u0131r\u0131 vergi ve \u00fccret uygulamalar\u0131ndan duyulan rahats\u0131zl\u0131\u011fa dikkat \u00e7ekti\u011fini s\u00f6yleyen Arslan, &#8220;Bu \u00e7er\u00e7evede Avrupa Birli\u011fi Adalet Divan\u0131&#8217;n\u0131n, bizim g\u00f6r\u00fc\u015flerimizi teyit eden karar\u0131n\u0131 da g\u00f6r\u00fc\u015ft\u00fck. Komisyonun, G\u00fcmr\u00fck Birli\u011fi hukukumuz ve AB m\u00fcktesebat\u0131 \u00e7er\u00e7evesinde bu konuda en k\u0131sa zamanda uygun idari ve hukuki \u00f6nlemleri almak \u00fczere gerekli giri\u015fimleri ba\u015flataca\u011f\u0131n\u0131 d\u00fc\u015f\u00fcn\u00fcyorum.&#8221; ifadesini kulland\u0131.<\/p>\n<p><strong>Ege&#8217;deki uygulamalar<\/strong><\/p>\n<p>Arslan, denizcilik konular\u0131na da de\u011findiklerini belirterek, Yunanistan&#8217;\u0131n Ege Denizi&#8217;ndeki turizmi olumsuz etkileyen baz\u0131 uygulamalar\u0131n\u0131 ele ald\u0131klar\u0131n\u0131 ifade etti.<\/p>\n<p>Ayr\u0131ca ulusal klaslama kurulu\u015fu olan T\u00fcrk Loydu&#8217;nun AB taraf\u0131ndan tan\u0131nmas\u0131 s\u00fcrecinin ve T\u00fcrkiye&#8217;nin Avrupa Trafik Polisleri A\u011f\u0131&#8217;na (TISPOL) \u00fcyeli\u011finin g\u00f6r\u00fc\u015f\u00fcld\u00fc\u011f\u00fcn\u00fc belirten Arslan, TISPOL&#8217;e \u00fcyeli\u011fin hem T\u00fcrkiye hem de AB a\u00e7\u0131s\u0131ndan son derece yararl\u0131 olaca\u011f\u0131n\u0131 ifade etti.<\/p>\n<p>Bakan Arslan, T\u00fcrkiye-AB \u00dcst D\u00fczeyli Diyalog toplant\u0131lar\u0131n\u0131n \u00f6n\u00fcm\u00fczdeki d\u00f6nemde d\u00fczenli olarak devam etmesi konusunda g\u00f6r\u00fc\u015f birli\u011fi oldu\u011funa i\u015faret ederek, &#8220;\u0130nan\u0131yorum ki, Say\u0131n Bulc ile birlikte ivme kazand\u0131rd\u0131\u011f\u0131m\u0131z bu s\u00fcre\u00e7 ula\u015ft\u0131rma alan\u0131nda T\u00fcrkiye-AB ili\u015fkilerine \u00f6nemli katk\u0131lar sa\u011flayacakt\u0131r.&#8221; dedi.<\/p>\n<p><strong>&#8220;T\u00fcrkiye-AB aras\u0131nda ula\u015ft\u0131rmada yeni ivme yakaland\u0131&#8221;<\/strong><\/p>\n<p>AB Komisyonunun Ula\u015ft\u0131rmadan Sorumlu \u00dcyesi Bulc da, &#8220;T\u00fcrkiye ve AB aras\u0131nda ula\u015ft\u0131rma alan\u0131nda yeni bir ivme yakaland\u0131.&#8221; vurgusunu yapt\u0131.<\/p>\n<p>Temmuz ay\u0131nda Ankara ve \u0130stanbul&#8217;a d\u00fczenledi\u011fi ziyaretler s\u0131ras\u0131nda T\u00fcrkiye ve AB aras\u0131ndaki Y\u00fcksek D\u00fczeyli Ula\u015ft\u0131rma Diyalo\u011fu&#8217;nun tekrar ba\u015flat\u0131lmas\u0131 karar\u0131 ald\u0131klar\u0131n\u0131 aktaran Bulc, taraflar\u0131n ula\u015ft\u0131rma alan\u0131nda i\u015f birli\u011fini geli\u015ftirmek istedikleri alanlar hakk\u0131nda g\u00f6r\u00fc\u015fmeler ger\u00e7ekle\u015ftirdiklerini bildirdi.<\/p>\n<p>Altyap\u0131 \u00e7al\u0131\u015fmalar\u0131 hakk\u0131nda g\u00f6r\u00fc\u015f al\u0131\u015fveri\u015finde bulunduklar\u0131n\u0131 aktaran Bulc, T\u00fcrkiye ve AB aras\u0131nda ula\u015f\u0131m\u0131 kolayla\u015ft\u0131rmaya y\u00f6nelik projeleri, \u00f6zellikle de Avrupa ve Asya&#8217;y\u0131 T\u00fcrkiye \u00fczerinden birbirine ba\u011flama alan\u0131nda katk\u0131 sa\u011flayacak olan Halkal\u0131-Kap\u0131kule demiryolunun tamamlanmas\u0131n\u0131n AB taraf\u0131ndan memnuniyetle kar\u015f\u0131land\u0131\u011f\u0131n\u0131 ifade etti.<\/p>\n<p>Bulc, iki taraf\u0131n da \u00f6nem verdi\u011fi di\u011fer bir konunun karayolu trafik g\u00fcvenli\u011fi oldu\u011funu belirterek, &#8220;Karayolu kazalar\u0131 nedeniyle meydana gelen hayat kayb\u0131 hem AB i\u00e7in hem de T\u00fcrkiye i\u00e7in adeta bir salg\u0131n hastal\u0131k niteli\u011finde.&#8221; a\u00e7\u0131klamas\u0131nda bulundu.<\/p>\n<p>Ba\u015fbakan Binali Y\u0131ld\u0131r\u0131m&#8217;\u0131n himayelerinde, AB&#8217;nin de maddi katk\u0131 sa\u011flad\u0131\u011f\u0131 karayolu kazalar\u0131n\u0131 s\u0131f\u0131ra d\u00fc\u015f\u00fcrmeyi ama\u00e7layan \u2018Trafikte Y\u00fczde 100 Ya\u015fam Projesi\u2019nin a\u00e7\u0131l\u0131\u015f\u0131na da kat\u0131ld\u0131\u011f\u0131n\u0131 hat\u0131rlatan Bulc, T\u00fcrk polisinin Avrupa Trafik Polisleri A\u011f\u0131&#8217;na kat\u0131lmak i\u00e7in ba\u015fvuruda bulunmas\u0131n\u0131 memnuniyetle kar\u015f\u0131lad\u0131\u011f\u0131n\u0131 kaydetti.<\/p>\n<p>Bulc, havac\u0131l\u0131k alan\u0131nda i\u015f birli\u011fi konular\u0131n\u0131 da g\u00f6r\u00fc\u015ft\u00fcklerini, Kapsaml\u0131 Havac\u0131l\u0131k Anla\u015fmas\u0131&#8217;na ili\u015fkin m\u00fczakerelerin olumlu bir \u015fekilde devam etti\u011fini, anla\u015fman\u0131n imzalanmas\u0131 durumunda y\u0131ll\u0131k 5 milyar avro kazan\u0131mla birlikte bilet fiyatlar\u0131nda yakla\u015f\u0131k y\u00fczde 50 d\u00fc\u015f\u00fc\u015f ve yakla\u015f\u0131k 48 bin ki\u015fiye istihdam sa\u011flayaca\u011f\u0131n\u0131 kaydetti.<\/p>\n<p>Gelecekte d\u00fczenlenecek toplant\u0131lar i\u00e7in de bir yol haritas\u0131 belirlediklerini s\u00f6yleyen Bulc, &#8220;Bu olumlu g\u00fcndem \u00fczerinden hareket etmeyi planl\u0131yoruz.&#8221; diye konu\u015ftu.<\/p>\n<p>Kaynak: AA<\/p>\n","protected":false},"excerpt":{"rendered":"<p>Ula\u015ft\u0131rma, Denizcilik ve Haberle\u015fme Bakan\u0131 Arslan, &#8220;Avrupa Birli\u011fi ile her alanda teknik i\u015f birli\u011fimizi geli\u015ftirmeye b\u00fcy\u00fck \u00f6nem veriyoruz.&#8221; dedi.<\/p>\n","protected":false},"author":8,"featured_media":2203,"comment_status":"open","ping_status":"closed","sticky":false,"template":"","format":"standard","meta":[],"categories":[85],"tags":[],"_links":{"self":[{"href":"https:\/\/www.vizyon2023.com.tr\/index.php\/wp-json\/wp\/v2\/posts\/2202"}],"collection":[{"href":"https:\/\/www.vizyon2023.com.tr\/index.php\/wp-json\/wp\/v2\/posts"}],"about":[{"href":"https:\/\/www.vizyon2023.com.tr\/index.php\/wp-json\/wp\/v2\/types\/post"}],"author":[{"embeddable":true,"href":"https:\/\/www.vizyon2023.com.tr\/index.php\/wp-json\/wp\/v2\/users\/8"}],"replies":[{"embeddable":true,"href":"https:\/\/www.vizyon2023.com.tr\/index.php\/wp-json\/wp\/v2\/comments?post=2202"}],"version-history":[{"count":0,"href":"https:\/\/www.vizyon2023.com.tr\/index.php\/wp-json\/wp\/v2\/posts\/2202\/revisions"}],"wp:featuredmedia":[{"embeddable":true,"href":"https:\/\/www.vizyon2023.com.tr\/index.php\/wp-json\/wp\/v2\/media\/2203"}],"wp:attachment":[{"href":"https:\/\/www.vizyon2023.com.tr\/index.php\/wp-json\/wp\/v2\/media?parent=2202"}],"wp:term":[{"taxonomy":"category","embeddable":true,"href":"https:\/\/www.vizyon2023.com.tr\/index.php\/wp-json\/wp\/v2\/categories?post=2202"},{"taxonomy":"post_tag","embeddable":true,"href":"https:\/\/www.vizyon2023.com.tr\/index.php\/wp-json\/wp\/v2\/tags?post=2202"}],"curies":[{"name":"wp","href":"https:\/\/api.w.org\/{rel}","templated":true}]}}