{"id":2200,"date":"2017-11-29T09:33:09","date_gmt":"2017-11-29T07:33:09","guid":{"rendered":"http:\/\/www.vizyon2023.com.tr\/index.php\/2017\/11\/29\/erdogan-ailesinin-avukati-kilicdaroglunun-iddialarinin-tamami-yalan\/"},"modified":"2017-11-29T09:33:09","modified_gmt":"2017-11-29T07:33:09","slug":"erdogan-ailesinin-avukati-kilicdaroglunun-iddialarinin-tamami-yalan","status":"publish","type":"post","link":"https:\/\/www.vizyon2023.com.tr\/index.php\/2017\/11\/29\/erdogan-ailesinin-avukati-kilicdaroglunun-iddialarinin-tamami-yalan\/","title":{"rendered":"Erdo\u011fan ailesinin avukat\u0131: K\u0131l\u0131\u00e7daro\u011flu&#8217;nun iddialar\u0131n\u0131n tamam\u0131 yalan"},"content":{"rendered":"<p>Cumhurba\u015fkan\u0131 Recep Tayyip Erdo\u011fan&#8217;\u0131n aile avukat\u0131 Ahmet \u00d6zel, CHP Genel Ba\u015fkan\u0131 Kemal K\u0131l\u0131\u00e7daro\u011flu&#8217;nun grup toplant\u0131s\u0131ndaki iddialar\u0131n\u0131 yalanlayarak, &#8220;K.K. taraf\u0131ndan m\u00fcvekkillerim hakk\u0131nda ileri s\u00fcr\u00fclen iddialar\u0131n tamam\u0131 yalan, g\u00f6sterdi\u011fi ka\u011f\u0131tlar\u0131n da tamam\u0131 sahtedir. K\u0131l\u0131\u00e7daro\u011flu, s\u00f6z konusu ka\u011f\u0131tlar\u0131 mesai bitimine kadar derhal bir Cumhuriyet savc\u0131l\u0131\u011f\u0131na vermeli ve su\u00e7 duyurusunda bulunmal\u0131d\u0131r.&#8221; ifadelerini kulland\u0131.<\/p>\n<p>Cumhurba\u015fkan\u0131 Erdo\u011fan&#8217;\u0131n yan\u0131 s\u0131ra o\u011flu Ahmet Burak Erdo\u011fan, karde\u015fi Mustafa Erdo\u011fan, eni\u015ftesi Ziya \u0130lgen, d\u00fcn\u00fcr\u00fc Osman Ketenci, i\u015f adam\u0131 Mustafa G\u00fcndo\u011fan&#8217;\u0131n da avukat\u0131 olarak K\u0131l\u0131\u00e7daro\u011flu&#8217;nun partisinin grup toplant\u0131s\u0131ndaki iddialar\u0131na yaz\u0131l\u0131 a\u00e7\u0131klamayla cevap verdi.<\/p>\n<p>A\u00e7\u0131klamada, K\u0131l\u0131\u00e7daro\u011flu&#8217;nun, bug\u00fcn partisinin grup toplant\u0131s\u0131nda m\u00fcvekkilleri Cumhurba\u015fkan\u0131 Erdo\u011fan&#8217;\u0131n yak\u0131nlar\u0131n\u0131n yurt d\u0131\u015f\u0131ndaki bir \u015firkete para g\u00f6nderdi\u011fini \u00f6ne s\u00fcrd\u00fc\u011f\u00fc ve belge oldu\u011funu iddia etti\u011fi baz\u0131 ka\u011f\u0131tlar\u0131 da grup k\u00fcrs\u00fcs\u00fcnden g\u00f6sterdi\u011fi belirtildi.<\/p>\n<p><strong>A\u00e7\u0131klamada, \u015funlar kaydedildi:<\/strong><\/p>\n<p>&#8220;K.K. taraf\u0131ndan m\u00fcvekkillerim hakk\u0131nda ileri s\u00fcr\u00fclen iddialar\u0131n tamam\u0131 yalan, g\u00f6sterdi\u011fi ka\u011f\u0131tlar\u0131n da tamam\u0131 sahtedir. K\u0131l\u0131\u00e7daro\u011flu, g\u00f6sterdi\u011fi ka\u011f\u0131tlar\u0131 derhal kamuoyuyla payla\u015fmal\u0131d\u0131r. Ayr\u0131ca Say\u0131n Mustafa G\u00fcndo\u011fan bir i\u015f adam\u0131 olup, hi\u00e7bir zaman Say\u0131n Cumhurba\u015fkan\u0131m\u0131z\u0131n \u00f6zel kalemi olmam\u0131\u015ft\u0131r. Yine ayr\u0131ca K.K, s\u00f6z konusu ka\u011f\u0131tlar\u0131 bug\u00fcn mesai bitimine kadar derhal bir Cumhuriyet savc\u0131l\u0131\u011f\u0131na vermeli ve su\u00e7 duyurusunda bulunmal\u0131d\u0131r.<\/p>\n<p>M\u00fcvekkillerimiz taraf\u0131ndan iddia edilen \u00fclkede, iddia edilen \u015firkete asla \u00f6yle bir para g\u00f6nderilmemi\u015ftir. CHP Genel Ba\u015fkan\u0131 K.K, belli ki kendisini o makama getiren FET\u00d6&#8217;ye diyet borcunu \u00f6deme gayreti i\u00e7indedir. FET\u00d6 taraf\u0131ndan eline tutu\u015fturulan ka\u011f\u0131tlar\u0131 daha \u00f6nce de sallayan ve ka\u011f\u0131tlar sahte \u00e7\u0131k\u0131nca y\u00fcz\u00fc k\u0131zarmayan K\u0131l\u0131\u00e7daro\u011flu, \u015fimdi yeni bir skandala imza atm\u0131\u015ft\u0131r. K.K, bir kez daha FET\u00d6 taraf\u0131ndan tuza\u011fa d\u00fc\u015f\u00fcr\u00fclm\u00fc\u015f ve rezil edilmi\u015ftir. Tekrar ediyoruz: K\u0131l\u0131\u00e7daro\u011flu, elindeki ka\u011f\u0131tlar\u0131 derhal istedi\u011fi medya kurulu\u015funa vermeli, Cumhuriyet savc\u0131l\u0131\u011f\u0131na iletmeli ve su\u00e7 duyurusunda bulunmal\u0131d\u0131r. Tekrar alt\u0131n\u0131 \u00e7izerek s\u00f6yl\u00fcyoruz ne Say\u0131n Cumhurba\u015fkan\u0131m\u0131z\u0131n ne de ailesinin yurt d\u0131\u015f\u0131nda herhangi bir paras\u0131 bulunmamaktad\u0131r. Sahte belge ve bilgilerle m\u00fcvekkillerimiz \u00fczerinden Say\u0131n Cumhurba\u015fkan\u0131m\u0131z hakk\u0131nda iftiralarda bulunan ve itibar suikast\u0131 yapan K.K. hakk\u0131nda yasal yollara ba\u015fvurulacak ve iftiralar\u0131n hesab\u0131 yarg\u0131 \u00f6n\u00fcnde sorulacakt\u0131r.&#8221;<\/p>\n<p>AA<\/p>\n","protected":false},"excerpt":{"rendered":"<p>Avukat Ahmet \u00d6zel, K\u0131l\u0131\u00e7daro\u011flu&#8217;nun iddialar\u0131na ili\u015fkin, &#8220;\u0130ddialar\u0131n tamam\u0131 yalan, g\u00f6sterdi\u011fi ka\u011f\u0131tlar\u0131n da tamam\u0131 sahtedir.&#8221; dedi.<\/p>\n","protected":false},"author":8,"featured_media":2201,"comment_status":"open","ping_status":"closed","sticky":false,"template":"","format":"standard","meta":[],"categories":[85],"tags":[],"_links":{"self":[{"href":"https:\/\/www.vizyon2023.com.tr\/index.php\/wp-json\/wp\/v2\/posts\/2200"}],"collection":[{"href":"https:\/\/www.vizyon2023.com.tr\/index.php\/wp-json\/wp\/v2\/posts"}],"about":[{"href":"https:\/\/www.vizyon2023.com.tr\/index.php\/wp-json\/wp\/v2\/types\/post"}],"author":[{"embeddable":true,"href":"https:\/\/www.vizyon2023.com.tr\/index.php\/wp-json\/wp\/v2\/users\/8"}],"replies":[{"embeddable":true,"href":"https:\/\/www.vizyon2023.com.tr\/index.php\/wp-json\/wp\/v2\/comments?post=2200"}],"version-history":[{"count":0,"href":"https:\/\/www.vizyon2023.com.tr\/index.php\/wp-json\/wp\/v2\/posts\/2200\/revisions"}],"wp:featuredmedia":[{"embeddable":true,"href":"https:\/\/www.vizyon2023.com.tr\/index.php\/wp-json\/wp\/v2\/media\/2201"}],"wp:attachment":[{"href":"https:\/\/www.vizyon2023.com.tr\/index.php\/wp-json\/wp\/v2\/media?parent=2200"}],"wp:term":[{"taxonomy":"category","embeddable":true,"href":"https:\/\/www.vizyon2023.com.tr\/index.php\/wp-json\/wp\/v2\/categories?post=2200"},{"taxonomy":"post_tag","embeddable":true,"href":"https:\/\/www.vizyon2023.com.tr\/index.php\/wp-json\/wp\/v2\/tags?post=2200"}],"curies":[{"name":"wp","href":"https:\/\/api.w.org\/{rel}","templated":true}]}}