{"id":2159,"date":"2017-11-27T18:36:32","date_gmt":"2017-11-27T16:36:32","guid":{"rendered":"http:\/\/www.vizyon2023.com.tr\/index.php\/2017\/11\/27\/cumhurbaskani-erdogan-birilerinin-faizle-ilgili-goruslerine-katilmiyorum\/"},"modified":"2017-11-27T18:36:32","modified_gmt":"2017-11-27T16:36:32","slug":"cumhurbaskani-erdogan-birilerinin-faizle-ilgili-goruslerine-katilmiyorum","status":"publish","type":"post","link":"https:\/\/www.vizyon2023.com.tr\/index.php\/2017\/11\/27\/cumhurbaskani-erdogan-birilerinin-faizle-ilgili-goruslerine-katilmiyorum\/","title":{"rendered":"Cumhurba\u015fkan\u0131 Erdo\u011fan: Birilerinin faizle ilgili g\u00f6r\u00fc\u015flerine kat\u0131lm\u0131yorum"},"content":{"rendered":"<p>Cumhurba\u015fkan\u0131 ve AK Parti Genel Ba\u015fkan\u0131 Recep Tayyip Erdo\u011fan, ATO Congresium&#8217;da ATO \u00d6d\u00fcl T\u00f6reni&#8217;nde konu\u015ftu.<\/p>\n<p>Cumhurba\u015fkan\u0131 Erdo\u011fan&#8217;\u0131n konu\u015fmas\u0131n\u0131n sat\u0131rba\u015flar\u0131 \u015f\u00f6yle;<\/p>\n<p>Ekonominin g\u00fc\u00e7lenmesinde devlet politikalar\u0131 \u00e7ok \u00f6nemli. G\u00fc\u00e7l\u00fc ekonomi g\u00fc\u00e7l\u00fc devlet demektir. Siyaset her alanda oldu\u011fu gibi ekonomi konusunda da belirleyicidir.Ekonomi as\u0131l g\u00fcc\u00fcn\u00fc milletten al\u0131r.<\/p>\n<p>Sadece yer alt\u0131 ve yer \u00fcst\u00fc zenginlikleri de\u011fil ayn\u0131 zamanda insan kaynaklar\u0131yla da s\u00f6m\u00fcr\u00fclen k\u0131talar\u0131n asli sahipleri hala toparlanabilmi\u015f de\u011fil.<\/p>\n<p>Bizde s\u00f6m\u00fcr\u00fc olmam\u0131\u015ft\u0131r, tam tersi ihya etme anlay\u0131\u015f\u0131 vard\u0131r. Gaza k\u00fclt\u00fcr\u00fcyle fethettik ama hi\u00e7bir zaman s\u00f6m\u00fcrgeci olmad\u0131k.<\/p>\n<p>S\u00f6m\u00fcrge d\u00fczeni bir g\u00fcn \u00e7\u00f6kecek ama bizi bin y\u0131ld\u0131r ayakta tutan k\u00fclt\u00fcr\u00fcm\u00fcz\u00fcn g\u00fcc\u00fc devam edecek.<\/p>\n<p>\u00dclkemiz ekonomisinin bir gece yerle yeksan oldu\u011fu, d\u00f6vizin 5-10 kat artt\u0131\u011f\u0131 g\u00fcnlerden buralara geldik, \u015fu anda biz g\u00fc\u00e7l\u00fcy\u00fcz.2017 b\u00fcy\u00fcmesinin %7 olmas\u0131 kimseyi \u015fa\u015f\u0131rtmayacakt\u0131r.<\/p>\n<p><strong>T\u00fcm zamanlar\u0131n rekorunu k\u0131raca\u011f\u0131z<\/strong><\/p>\n<p>Y\u0131l bitti\u011finde san\u0131r\u0131m t\u00fcm zamanlar\u0131n b\u00fcy\u00fcme rekorunu k\u0131raca\u011f\u0131z. Hedefimiz 10 b\u00fcy\u00fck ekonomi aras\u0131na girmektir, bunun i\u00e7in ekonomimizi ikiye katlamam\u0131z yeterlidir.<\/p>\n<p>#SONDAK\u0130KA<\/p>\n<p>Cumhurba\u015fkan\u0131 Erdo\u011fan: Yat\u0131r\u0131mlarda y\u0131l bitti\u011finde t\u00fcm zamanlar\u0131n rekorunu k\u0131rm\u0131\u015f olaca\u011f\u0131z.https:\/\/t.co\/kxlpMj3a8j pic.twitter.com\/3EeOvjExCH<\/p>\n<p>\u2014 TRT Haber Canl\u0131 (@trthabercanli) 27 Kas\u0131m 2017<\/p>\n<p><strong>Kad\u0131n ve gen\u00e7lerin i\u015fg\u00fcc\u00fcne kat\u0131l\u0131m\u0131 bizi g\u00fc\u00e7l\u00fc k\u0131lar<\/strong><\/p>\n<p>Kad\u0131nlar\u0131n ve gen\u00e7lerin i\u015fg\u00fcc\u00fcne kat\u0131l\u0131m\u0131 \u00f6yle y\u00fcksek seviyelere ula\u015ft\u0131 ki i\u015fsizlik oran\u0131n\u0131 hedefledi\u011fimiz d\u00fczeye \u00e7\u0131karamad\u0131k. Kad\u0131nlar\u0131n ve gen\u00e7lerin i\u015fg\u00fcc\u00fcne kat\u0131l\u0131m\u0131n\u0131n y\u00fckselmesi bizi daha da g\u00fc\u00e7l\u00fc k\u0131lar. Bizim g\u00f6revimiz, daha \u00e7ok istihdam sa\u011flayacak politikalar geli\u015ftirmek.Mesela ihracat son g\u00fcnlerde \u00e7ok g\u00fczel haberler ald\u0131\u011f\u0131m\u0131z ba\u015fka bir alan. Ya\u015fanan olumsuzluklar sebebi ile 143 milyar dolara kadar geriledi. Bir rekora do\u011fru gidiyoruz. Ekim ay\u0131 itibar\u0131yla 15 milyar dolarl\u0131k art\u0131\u015fla 154.2 milyar dolar\u0131 buldu.<\/p>\n<p><strong>Birilerinin faizle ilgili g\u00f6r\u00fc\u015flerine kat\u0131lm\u0131yorum<\/strong><\/p>\n<p>T\u00fcrkiye&#8217;nin ge\u00e7ti\u011fimiz 15 y\u0131l\u0131 milletimizle el ele vererek \u00fclkemizi her alanda hizmetlerle donatt\u0131\u011f\u0131m\u0131z bir d\u00f6nem oldu. Bug\u00fcn d\u00f6viz 3 kuru\u015f y\u00fckseldi akaryak\u0131t iki kuru\u015f artt\u0131 diye karalar ba\u011flayanlar ancak 15-20 y\u0131l \u00f6ncesinin T\u00fcrkiyesini bilmeyenler olabilir. \u00dclkemizin ekonomisinin bir gecede yerle yeksan oldu\u011fu d\u00f6vizin 3-5 kuru\u015f de\u011fil 5-10 kat birden artt\u0131\u011f\u0131 g\u00fcnlerden buralara geldik. Kur \u015f\u00f6yle artt\u0131 b\u00f6yle artt\u0131 b\u00fct\u00fcn bunlar\u0131 konu\u015fuyorsunuz da 1 dolar\u0131n 7 bin 500 liralara \u00e7\u0131kt\u0131\u011f\u0131 g\u00fcnleri niye konu\u015fmuyorsunuz? \u00d6zellikle kapasite kullan\u0131m oranlar\u0131n\u0131n y\u00fczde 80&#8217;i bularak son 10 y\u0131l\u0131n zirvesine \u00e7\u0131kmas\u0131 \u00fcretimdeki art\u0131\u015f\u0131n ve b\u00fcy\u00fcme e\u011filiminin s\u00fcrd\u00fc\u011f\u00fcne i\u015faret ediyor. D\u00f6viz kurlar\u0131ndaki suni \u015fi\u015fkinli\u011fin \u00f6n\u00fcm\u00fczdeki g\u00fcnlerde kalkaca\u011f\u0131na inan\u0131yorum. Faizler ekonomide en \u00e7ok rahats\u0131z oldu\u011fum konu, birilerinin faizle ilgili g\u00f6r\u00fc\u015flerine kat\u0131lm\u0131yorum.<\/p>\n<p>Ne ter\u00f6r \u00f6rg\u00fctleriyle dize getiriliriz ne de silah gibi kullan\u0131lan ekonomik \u015fantajlara boyun e\u011feriz, bu millete kefen bi\u00e7enin sonu hep h\u00fcsran olmu\u015ftur \u00f6yle de olacakt\u0131r.<\/p>\n<p>Bu milletin mayas\u0131 sa\u011flam oldu\u011fu gibi ihanet tohumlar\u0131 da bizde k\u00f6k salamaz. Milletimiz kimin ne oldu\u011funu bir bak\u0131\u015fta anlar. \u0130n\u015fallah \u015fimdi aynen o dev projelerle o \u00e7\u0131lg\u0131n projelerle yolumuza devam. \u0130stanbul&#8217;da Kanal \u0130stanbul bitme noktas\u0131na geldi art\u0131k ihale a\u015famas\u0131nda. \u0130n\u015fallah Ankaram\u0131zda da benzer projelerle&#8230; Fuar alan\u0131 meselesini de in\u015fallah bu d\u00f6nemde bitirece\u011fiz.<\/p>\n<p>TRT Haber<\/p>\n","protected":false},"excerpt":{"rendered":"<p>Cumhurba\u015fkan\u0131 ve AK Parti Genel Ba\u015fkan\u0131 Recep Tayyip Erdo\u011fan, ATO Congresium&#8217;da ATO \u00d6d\u00fcl T\u00f6reni&#8217;nde konu\u015ftu.<\/p>\n","protected":false},"author":8,"featured_media":2160,"comment_status":"open","ping_status":"closed","sticky":false,"template":"","format":"standard","meta":[],"categories":[85],"tags":[],"_links":{"self":[{"href":"https:\/\/www.vizyon2023.com.tr\/index.php\/wp-json\/wp\/v2\/posts\/2159"}],"collection":[{"href":"https:\/\/www.vizyon2023.com.tr\/index.php\/wp-json\/wp\/v2\/posts"}],"about":[{"href":"https:\/\/www.vizyon2023.com.tr\/index.php\/wp-json\/wp\/v2\/types\/post"}],"author":[{"embeddable":true,"href":"https:\/\/www.vizyon2023.com.tr\/index.php\/wp-json\/wp\/v2\/users\/8"}],"replies":[{"embeddable":true,"href":"https:\/\/www.vizyon2023.com.tr\/index.php\/wp-json\/wp\/v2\/comments?post=2159"}],"version-history":[{"count":0,"href":"https:\/\/www.vizyon2023.com.tr\/index.php\/wp-json\/wp\/v2\/posts\/2159\/revisions"}],"wp:featuredmedia":[{"embeddable":true,"href":"https:\/\/www.vizyon2023.com.tr\/index.php\/wp-json\/wp\/v2\/media\/2160"}],"wp:attachment":[{"href":"https:\/\/www.vizyon2023.com.tr\/index.php\/wp-json\/wp\/v2\/media?parent=2159"}],"wp:term":[{"taxonomy":"category","embeddable":true,"href":"https:\/\/www.vizyon2023.com.tr\/index.php\/wp-json\/wp\/v2\/categories?post=2159"},{"taxonomy":"post_tag","embeddable":true,"href":"https:\/\/www.vizyon2023.com.tr\/index.php\/wp-json\/wp\/v2\/tags?post=2159"}],"curies":[{"name":"wp","href":"https:\/\/api.w.org\/{rel}","templated":true}]}}