{"id":2153,"date":"2017-11-27T09:15:59","date_gmt":"2017-11-27T07:15:59","guid":{"rendered":"http:\/\/www.vizyon2023.com.tr\/index.php\/2017\/11\/27\/basbakan-yildirim-bugun-ingiltereye-gidiyor\/"},"modified":"2017-11-27T09:15:59","modified_gmt":"2017-11-27T07:15:59","slug":"basbakan-yildirim-bugun-ingiltereye-gidiyor","status":"publish","type":"post","link":"https:\/\/www.vizyon2023.com.tr\/index.php\/2017\/11\/27\/basbakan-yildirim-bugun-ingiltereye-gidiyor\/","title":{"rendered":"Ba\u015fbakan Y\u0131ld\u0131r\u0131m bug\u00fcn \u0130ngiltere&#8217;ye gidiyor"},"content":{"rendered":"<p>Ba\u015fbakan&#8217;\u0131n \u0130ngiliz mevkida\u015f\u0131 Theresa May ile yapaca\u011f\u0131 g\u00f6r\u00fc\u015fmelerde, iki \u00fclke aras\u0131ndaki siyasi, ekonomik, g\u00fcvenlik, savunma gibi konularda i\u015fbirli\u011finin geli\u015ftirilmesi ele al\u0131nacak.<\/p>\n<p>Ba\u015fbakanl\u0131k&#8217;tan yap\u0131lan yaz\u0131l\u0131 a\u00e7\u0131klamaya g\u00f6re g\u00f6r\u00fc\u015fmede Suriye ve Irak&#8217;taki durum ba\u015fta olmak \u00fczere b\u00f6lgesel meseleler de ele al\u0131nacak.<\/p>\n<p>K\u0131br\u0131s, Avrupa Birli\u011fi ile ili\u015fkiler ve ter\u00f6rle ortak m\u00fccadele konular\u0131 da masada olacak.<\/p>\n<p>Ba\u015fbakan Binali Y\u0131ld\u0131r\u0131m, \u0130ngiltere&#8217;nin \u00f6nde gelen i\u015f \u00e7evreleri ve yat\u0131r\u0131mc\u0131larla da bulu\u015facak.<\/p>\n<p>Uluslararas\u0131 Denizcilik \u00d6rg\u00fct\u00fc&#8217;nde temaslarda bulunacak.<\/p>\n<p>Y\u0131ld\u0131rm ve beraberindeki heyet bug\u00fcn saat 14.00&#8217;da \u0130ngiltere&#8217;ye hareket edecek.<\/p>\n<p>Kaynak: TRTHABER<\/p>\n","protected":false},"excerpt":{"rendered":"<p>Ba\u015fbakan Binali Y\u0131ld\u0131r\u0131m, bug\u00fcn \u0130ngiltere&#8217;ye gidiyor. G\u00fcndemde ikili ili\u015fkiler ve b\u00f6lgedeki geli\u015fmeler var.<\/p>\n","protected":false},"author":8,"featured_media":2154,"comment_status":"open","ping_status":"closed","sticky":false,"template":"","format":"standard","meta":[],"categories":[58],"tags":[],"_links":{"self":[{"href":"https:\/\/www.vizyon2023.com.tr\/index.php\/wp-json\/wp\/v2\/posts\/2153"}],"collection":[{"href":"https:\/\/www.vizyon2023.com.tr\/index.php\/wp-json\/wp\/v2\/posts"}],"about":[{"href":"https:\/\/www.vizyon2023.com.tr\/index.php\/wp-json\/wp\/v2\/types\/post"}],"author":[{"embeddable":true,"href":"https:\/\/www.vizyon2023.com.tr\/index.php\/wp-json\/wp\/v2\/users\/8"}],"replies":[{"embeddable":true,"href":"https:\/\/www.vizyon2023.com.tr\/index.php\/wp-json\/wp\/v2\/comments?post=2153"}],"version-history":[{"count":0,"href":"https:\/\/www.vizyon2023.com.tr\/index.php\/wp-json\/wp\/v2\/posts\/2153\/revisions"}],"wp:featuredmedia":[{"embeddable":true,"href":"https:\/\/www.vizyon2023.com.tr\/index.php\/wp-json\/wp\/v2\/media\/2154"}],"wp:attachment":[{"href":"https:\/\/www.vizyon2023.com.tr\/index.php\/wp-json\/wp\/v2\/media?parent=2153"}],"wp:term":[{"taxonomy":"category","embeddable":true,"href":"https:\/\/www.vizyon2023.com.tr\/index.php\/wp-json\/wp\/v2\/categories?post=2153"},{"taxonomy":"post_tag","embeddable":true,"href":"https:\/\/www.vizyon2023.com.tr\/index.php\/wp-json\/wp\/v2\/tags?post=2153"}],"curies":[{"name":"wp","href":"https:\/\/api.w.org\/{rel}","templated":true}]}}