{"id":2151,"date":"2017-11-27T09:15:12","date_gmt":"2017-11-27T07:15:12","guid":{"rendered":"http:\/\/www.vizyon2023.com.tr\/index.php\/2017\/11\/27\/80-milyonu-birlestirecek-bir-siyaset-yapmak-zorundayiz\/"},"modified":"2017-11-27T09:15:12","modified_gmt":"2017-11-27T07:15:12","slug":"80-milyonu-birlestirecek-bir-siyaset-yapmak-zorundayiz","status":"publish","type":"post","link":"https:\/\/www.vizyon2023.com.tr\/index.php\/2017\/11\/27\/80-milyonu-birlestirecek-bir-siyaset-yapmak-zorundayiz\/","title":{"rendered":"&#8217;80 milyonu birle\u015ftirecek bir siyaset yapmak zorunday\u0131z&#8217;"},"content":{"rendered":"<p>Enerji ve Tabii Kaynaklar Bakan\u0131 Berat Albayrak, Trabzon&#8217;da AK Parti D\u00fczk\u00f6y 6. Ola\u011fan \u0130l\u00e7e Kongresi&#8217;nde konu\u015ftu.<\/p>\n<p>Bakan Albayrak, &#8220;B\u00fct\u00fcn 80 milyonu kucaklayacak ve bu \u00fclkenin bekas\u0131n\u0131 tehdit eden t\u00fcm bu sorunlar\u0131 ve tuzaklar\u0131 if\u015fa edecek bir dille 80 milyonu birle\u015ftirecek bir siyaset yapmak zorunday\u0131z. \u00c7\u00fcnk\u00fc bunu bizden ba\u015fka g\u00f6ren, anlayan ve bu siyasetin hayati siyaset oldu\u011funun fark\u0131nda olan maalesef kimse yok, ba\u015fka kadro yok.&#8221; dedi.<\/p>\n<p>Bakan Albayrak, iki \u015fehit \u00f6\u011fretmen \u00f6zelinde, t\u00fcm T\u00fcrkiye&#8217;de maalesef son y\u0131llarda b\u00fct\u00fcn gen\u00e7li\u011fi zehirlemek i\u00e7in yo\u011fun bir \u00e7abayla \u00e7ok b\u00fcy\u00fck bir zarar vermi\u015f \u00f6rg\u00fct\u00fcn b\u0131rakt\u0131\u011f\u0131 bu enkaz\u0131 kald\u0131rmak i\u00e7in bug\u00fcnlerde gece g\u00fcnd\u00fcz demeden yeni nesillerin ihyas\u0131 noktas\u0131nda \u00e7al\u0131\u015fan \u00f6\u011fretmenlerin g\u00fcn\u00fcn\u00fc kutlayarak ba\u015flamak istedi\u011fini s\u00f6yledi.<\/p>\n<p>Albayrak, 15 y\u0131lda belki 150 y\u0131ll\u0131k bir hizmet a\u015fk\u0131yla bu \u00fclkeyi, 2001 ve 90&#8217;lar\u0131n T\u00fcrkiye&#8217;sini nereden nereye getiren, art\u0131k T\u00fcrkiye&#8217;nin b\u00fcy\u00fck lideri de\u011fil, d\u00fcnya lideri dedikleri Cumhurba\u015fkan\u0131 Erdo\u011fan&#8217;\u0131n selam\u0131n\u0131 getirdi\u011fini belirterek, &#8220;Rabbim ba\u015f\u0131m\u0131zdan eksik etmesin. Sa\u011fl\u0131k, s\u0131hhat, hay\u0131rl\u0131 uzun \u00f6m\u00fcrler nasip eylesin.&#8221; ifadesini kulland\u0131.<\/p>\n<p><strong>&#8220;Birlik ve beraberlik i\u00e7erisinde olmam\u0131z gereken bir noktaday\u0131z&#8221;<\/strong><\/p>\n<p>&#8220;Tarihi g\u00fcnlerden ge\u00e7ti\u011fimiz, tarihi k\u0131r\u0131lman\u0131n g\u00fcnlerini ya\u015fad\u0131\u011f\u0131m\u0131z bu y\u00fczy\u0131l\u0131n, s\u0131n\u0131rlar\u0131n yeniden \u00e7izildi\u011fi, \u00e7izilece\u011fi, bu \u00fclkenin birlik ve beraberli\u011fine \u00f6zellikle son y\u0131llarda ne kadar b\u00fcy\u00fck operasyonlar\u0131n ya\u015fand\u0131\u011f\u0131 \u015fu g\u00fcnlerde, i\u015fte g\u00f6r\u00fcyorsunuz 910 kilometre s\u0131n\u0131r\u0131m\u0131z\u0131n oldu\u011fu, i\u00e7 sava\u015f\u0131n oldu\u011fu Suriye&#8217;de son birka\u00e7 ayda takip ediyorsunuz de\u011fil mi? 4 bin t\u0131r silah\u0131n nakliye ile yerle\u015ftirildi\u011fi \u015fu g\u00fcnlerde, Irak, \u0130ran, Suudi Arabistan b\u00fct\u00fcn bu co\u011frafyada ya\u015fan\u0131lanlar\u0131 m\u00fc\u015fahede etti\u011fimiz \u015fu g\u00fcnlerde, belki de b\u00f6lgenin \u00e7ok daha b\u00fcy\u00fck ve kanl\u0131 bir sava\u015fa s\u00fcr\u00fcklenmesinin planlar\u0131n\u0131n yap\u0131ld\u0131\u011f\u0131 \u015fu g\u00fcnlerde T\u00fcrkiye ve 80 milyon olarak \u00e7ok ama \u00e7ok dikkatli olmam\u0131z gereken, birlik ve beraberlik i\u00e7erisinde olmam\u0131z gereken bir noktaday\u0131z.&#8221;<\/p>\n<p>Kaynak: AA<\/p>\n","protected":false},"excerpt":{"rendered":"<p>Enerji ve Tabii Kaynaklar Bakan\u0131 Albayrak, &#8220;80 milyonu birle\u015ftirecek bir siyaset yapmak zorunday\u0131z.&#8221; dedi.<\/p>\n","protected":false},"author":8,"featured_media":2152,"comment_status":"open","ping_status":"closed","sticky":false,"template":"","format":"standard","meta":[],"categories":[85],"tags":[],"_links":{"self":[{"href":"https:\/\/www.vizyon2023.com.tr\/index.php\/wp-json\/wp\/v2\/posts\/2151"}],"collection":[{"href":"https:\/\/www.vizyon2023.com.tr\/index.php\/wp-json\/wp\/v2\/posts"}],"about":[{"href":"https:\/\/www.vizyon2023.com.tr\/index.php\/wp-json\/wp\/v2\/types\/post"}],"author":[{"embeddable":true,"href":"https:\/\/www.vizyon2023.com.tr\/index.php\/wp-json\/wp\/v2\/users\/8"}],"replies":[{"embeddable":true,"href":"https:\/\/www.vizyon2023.com.tr\/index.php\/wp-json\/wp\/v2\/comments?post=2151"}],"version-history":[{"count":0,"href":"https:\/\/www.vizyon2023.com.tr\/index.php\/wp-json\/wp\/v2\/posts\/2151\/revisions"}],"wp:featuredmedia":[{"embeddable":true,"href":"https:\/\/www.vizyon2023.com.tr\/index.php\/wp-json\/wp\/v2\/media\/2152"}],"wp:attachment":[{"href":"https:\/\/www.vizyon2023.com.tr\/index.php\/wp-json\/wp\/v2\/media?parent=2151"}],"wp:term":[{"taxonomy":"category","embeddable":true,"href":"https:\/\/www.vizyon2023.com.tr\/index.php\/wp-json\/wp\/v2\/categories?post=2151"},{"taxonomy":"post_tag","embeddable":true,"href":"https:\/\/www.vizyon2023.com.tr\/index.php\/wp-json\/wp\/v2\/tags?post=2151"}],"curies":[{"name":"wp","href":"https:\/\/api.w.org\/{rel}","templated":true}]}}