{"id":2143,"date":"2017-11-27T09:13:09","date_gmt":"2017-11-27T07:13:09","guid":{"rendered":"http:\/\/www.vizyon2023.com.tr\/index.php\/2017\/11\/27\/abd-basini-trump-yonetimi-ypgye-silah-destegini-kesiyor\/"},"modified":"2017-11-27T09:13:09","modified_gmt":"2017-11-27T07:13:09","slug":"abd-basini-trump-yonetimi-ypgye-silah-destegini-kesiyor","status":"publish","type":"post","link":"https:\/\/www.vizyon2023.com.tr\/index.php\/2017\/11\/27\/abd-basini-trump-yonetimi-ypgye-silah-destegini-kesiyor\/","title":{"rendered":"ABD bas\u0131n\u0131: Trump y\u00f6netimi YPG&#8217;ye silah deste\u011fini kesiyor"},"content":{"rendered":"<p>Cumhurba\u015fkan\u0131 Recep Tayyip Erdo\u011fan ve Amerika Birle\u015fik Devletleri Ba\u015fkan\u0131 Donald Trump, telefonda g\u00f6r\u00fc\u015ft\u00fc. G\u00fcndem Suriye idi. Suriye&#8217;nin gelece\u011fi ve Rusya&#8217;daki So\u00e7i Zirvesi konu\u015fuldu. G\u00f6r\u00fc\u015fmede, ter\u00f6rle m\u00fccadele \u00fczerinde de duruldu.<\/p>\n<p>\u0130ki lider DEA\u015e, PKK, FET\u00d6 ve benzeri \u00f6rg\u00fctler dahil, t\u00fcm ter\u00f6r \u00f6rg\u00fctlerine kar\u015f\u0131 birlikte m\u00fccadele etme konusunda mutab\u0131k kald\u0131.<\/p>\n<p>G\u00f6r\u00fc\u015fmede ele al\u0131nan konular Amerikan bas\u0131n\u0131 taraf\u0131ndan tek ba\u015fl\u0131k etraf\u0131nda haberle\u015ftirildi. Amerikan bas\u0131n\u0131 g\u00f6r\u00fc\u015fmeyi Washington y\u00f6netiminin ter\u00f6r \u00f6rg\u00fct\u00fc YPG&#8217;ye silah deste\u011fini kesece\u011fi ba\u015fl\u0131\u011f\u0131yla duyurdu.<\/p>\n<p>\u00dclkenin \u00f6nde gelen gazete ve diplomasi dergilerinde bu konu a\u011f\u0131rl\u0131kla ele al\u0131nd\u0131. Ankara\u2019n\u0131n, uzun s\u00fcredir ter\u00f6r \u00f6rg\u00fct\u00fc YPG\u2019yi silahland\u0131ran Washington&#8217;a bu konuda rahats\u0131zl\u0131\u011f\u0131n\u0131 iletti\u011fi hat\u0131rlat\u0131ld\u0131.<\/p>\n<p>Son d\u00f6nemde bu konuda bask\u0131n\u0131n artt\u0131\u011f\u0131 ve iki \u00fclke ili\u015fkilerinde gerginlik yaratan konulardan birisinin de bu oldu\u011fu vurgusu \u00f6n plana \u00e7\u0131kt\u0131.<\/p>\n<p>Amerikan bas\u0131n\u0131ndaki haberlerde Trump y\u00f6netiminin ter\u00f6r \u00f6rg\u00fct\u00fc YPG\u2019ye silah deste\u011fini durduraca\u011f\u0131 a\u00e7\u0131klamas\u0131n\u0131n ilk olarak T\u00fcrk taraf\u0131ndan geldi\u011fi, Beyaz saray taraf\u0131ndan yap\u0131lan a\u00e7\u0131klaman\u0131n, birebir ayn\u0131 olmasa da T\u00fcrkiye\u2019nin bu konudaki a\u00e7\u0131klamas\u0131n\u0131 destekleyen ifadelerle dolu oldu\u011fu belirtildi.<\/p>\n<p>Haberlerde, Amerikan y\u00f6netiminin Suriye&#8217;de ter\u00f6re kar\u015f\u0131 stratejisinde bir sonraki safha konusunda Cumhurba\u015fkan\u0131 Erdo\u011fan\u2019\u0131 bilgilendirdi\u011fi belirtildi.<\/p>\n<p>\u0130ki liderin Suriye\u2019ye istikrar getirilmesi ve Suriyelilerin g\u00fcvenli bir \u015fekilde evlerine d\u00f6nmeleri konular\u0131nda at\u0131lacak ad\u0131mlar\u0131 g\u00f6r\u00fc\u015ft\u00fckleri de haberlerde yer alan ba\u015fl\u0131ca ifadeler.<\/p>\n<p>Kaynak: TRT Haber<\/p>\n","protected":false},"excerpt":{"rendered":"<p>Cumhurba\u015fkan\u0131 Recep Tayyip Erdo\u011fan ile Amerika Birle\u015fik Devletleri Ba\u015fkan\u0131 Donald Trump aras\u0131ndaki telefon g\u00f6r\u00fc\u015fmesi Hem T\u00fcrkiye&#8217;de hem de Amerika&#8217;da g\u00fcndemde.<\/p>\n","protected":false},"author":8,"featured_media":2144,"comment_status":"open","ping_status":"closed","sticky":false,"template":"","format":"standard","meta":[],"categories":[85],"tags":[],"_links":{"self":[{"href":"https:\/\/www.vizyon2023.com.tr\/index.php\/wp-json\/wp\/v2\/posts\/2143"}],"collection":[{"href":"https:\/\/www.vizyon2023.com.tr\/index.php\/wp-json\/wp\/v2\/posts"}],"about":[{"href":"https:\/\/www.vizyon2023.com.tr\/index.php\/wp-json\/wp\/v2\/types\/post"}],"author":[{"embeddable":true,"href":"https:\/\/www.vizyon2023.com.tr\/index.php\/wp-json\/wp\/v2\/users\/8"}],"replies":[{"embeddable":true,"href":"https:\/\/www.vizyon2023.com.tr\/index.php\/wp-json\/wp\/v2\/comments?post=2143"}],"version-history":[{"count":0,"href":"https:\/\/www.vizyon2023.com.tr\/index.php\/wp-json\/wp\/v2\/posts\/2143\/revisions"}],"wp:featuredmedia":[{"embeddable":true,"href":"https:\/\/www.vizyon2023.com.tr\/index.php\/wp-json\/wp\/v2\/media\/2144"}],"wp:attachment":[{"href":"https:\/\/www.vizyon2023.com.tr\/index.php\/wp-json\/wp\/v2\/media?parent=2143"}],"wp:term":[{"taxonomy":"category","embeddable":true,"href":"https:\/\/www.vizyon2023.com.tr\/index.php\/wp-json\/wp\/v2\/categories?post=2143"},{"taxonomy":"post_tag","embeddable":true,"href":"https:\/\/www.vizyon2023.com.tr\/index.php\/wp-json\/wp\/v2\/tags?post=2143"}],"curies":[{"name":"wp","href":"https:\/\/api.w.org\/{rel}","templated":true}]}}