{"id":2134,"date":"2017-11-25T15:23:36","date_gmt":"2017-11-25T13:23:36","guid":{"rendered":"http:\/\/www.vizyon2023.com.tr\/index.php\/2017\/11\/25\/basbakan-yildirim-misirdaki-hain-teror-saldirisini-siddetle-kiniyorum\/"},"modified":"2017-11-25T15:23:36","modified_gmt":"2017-11-25T13:23:36","slug":"basbakan-yildirim-misirdaki-hain-teror-saldirisini-siddetle-kiniyorum","status":"publish","type":"post","link":"https:\/\/www.vizyon2023.com.tr\/index.php\/2017\/11\/25\/basbakan-yildirim-misirdaki-hain-teror-saldirisini-siddetle-kiniyorum\/","title":{"rendered":"Ba\u015fbakan Y\u0131ld\u0131r\u0131m: M\u0131s\u0131r&#8217;daki hain ter\u00f6r sald\u0131r\u0131s\u0131n\u0131 \u015fiddetle k\u0131n\u0131yorum"},"content":{"rendered":"<p>&#8220;T\u00fcrkiye Yeniden; Mezun Bulu\u015fmas\u0131&#8221;nda konu\u015fan Ba\u015fbakan Binali Y\u0131ld\u0131r\u0131m, M\u0131s\u0131r&#8217;da d\u00fcn meydana gelen ter\u00f6r sald\u0131r\u0131s\u0131n\u0131 k\u0131nad\u0131.<\/p>\n<p>Binali Y\u0131ld\u0131r\u0131m, &#8220;Cuma namaz\u0131nda insanlar\u0131n \u00fczerine bombalar\u0131, mermileri ya\u011fd\u0131rmak ne insanl\u0131\u011fa ne \u0130slamiyet&#8217;e s\u0131\u011far&#8221; dedi.<\/p>\n<p>Y\u0131ld\u0131r\u0131m&#8217;\u0131m konu\u015fmas\u0131ndan \u00f6ne \u00e7\u0131kanlar \u015f\u00f6yle,<\/p>\n<p><strong>M\u0131s\u0131r&#8217;daki ter\u00f6r sald\u0131r\u0131s\u0131<\/strong><\/p>\n<p>-Sald\u0131r\u0131y\u0131 \u015fiddetle k\u0131n\u0131yorum. Camide namaz k\u0131lanlara bombayla sald\u0131rmak ne insanl\u0131\u011fa ne \u0130slamiyet&#8217;e s\u0131\u011far.<\/p>\n<p>&#8211; Bug\u00fcn m\u00fclteci konumunda bulunanlar\u0131n say\u0131s\u0131 55 milyonu ge\u00e7ti. D\u00fcnyada bu n\u00fcfusa sahip \u00fclke say\u0131s\u0131 sadece 25. Demek ki, d\u00fcnyan\u0131n 26. b\u00fcy\u00fck \u00fclkesi; m\u00fclteciler \u00fclkesi. \u0130\u015fte b\u00f6yle bir d\u00fcnyada ya\u015f\u0131yoruz. Bu d\u00fcnya, bu d\u00fcnyada ya\u015fayan milyarlarca insan\u0131n hi\u00e7birini mutlu etmiyor, gelece\u011fi i\u00e7in umut vermiyor. O halde d\u00fcnyay\u0131 y\u00f6netenler, BM \u00e7at\u0131s\u0131 alt\u0131ndaki \u00fclkeler, \u00e7ok daha fazla sorumluluk almal\u0131, olaylar\u0131, sorunlar\u0131, \u00e7\u00f6zmek i\u00e7in rekabeti bir kenara b\u0131rak\u0131p i\u015f birli\u011fine daha \u00e7ok y\u00f6nelmelidir.<\/p>\n<p>&#8211; T\u00fcrkiye&#8217;nin b\u00fct\u00fcn \u00e7abas\u0131 gen\u00e7lerimize \u00fcniversite e\u011fitimi sa\u011flamakt\u0131r. Bug\u00fcn bu salona bak\u0131nca bunu b\u00fcy\u00fck \u00f6l\u00e7\u00fcde ba\u015fard\u0131\u011f\u0131m\u0131z\u0131 g\u00f6r\u00fcyoruz. Gen\u00e7ler, T\u00fcrkiye bug\u00fcn de sizinledir, gelecekte de sizinle olmaya devam edecek. Bundan hi\u00e7 \u015f\u00fcpheniz olmas\u0131n.<\/p>\n<p>&#8211; G\u00f6rd\u00fck ki 1960&#8217;l\u0131 y\u0131llarda mezun olmu\u015f, ge\u00e7en y\u0131l da mezun olmu\u015f karde\u015flerimizin hi\u00e7birinde T\u00fcrkiye sevgisi ge\u00e7en s\u00fcrede azalmam\u0131\u015f, artarak devam etmi\u015f. Ma\u015fallah T\u00fcrk\u00e7eleri de ilk g\u00fcnk\u00fc gibi g\u00fczel ve taze. T\u00fcrkiye mezunlar\u0131 g\u00f6zde meslek sahipleri olmu\u015f, baz\u0131lar\u0131 hatta \u00fclkelerinde T\u00fcrkiye&#8217;nin d\u0131\u015f temsilciliklerinde g\u00f6rev alm\u0131\u015flar. \u0130\u015fte aram\u0131zda Somali Bay\u0131nd\u0131rl\u0131k ve \u0130skan Bakan\u0131, Bosna Hersek Neretva Kantonu E\u011fitim ve K\u00fclt\u00fcr Bakan\u0131, \u00c7e\u00e7enistan Ba\u015fbakan Yard\u0131mc\u0131s\u0131, Filistin Telekom\u00fcnikasyon Bilgi Teknolojileri ve Ula\u015ft\u0131rma Bakan\u0131 var. Akademisyenlerden hukuk\u00e7ulara, b\u00fcrokratlardan doktorlara, m\u00fchendislerden gazetecilere kadar bir\u00e7ok de\u011fi\u015fik meslek grubundan arkada\u015flar\u0131m\u0131z bug\u00fcn bizimle beraber. Hepimizin ortak paydas\u0131, \u00fclkelerimizin ve bizlerin ebedi karde\u015fli\u011fi.<\/p>\n<p>&#8211; 2030 y\u0131l\u0131nda misafir \u00f6\u011frenci say\u0131s\u0131n\u0131n 7 milyondan 20 milyona \u00e7\u0131kmas\u0131 hedefleniyor.<\/p>\n<p>&#8211; T\u00fcrkiye olarak son 15 y\u0131lda enerjiden sa\u011fl\u0131\u011fa, ula\u015f\u0131mdan ileti\u015fime kadar bir\u00e7ok alanda de\u011fi\u015fimi, d\u00f6n\u00fc\u015f\u00fcm\u00fc ger\u00e7ekle\u015ftirdik.<\/p>\n<p>&#8211; \u00dclkemiz y\u00fcksek \u00f6\u011frenim altyap\u0131s\u0131nda kaydedilen ilerlemeler sayesinde bug\u00fcn \u00fclkemiz b\u00fct\u00fcn \u00fclkeler taraf\u0131ndan tan\u0131nan bir \u00f6\u011frenci dura\u011f\u0131 haline geldi.<\/p>\n<p>&#8211; Sadece 2017&#8217;de mezun say\u0131s\u0131 7 bin 500&#8217;d\u00fcr.<\/p>\n<p><strong>&#8220;T\u00fcrkiye art\u0131k b\u00f6lgede istikrar\u0131, bar\u0131\u015f\u0131, g\u00fcvenli\u011fi sa\u011flayan bir \u00fclkedir&#8221;<\/strong><\/p>\n<p>&#8211; T\u00fcrkiye art\u0131k b\u00f6lgede istikrar\u0131, bar\u0131\u015f\u0131, g\u00fcvenli\u011fi sa\u011flayan bir \u00fclkedir. Gelece\u011fe y\u00fcr\u00fcyen \u00fclke T\u00fcrkiye&#8217;dir. Ne ge\u00e7mi\u015fte ne de bug\u00fcn bu y\u00fcr\u00fcy\u00fc\u015f\u00fcm\u00fcz insanl\u0131\u011f\u0131n aleyhine d\u00f6n\u00fc\u015fmemi\u015ftir, d\u00f6n\u00fc\u015fmeyecektir. Bug\u00fcn Ortado\u011fu kanl\u0131 hesapla\u015fmalara, karde\u015f kan\u0131 d\u00f6k\u00fclmesine \u015fahit olmaktad\u0131r.<\/p>\n<p>&#8211; Yeni bir \u00f6ze d\u00f6n\u00fc\u015f\u00fc herkes bekliyor. \u0130\u015fte T\u00fcrkiye bu yeniden \u00f6ze d\u00f6n\u00fc\u015f\u00fcn \u00f6nc\u00fcl\u00fc\u011f\u00fcn\u00fc yapmaktad\u0131r. Cumhurba\u015fkan\u0131m\u0131z, bu y\u00fczden b\u00fct\u00fcn d\u00fcnyaya &#8220;D\u00fcnya 5&#8217;ten b\u00fcy\u00fckt\u00fcr&#8221; mesaj\u0131 vermektedir.<\/p>\n<p>&#8211; Her T\u00fcrkiye mezunun kap\u0131s\u0131 bizim gurbet eldeki evimiz gibidir. T\u00fcrkiye mezunlar\u0131 kendi \u00fclkelerinde ya\u015farken kalbinde T\u00fcrkiye&#8217;yi ta\u015f\u0131yan g\u00f6n\u00fcl el\u00e7ileridir.<\/p>\n<p>&#8211; T\u00fcrkiye&#8217;nin g\u00f6n\u00fcl kap\u0131lar\u0131 size her zaman a\u00e7\u0131kt\u0131r. Daha s\u0131k bir araya gelece\u011fiz, doslar\u0131m\u0131zla bulu\u015faca\u011f\u0131z.<\/p>\n<p>TRT HABER<\/p>\n","protected":false},"excerpt":{"rendered":"<p>Ba\u015fbakan Binali Y\u0131ld\u0131r\u0131m, M\u0131s\u0131r&#8217;daki sald\u0131r\u0131y\u0131 k\u0131nayarak, &#8220;Cuma namaz\u0131nda insanlar\u0131n \u00fczerine bombalar\u0131, mermileri ya\u011fd\u0131rmak ne insanl\u0131\u011fa ne \u0130slamiyet&#8217;e s\u0131\u011far&#8221; dedi.<\/p>\n","protected":false},"author":8,"featured_media":2135,"comment_status":"open","ping_status":"closed","sticky":false,"template":"","format":"standard","meta":[],"categories":[85],"tags":[],"_links":{"self":[{"href":"https:\/\/www.vizyon2023.com.tr\/index.php\/wp-json\/wp\/v2\/posts\/2134"}],"collection":[{"href":"https:\/\/www.vizyon2023.com.tr\/index.php\/wp-json\/wp\/v2\/posts"}],"about":[{"href":"https:\/\/www.vizyon2023.com.tr\/index.php\/wp-json\/wp\/v2\/types\/post"}],"author":[{"embeddable":true,"href":"https:\/\/www.vizyon2023.com.tr\/index.php\/wp-json\/wp\/v2\/users\/8"}],"replies":[{"embeddable":true,"href":"https:\/\/www.vizyon2023.com.tr\/index.php\/wp-json\/wp\/v2\/comments?post=2134"}],"version-history":[{"count":0,"href":"https:\/\/www.vizyon2023.com.tr\/index.php\/wp-json\/wp\/v2\/posts\/2134\/revisions"}],"wp:featuredmedia":[{"embeddable":true,"href":"https:\/\/www.vizyon2023.com.tr\/index.php\/wp-json\/wp\/v2\/media\/2135"}],"wp:attachment":[{"href":"https:\/\/www.vizyon2023.com.tr\/index.php\/wp-json\/wp\/v2\/media?parent=2134"}],"wp:term":[{"taxonomy":"category","embeddable":true,"href":"https:\/\/www.vizyon2023.com.tr\/index.php\/wp-json\/wp\/v2\/categories?post=2134"},{"taxonomy":"post_tag","embeddable":true,"href":"https:\/\/www.vizyon2023.com.tr\/index.php\/wp-json\/wp\/v2\/tags?post=2134"}],"curies":[{"name":"wp","href":"https:\/\/api.w.org\/{rel}","templated":true}]}}