{"id":2132,"date":"2017-11-25T15:22:50","date_gmt":"2017-11-25T13:22:50","guid":{"rendered":"http:\/\/www.vizyon2023.com.tr\/index.php\/2017\/11\/25\/bunlar-katil-islam-ile-uzaktan-yakindan-alakalari-yok\/"},"modified":"2017-11-25T15:22:50","modified_gmt":"2017-11-25T13:22:50","slug":"bunlar-katil-islam-ile-uzaktan-yakindan-alakalari-yok","status":"publish","type":"post","link":"https:\/\/www.vizyon2023.com.tr\/index.php\/2017\/11\/25\/bunlar-katil-islam-ile-uzaktan-yakindan-alakalari-yok\/","title":{"rendered":"&#8216;Bunlar katil, \u0130slam ile uzaktan yak\u0131ndan alakalar\u0131 yok&#8217;"},"content":{"rendered":"<p>Cumhurba\u015fkan\u0131 Recep Tayyip Erdo\u011fan, Bal\u0131kesir Milli Savunma \u00dcniversitesi Kara Astsubay M.Y.O Komutanl\u0131\u011f\u0131&#8217;ndaki 1526 Muvazzaf Astsubay aday\u0131n\u0131n mezuniyet t\u00f6reninde konu\u015ftu.<\/p>\n<p>Erdo\u011fan, &#8220;So\u00e7i&#8217;de d\u00fczenlenen zirve, Suriye konusunda insani trajedileri \u00f6nlemeye ve b\u00f6lgenin gelece\u011fini m\u00fcmk\u00fcn olan en adil \u015fartlarda olu\u015fturmaya y\u00f6nelik \u00e7abalar\u0131n bir \u00fcr\u00fcn\u00fcd\u00fcr.&#8221; diye konu\u015ftu.<\/p>\n<p><strong>&#8220;Bunlar katil, bunlar\u0131n \u0130slam&#8217;la yak\u0131ndan uzaktan alakas\u0131 yok&#8221;<\/strong><\/p>\n<p>Erdo\u011fan, d\u00fcn M\u0131s\u0131r&#8217;da cuma namaz\u0131nda DEA\u015e ter\u00f6r \u00f6rg\u00fct\u00fcn\u00fcn katliam yapt\u0131\u011f\u0131n\u0131 an\u0131msatarak, &#8220;Bunlara nas\u0131l M\u00fcsl\u00fcman deriz. Bunlar katil, bunlar\u0131n \u0130slam&#8217;la yak\u0131ndan uzaktan alakas\u0131 yok.&#8221; ifadelerini kulland\u0131.<\/p>\n<p>Cumhurba\u015fkan\u0131 Erdo\u011fan, T\u00fcrkiye&#8217;nin karde\u015f M\u0131s\u0131r halk\u0131n\u0131n yan\u0131nda oldu\u011funu ve ac\u0131s\u0131n\u0131 payla\u015ft\u0131\u011f\u0131n\u0131 s\u00f6yledi.<\/p>\n<p>Erdo\u011fan, M\u00fcbarek cuma g\u00fcn\u00fc ibadetlerini yerine getiren karde\u015flerimizi hedef alan bu kalle\u015f sald\u0131r\u0131, DEA\u015e ter\u00f6r\u00fcn\u00fcn insanl\u0131k d\u0131\u015f\u0131, \u0130slam d\u0131\u015f\u0131 y\u00fcz\u00fcn\u00fc bir kez daha g\u00f6stermi\u015ftir.&#8221;dedi.<\/p>\n<p><strong>&#8216;Elimizden geleni yapmak boynumuzun borcu&#8217;<\/strong><\/p>\n<p>Cumhurba\u015fkan\u0131 Erdo\u011fan, &#8220;Bir ter\u00f6r \u00f6rg\u00fct\u00fc eliyle ve bu \u00f6rg\u00fct bahane edilerek yerle yeksan edilen medeniyetimizin kadim \u015fehirlerindeki y\u0131k\u0131mlar\u0131 durdurmak, oluk oluk akan M\u00fcsl\u00fcman kan\u0131n\u0131 engellemek i\u00e7in elimizden geleni yapmak boynumuzun borcudur.&#8221; ifadelerini kulland\u0131.<\/p>\n<p><strong>&#8216;Bizim \u00fclke ve millet olarak ne istedi\u011fimiz \u00f6nemlidir&#8217;<\/strong><\/p>\n<p>Cumhurba\u015fkan\u0131 Erdo\u011fan, &#8220;Bizden, g\u00f6z\u00fcm\u00fcz\u00fcn i\u00e7ine bak\u0131la bak\u0131la 911 kilometre Suriye s\u0131n\u0131r\u0131, 350 kilometre Irak s\u0131n\u0131r\u0131 boyunca bir ter\u00f6r koridoru olu\u015fturulurken, kenara \u00e7ekilip beklememizi isteyenler olabilir. Onlar\u0131n ne istedikleri de\u011fil, bizim \u00fclke ve millet olarak ne istedi\u011fimiz \u00f6nemlidir.&#8221; diye konu\u015ftu.<\/p>\n<p>Erdo\u011fan, konu\u015fmas\u0131nda \u015fu ifadeleri kulland\u0131:<\/p>\n<p>&#8220;Maruz kald\u0131\u011f\u0131m\u0131z \u00e7ok y\u00f6nl\u00fc sald\u0131r\u0131lar\u0131n, bizi oyundan \u00e7\u0131kar\u0131p yedek kul\u00fcbesine bile de\u011fil, sahan\u0131n tamamen d\u0131\u015f\u0131na atmaya matuf hamleler oldu\u011funun fark\u0131nday\u0131z. Vars\u0131n, onlar kendi hesaplar\u0131n\u0131 yaps\u0131nlar. Biz \u00fclkemize g\u00fcvenimizle, milletimizin deste\u011fiyle, ordumuzun g\u00fcc\u00fcyle bu oyunu kendimiz ve karde\u015flerimiz i\u00e7in en hay\u0131rl\u0131 neticeye ula\u015ft\u0131racak \u015fekilde y\u00f6nlendirmekte kararl\u0131y\u0131z.&#8221;<\/p>\n<p>Cumhurba\u015fkan\u0131 Erdo\u011fan: Ordumuzu daima g\u00fc\u00e7l\u00fc tutmak zorunday\u0131z. pic.twitter.com\/6UqzfNr9mR<\/p>\n<p>\u2014 TRT Haber Canl\u0131 (@trthabercanli) 25 Kas\u0131m 2017<\/p>\n<p><strong>&#8216;T\u00fcrkiye&#8217;nin birli\u011fine y\u00f6nelik her sald\u0131r\u0131 can evimizden vurmay\u0131 hedefliyor&#8217;<\/strong><\/p>\n<p>Cumhurba\u015fkan\u0131 Erdo\u011fan, &#8220;T\u00fcrkiye&#8217;nin birli\u011fine, beraberli\u011fine, karde\u015fli\u011fine y\u00f6nelik her sald\u0131r\u0131, bu iklimi bozmaya y\u00f6nelik her s\u00f6z, ister i\u00e7eriden olsun ister d\u0131\u015far\u0131dan her kutup, her ad\u0131m do\u011frudan bizi can evimizden vurmay\u0131 hedefliyor. Ha \u00fclkemizin ortas\u0131na bir atom bombas\u0131 atm\u0131\u015fs\u0131n\u0131z ha milletimizin birli\u011fine, beraberli\u011fine y\u00f6nelik bir fitneyi ate\u015flemi\u015fsiniz. Bizim g\u00f6z\u00fcm\u00fczde ikisi aras\u0131nda fark yoktur.&#8221; dedi.<\/p>\n<p>Kaynak: AA<\/p>\n","protected":false},"excerpt":{"rendered":"<p>Cumhurba\u015fkan\u0131 Erdo\u011fan, Bal\u0131kesir&#8217;deki Astsubay Mezuniyet T\u00f6reni&#8217;nde konu\u015ftu.<\/p>\n","protected":false},"author":8,"featured_media":2133,"comment_status":"open","ping_status":"closed","sticky":false,"template":"","format":"standard","meta":[],"categories":[85],"tags":[],"_links":{"self":[{"href":"https:\/\/www.vizyon2023.com.tr\/index.php\/wp-json\/wp\/v2\/posts\/2132"}],"collection":[{"href":"https:\/\/www.vizyon2023.com.tr\/index.php\/wp-json\/wp\/v2\/posts"}],"about":[{"href":"https:\/\/www.vizyon2023.com.tr\/index.php\/wp-json\/wp\/v2\/types\/post"}],"author":[{"embeddable":true,"href":"https:\/\/www.vizyon2023.com.tr\/index.php\/wp-json\/wp\/v2\/users\/8"}],"replies":[{"embeddable":true,"href":"https:\/\/www.vizyon2023.com.tr\/index.php\/wp-json\/wp\/v2\/comments?post=2132"}],"version-history":[{"count":0,"href":"https:\/\/www.vizyon2023.com.tr\/index.php\/wp-json\/wp\/v2\/posts\/2132\/revisions"}],"wp:featuredmedia":[{"embeddable":true,"href":"https:\/\/www.vizyon2023.com.tr\/index.php\/wp-json\/wp\/v2\/media\/2133"}],"wp:attachment":[{"href":"https:\/\/www.vizyon2023.com.tr\/index.php\/wp-json\/wp\/v2\/media?parent=2132"}],"wp:term":[{"taxonomy":"category","embeddable":true,"href":"https:\/\/www.vizyon2023.com.tr\/index.php\/wp-json\/wp\/v2\/categories?post=2132"},{"taxonomy":"post_tag","embeddable":true,"href":"https:\/\/www.vizyon2023.com.tr\/index.php\/wp-json\/wp\/v2\/tags?post=2132"}],"curies":[{"name":"wp","href":"https:\/\/api.w.org\/{rel}","templated":true}]}}