{"id":2114,"date":"2017-11-24T14:12:44","date_gmt":"2017-11-24T12:12:44","guid":{"rendered":"http:\/\/www.vizyon2023.com.tr\/index.php\/2017\/11\/24\/basbakan-yildirim-2018de-500-engelli-ogretmen-atamasi-yapacagiz\/"},"modified":"2017-11-24T14:12:44","modified_gmt":"2017-11-24T12:12:44","slug":"basbakan-yildirim-2018de-500-engelli-ogretmen-atamasi-yapacagiz","status":"publish","type":"post","link":"https:\/\/www.vizyon2023.com.tr\/index.php\/2017\/11\/24\/basbakan-yildirim-2018de-500-engelli-ogretmen-atamasi-yapacagiz\/","title":{"rendered":"Ba\u015fbakan Y\u0131ld\u0131r\u0131m: 2018&#8217;de 500 engelli \u00f6\u011fretmen atamas\u0131 yapaca\u011f\u0131z"},"content":{"rendered":"<p>Ba\u015fbakan Binali Y\u0131ld\u0131r\u0131m, \u00d6\u011fretmenler G\u00fcn\u00fc dolay\u0131s\u0131yla 81 ilden gelen \u00f6\u011fretmenleri kabul\u00fcnde konu\u015ftu.<\/p>\n<p>Y\u0131ld\u0131r\u0131m&#8217;\u0131n konu\u015fmas\u0131ndan \u00f6ne \u00e7\u0131kanlar \u015f\u00f6yle;<\/p>\n<p><strong>&#8220;\u00d6\u011fretmenler T\u00fcrkiye&#8217;nin gelece\u011fidir&#8221;<\/strong><\/p>\n<p>&#8211; 25 milyonun \u00fczerinde \u00f6\u011frencimiz var. N\u00fcfusumuz \u00e7ok gen\u00e7, \u00e7ok dinamik ve \u00f6\u011frenmeye \u00e7ok ac\u0131k. E\u011fitim sistemimizi kalk\u0131nma hedeflerimize ve h\u0131z\u0131m\u0131za uygun bir gekilde geli\u015ftirmeliyiz.<\/p>\n<p>&#8211; Modern bir e\u011fitim sistemine sahip olmam\u0131z gerekiyor. E\u011fitim sistemimizi kalk\u0131nma h\u0131z\u0131m\u0131za g\u00f6re geli\u015ftirmeliyiz.<\/p>\n<p>&#8211; E\u011fitim f\u0131rsatlar\u0131n\u0131 olu\u015fturmak bizim g\u00f6revimiz. Bu nedenle e\u011fitimi en \u00f6ncelikli alan olarak belirledik. G\u00f6reve geldi\u011fimiz ilk andan itibaren e\u011fitimi en \u00f6ncelikli alan olarak belirledik. Bunun i\u00e7in e\u011fitim b\u00fct\u00e7esini birinci s\u0131raya ald\u0131k.<\/p>\n<p>&#8211; Yakla\u015f\u0131k 3 milyar ders kitab\u0131n\u0131 15 y\u0131ld\u0131r \u00f6\u011frencilerimize da\u011f\u0131t\u0131yoruz. \u015eimdi \u00e7ocuklar param yok nas\u0131l al\u0131r\u0131m diye endi\u015fe etmiyor. Fatih porojesi ile 65 bin okulumuzun her s\u0131n\u0131f\u0131na ak\u0131ll\u0131 tahta yerle\u015ftirdik. Tablet, bilgisayar da\u011f\u0131t\u0131m\u0131 ba\u015flad\u0131. Bu 1,5 milyonu a\u015fm\u0131\u015f durumda. Bug\u00fcn 1 milyonun \u00fczerinde \u00f6\u011fretmen toplulu\u011fumuz var. Burada 500 binden 1 milyonun \u00fczerine \u00e7\u0131kt\u0131k. 4522 engelli karde\u015fimiz de \u00f6\u011fretmen mesle\u011fine atamas\u0131n\u0131 yapt\u0131k. Bu rakam 2000 \u00f6ncesi 3268 idi. \u00d6n\u00fcm\u00fczdeki sene 500 engelli \u00f6\u011fretmen atamas\u0131 yapaca\u011f\u0131z.<\/p>\n<p>&#8211; Ge\u00e7ti\u011fimiz 15 y\u0131lda 583 bin \u00f6\u011fretmenin atamas\u0131n\u0131 yapt\u0131k.<\/p>\n<p>&#8211; 17 \u00f6\u011frenciye 1 \u00f6\u011fretmen d\u00fc\u015f\u00fcyor. S\u0131k\u0131nt\u0131 da\u011f\u0131l\u0131mda, baz\u0131 yerlerde eksik, baz\u0131 yerlerde fazla var. \u00d6\u011fretmenlerimizin y\u00fczde 66&#8217;s\u0131 40 ya\u015f ve alt\u0131nda.<\/p>\n<p><strong>&#8220;2019&#8217;da tekli e\u011fitime ge\u00e7ece\u011fiz&#8221;<\/strong><\/p>\n<p>&#8211; 65 bin 793 okulumuz var. 2019 senesinin sonunda b\u00fct\u00fcn okullar\u0131m\u0131zda tekli e\u011fitime ge\u00e7ece\u011fiz. Hatta \u015fu m\u00fcjdemizi de verebilirim. Baz\u0131 illerimizde ge\u00e7meler oldu. Bu kapsamda tekli e\u011fitime ge\u00e7mek i\u00e7in 58 bin dersli\u011fe ihtiya\u00e7 var.<\/p>\n<p>&#8211; Sadece \u00f6\u011fretmek de\u011fil, \u00f6\u011frencilerimizin \u00f6zg\u00fcven kazanmas\u0131 i\u00e7in \u00e7ok b\u00fcy\u00fck \u00e7aban\u0131z var. M\u00fcfredatta da son y\u0131llarda de\u011fi\u015fikli\u011fe gidildi. Biz yap\u0131lmas\u0131 gerekeni biliyoruz. \u0130htiya\u00e7lar\u0131, beklentileri biliyoruz. Her t\u00fcrl\u00fc ad\u0131m\u0131 ataca\u011f\u0131z.<\/p>\n<p>&#8211; E\u011fer mesle\u011finiz sizi mutlu etmiyorsa, o zaman ba\u015far\u0131 m\u00fcmk\u00fcn de\u011fildir. Bu i\u015f sadece parayla yap\u0131lacak bir i\u015f de\u011fil.<\/p>\n<p>&#8211; Sizin ne kadar fedekarca g\u00f6rev yapt\u0131\u011f\u0131n\u0131z\u0131 anl\u0131yorum. Hangi i\u015fi yaparsak yapal\u0131m mutlaka i\u015fimizi sevece\u011fiz. Daha da \u00f6tesi insan\u0131 sevece\u011fiz. Bir \u00e7ocu\u011fu kazanacak hatta onu hayata ba\u011flayacak \u00f6\u011fretmendir. Bizim, engelli \u00f6\u011frencisini 4 y\u0131l boyunca kuca\u011f\u0131nda ta\u015f\u0131yan Sivasl\u0131 Hakan gibi fedakar \u00f6\u011fretmenlere ihtiyac\u0131m\u0131z var.<\/p>\n<p>&#8211; Sizlere olan minnet duygular\u0131m\u0131z\u0131 anlatmaya kalksak kelimeler yetmez. Sizlerden tek beklentimiz mutlaka \u00f6\u011frencilerimize vatan sevgisi, millet sevgisini a\u015f\u0131lamay\u0131 unutmay\u0131n.<\/p>\n<p>TRT HABER<\/p>\n<p>&#8211;<\/p>\n","protected":false},"excerpt":{"rendered":"<p>Ba\u015fbakan Y\u0131ld\u0131r\u0131m, 81 ilden gelen \u00f6\u011fretmenleri kabul\u00fcnde konu\u015ftu. Y\u0131ld\u0131r\u0131m, gelecek y\u0131l 500 civar\u0131nda engelli \u00f6\u011fretmenin al\u0131naca\u011f\u0131n\u0131, 2019&#8217;da tekli e\u011fitime ge\u00e7ilece\u011fini s\u00f6yledi.<\/p>\n","protected":false},"author":8,"featured_media":2115,"comment_status":"open","ping_status":"closed","sticky":false,"template":"","format":"standard","meta":[],"categories":[85],"tags":[],"_links":{"self":[{"href":"https:\/\/www.vizyon2023.com.tr\/index.php\/wp-json\/wp\/v2\/posts\/2114"}],"collection":[{"href":"https:\/\/www.vizyon2023.com.tr\/index.php\/wp-json\/wp\/v2\/posts"}],"about":[{"href":"https:\/\/www.vizyon2023.com.tr\/index.php\/wp-json\/wp\/v2\/types\/post"}],"author":[{"embeddable":true,"href":"https:\/\/www.vizyon2023.com.tr\/index.php\/wp-json\/wp\/v2\/users\/8"}],"replies":[{"embeddable":true,"href":"https:\/\/www.vizyon2023.com.tr\/index.php\/wp-json\/wp\/v2\/comments?post=2114"}],"version-history":[{"count":0,"href":"https:\/\/www.vizyon2023.com.tr\/index.php\/wp-json\/wp\/v2\/posts\/2114\/revisions"}],"wp:featuredmedia":[{"embeddable":true,"href":"https:\/\/www.vizyon2023.com.tr\/index.php\/wp-json\/wp\/v2\/media\/2115"}],"wp:attachment":[{"href":"https:\/\/www.vizyon2023.com.tr\/index.php\/wp-json\/wp\/v2\/media?parent=2114"}],"wp:term":[{"taxonomy":"category","embeddable":true,"href":"https:\/\/www.vizyon2023.com.tr\/index.php\/wp-json\/wp\/v2\/categories?post=2114"},{"taxonomy":"post_tag","embeddable":true,"href":"https:\/\/www.vizyon2023.com.tr\/index.php\/wp-json\/wp\/v2\/tags?post=2114"}],"curies":[{"name":"wp","href":"https:\/\/api.w.org\/{rel}","templated":true}]}}