{"id":2104,"date":"2017-11-24T09:16:52","date_gmt":"2017-11-24T07:16:52","guid":{"rendered":"http:\/\/www.vizyon2023.com.tr\/index.php\/2017\/11\/24\/cumhurbaskani-erdogan-terorist-gruplarin-dislanmasi-onceligimiz\/"},"modified":"2017-11-24T09:16:52","modified_gmt":"2017-11-24T07:16:52","slug":"cumhurbaskani-erdogan-terorist-gruplarin-dislanmasi-onceligimiz","status":"publish","type":"post","link":"https:\/\/www.vizyon2023.com.tr\/index.php\/2017\/11\/24\/cumhurbaskani-erdogan-terorist-gruplarin-dislanmasi-onceligimiz\/","title":{"rendered":"Cumhurba\u015fkan\u0131 Erdo\u011fan: Ter\u00f6rist gruplar\u0131n d\u0131\u015flanmas\u0131 \u00f6nceli\u011fimiz"},"content":{"rendered":"<p>T\u00fcrkiye, Rusya ve \u0130ran liderleri 2011 y\u0131l\u0131ndan bu yana Suriye&#8217;de devam eden i\u00e7 sava\u015f\u0131n son bulmas\u0131na y\u00f6nelik kritik kararlar\u0131n beklendi\u011fi zirve i\u00e7in Rusya&#8217;n\u0131n Karadeniz k\u0131y\u0131s\u0131ndaki So\u00e7i kentinde biraraya geldi.<\/p>\n<p>So\u00e7i&#8217;de d\u00fczenlenen Suriye zirvesi sonras\u0131 Rusya Devlet Ba\u015fkan\u0131 Vladimir Putin, Cumhurba\u015fkan\u0131 Recep Tayyip Erdo\u011fan ve \u0130ran Devlet Ba\u015fkan\u0131 Hasan Ruhani ortak a\u00e7\u0131klama yapt\u0131.<\/p>\n<p>Zirvede siyasi ge\u00e7i\u015f s\u00fcrecine y\u00f6nelik at\u0131lacak ad\u0131mlar ile \u00e7at\u0131\u015fmas\u0131zl\u0131k b\u00f6lgelerine istikrar kazand\u0131r\u0131lmas\u0131 konular\u0131 ele al\u0131nd\u0131.<\/p>\n<p>Cumhurba\u015fkan\u0131 Erdo\u011fan, burada yapt\u0131\u011f\u0131 konu\u015fmada, &#8220;2254 say\u0131l\u0131 Birle\u015fmi\u015f Milletler G\u00fcvenlik Konseyi Karar\u0131nda tan\u0131mland\u0131\u011f\u0131 \u00fczere, Suriye halk\u0131n\u0131n \u00f6nc\u00fcl\u00fc\u011f\u00fcnde ve sahipli\u011finde y\u00fcr\u00fct\u00fclecek kapsay\u0131c\u0131, \u00f6zg\u00fcr, adil ve \u015feffaf bir siyasi s\u00fcrecin hayata ge\u00e7irilmesine yard\u0131mc\u0131 olmak hususunda g\u00f6r\u00fc\u015f birli\u011fine varm\u0131\u015f bulunuyoruz.&#8221; ifadelerini kulland\u0131.<\/p>\n<p><strong>&#8220;Ba\u015far\u0131 taraflar\u0131n tutumuna ba\u011fl\u0131&#8221;<\/strong><\/p>\n<p>Ortak a\u00e7\u0131klaman\u0131n, i\u015f birli\u011finin esaslar\u0131n\u0131 yans\u0131tan ilk ad\u0131m oldu\u011funa i\u015faret eden Erdo\u011fan, &#8220;Ancak bu \u00e7aban\u0131n ba\u015far\u0131s\u0131 ba\u015fta rejim ve muhalefet olmak \u00fczere taraflar\u0131n tutumuna ba\u011fl\u0131d\u0131r.&#8221; dedi.<\/p>\n<p>Erdo\u011fan, &#8220;\u00dclkelerimiz aras\u0131ndaki bu verimli i\u015fbirli\u011finin t\u00fcm b\u00f6lgeye olumlu etki yapmas\u0131n\u0131, b\u00f6lgedeki gerginlikleri ve mezhebi ayr\u0131\u015fma riskini azaltmas\u0131n\u0131 \u00fcmit ediyoruz.&#8221; diye konu\u015ftu.<\/p>\n<p><strong>&#8220;Ter\u00f6rist unsurlar s\u00fcre\u00e7ten d\u0131\u015flanmal\u0131&#8221;<\/strong><\/p>\n<p>T\u00fcrkiye&#8217;nin, Suriye konusundaki \u00e7abalar\u0131 destekleyece\u011fini vurgulayan Erdo\u011fan, \u015funlar\u0131 kaydetti:<\/p>\n<p>&#8220;Suriye&#8217;nin siyasi birli\u011fi ve toprak b\u00fct\u00fcnl\u00fc\u011f\u00fc ile \u00fclkemizin milli g\u00fcvenli\u011fine kasteden ter\u00f6rist unsurlar\u0131n s\u00fcre\u00e7ten d\u0131\u015flanmas\u0131, T\u00fcrkiye olarak \u00f6nceliklerimiz aras\u0131nda yer almaya devam edecektir. Milli g\u00fcvenli\u011fimize kasteden bir ter\u00f6r \u00f6rg\u00fct\u00fc ile ayn\u0131 \u00e7at\u0131 alt\u0131nda olmam\u0131z\u0131, ayn\u0131 platformda yer almam\u0131z\u0131 bizden kimse beklememelidir. Uluslararas\u0131 toplumun t\u00fcm sorumlu \u00fcyelerini \u00e7abalar\u0131m\u0131z\u0131 desteklemeye davet ediyorum.&#8221;<\/p>\n<p><strong>&#8220;Eli kanl\u0131 \u00e7eteyi me\u015fru akt\u00f6r olarak g\u00f6remeyiz&#8221;<\/strong><\/p>\n<p>Suriye&#8217;nin toprak b\u00fct\u00fcnl\u00fc\u011f\u00fcn\u00fcn \u00f6nemine dikkati \u00e7eken Erdo\u011fan, &#8220;Suriye&#8217;nin toprak b\u00fct\u00fcnl\u00fc\u011f\u00fcne ve siyasi birli\u011fine ba\u011fl\u0131l\u0131\u011f\u0131m\u0131z\u0131 ifade ediyorsak, bu \u00fclkeyi b\u00f6lmeye \u00e7al\u0131\u015fan eli kanl\u0131 bir \u00e7eteyi me\u015fru bir akt\u00f6r olarak g\u00f6remeyiz.&#8221; dedi.<\/p>\n<p><strong>Putin:Suriye Ulusal Diyalog Kongresi&#8217;nin yap\u0131lmas\u0131 konusunda mutab\u0131k kald\u0131k<\/strong><\/p>\n<p>Rusya Devlet Ba\u015fkan\u0131 Putin ise zirvede, Suriye\u2019nin sosyal ve ekonomik a\u00e7\u0131dan yeniden in\u015fas\u0131n\u0131 isti\u015fare ettiklerini belirterek \u015funlar\u0131 kaydetti:<\/p>\n<p>&#8220;\u00c7at\u0131\u015fmas\u0131zl\u0131k b\u00f6lgeleriyle ilgili ad\u0131mlar\u0131 belirledik. Suriye&#8217;nin ortak ulusal sorunlar\u0131n\u0131n g\u00f6r\u00fclmesi, anayasan\u0131n nas\u0131l olaca\u011f\u0131, BM \u00e7at\u0131s\u0131 alt\u0131nda yap\u0131lacak se\u00e7imlerin nas\u0131l olaca\u011f\u0131, Cenevre s\u00fcrecini g\u00f6r\u00fc\u015ft\u00fck. Suriyeliler kendi kaderine kendileri karar vermeli. T\u00fcrkiye, \u0130ran ve Rusya, Suriye Ulusal Diyalog Kongresi&#8217;nin yap\u0131lmas\u0131 konusunda mutab\u0131k kalm\u0131\u015ft\u0131r. Zirve, Suriye\u2019nin toprak b\u00fct\u00fcnl\u00fc\u011f\u00fcn\u00fc g\u00fc\u00e7lendirecek sonu\u00e7lara vesile olacak. Erdo\u011fan ve Ruhani&#8217;ye olumlu g\u00f6r\u00fc\u015fmeler i\u00e7in te\u015fekk\u00fcr etmek istiyorum. Bug\u00fcn yapt\u0131\u011f\u0131m\u0131z g\u00f6r\u00fc\u015fmenin \u00e7at\u0131\u015fmalar\u0131n \u00f6nlenmesinde pozitif etkileri g\u00f6sterece\u011fini d\u00fc\u015f\u00fcn\u00fcyoruz.&#8221;<\/p>\n<p><strong>Ruhani: Ter\u00f6rist hi\u00e7bir \u00fclke i\u00e7in ara\u00e7 olamaz<\/strong><\/p>\n<p>So\u00e7i zirvesinin Suriye&#8217;deki bar\u0131\u015f ve istikrar\u0131n olu\u015fmas\u0131 i\u00e7in zemin haz\u0131rlad\u0131\u011f\u0131n\u0131 vurgulayan\u0130ran Cumhurba\u015fkan\u0131 Ruhani ise s\u00f6zlerine \u015f\u00f6yle devam etti:<\/p>\n<p>&#8220;Ter\u00f6rist hi\u00e7bir \u00fclke i\u00e7in ara\u00e7 olamaz ve b\u00fct\u00fcn \u00fclkeler i\u00e7in tehlike. DEA\u015e&#8217;a yard\u0131m eden b\u00fct\u00fcn \u00fclkelerde g\u00f6rd\u00fck ki onlara tehlike olu\u015fturdu. B\u00fct\u00fcn g\u00fcnahs\u0131z insanlar\u0131 \u015fehadet mertebesine getirdiler. \u00dc\u00e7 \u00fclke kendi fikirlerini beyan etti. Suriye kongresinde yeni anayasa i\u00e7in zemin olu\u015facak ve yeni anayasa i\u00e7in \u00f6zg\u00fcr ve adil bir se\u00e7im yap\u0131lacak. B\u00fct\u00fcn b\u00f6lge i\u00e7in bar\u0131\u015f ve istikrar getirebilir. Toprak b\u00fct\u00fcnl\u00fc\u011f\u00fc ve birli\u011fi konusunda hemfikir olunmas\u0131ndan memnunuz. Amac\u0131m\u0131z ulusal kongrenin olu\u015fmas\u0131d\u0131r. \u00dc\u00e7 \u00fclkenin yetkilileri kongrenin daha kolay yap\u0131lmas\u0131 i\u00e7in anla\u015ft\u0131lar. Putin&#8217;e ve Erdo\u011fan&#8217;a te\u015fekk\u00fcr ederim.&#8221;<\/p>\n","protected":false},"excerpt":{"rendered":"<p>Cumhurba\u015fkan\u0131 Erdo\u011fan, &#8220;Suriye&#8217;nin siyasi birli\u011fi ve toprak birli\u011fi ile \u00fclkemizin milli birli\u011fine kast\u0131 olan ter\u00f6rist gruplar\u0131n\u0131n s\u00fcre\u00e7ten d\u0131\u015flanmas\u0131 \u00f6nceli\u011fimiz.&#8221; dedi.<\/p>\n","protected":false},"author":8,"featured_media":2105,"comment_status":"open","ping_status":"closed","sticky":false,"template":"","format":"standard","meta":[],"categories":[85],"tags":[],"_links":{"self":[{"href":"https:\/\/www.vizyon2023.com.tr\/index.php\/wp-json\/wp\/v2\/posts\/2104"}],"collection":[{"href":"https:\/\/www.vizyon2023.com.tr\/index.php\/wp-json\/wp\/v2\/posts"}],"about":[{"href":"https:\/\/www.vizyon2023.com.tr\/index.php\/wp-json\/wp\/v2\/types\/post"}],"author":[{"embeddable":true,"href":"https:\/\/www.vizyon2023.com.tr\/index.php\/wp-json\/wp\/v2\/users\/8"}],"replies":[{"embeddable":true,"href":"https:\/\/www.vizyon2023.com.tr\/index.php\/wp-json\/wp\/v2\/comments?post=2104"}],"version-history":[{"count":0,"href":"https:\/\/www.vizyon2023.com.tr\/index.php\/wp-json\/wp\/v2\/posts\/2104\/revisions"}],"wp:featuredmedia":[{"embeddable":true,"href":"https:\/\/www.vizyon2023.com.tr\/index.php\/wp-json\/wp\/v2\/media\/2105"}],"wp:attachment":[{"href":"https:\/\/www.vizyon2023.com.tr\/index.php\/wp-json\/wp\/v2\/media?parent=2104"}],"wp:term":[{"taxonomy":"category","embeddable":true,"href":"https:\/\/www.vizyon2023.com.tr\/index.php\/wp-json\/wp\/v2\/categories?post=2104"},{"taxonomy":"post_tag","embeddable":true,"href":"https:\/\/www.vizyon2023.com.tr\/index.php\/wp-json\/wp\/v2\/tags?post=2104"}],"curies":[{"name":"wp","href":"https:\/\/api.w.org\/{rel}","templated":true}]}}