{"id":2102,"date":"2017-11-24T09:16:26","date_gmt":"2017-11-24T07:16:26","guid":{"rendered":"http:\/\/www.vizyon2023.com.tr\/index.php\/2017\/11\/24\/biz-bu-rejimi-hep-elestirdik-1-milyon-kisiyi-oldurdu\/"},"modified":"2017-11-24T09:16:26","modified_gmt":"2017-11-24T07:16:26","slug":"biz-bu-rejimi-hep-elestirdik-1-milyon-kisiyi-oldurdu","status":"publish","type":"post","link":"https:\/\/www.vizyon2023.com.tr\/index.php\/2017\/11\/24\/biz-bu-rejimi-hep-elestirdik-1-milyon-kisiyi-oldurdu\/","title":{"rendered":"&#8216;Biz bu rejimi hep ele\u015ftirdik, 1 milyon ki\u015fiyi \u00f6ld\u00fcrd\u00fc&#8217;"},"content":{"rendered":"<p>D\u0131\u015fi\u015fleri Bakan\u0131 Mevl\u00fct \u00c7avu\u015fo\u011flu, Roma\u2019daki temaslar\u0131n\u0131n son b\u00f6l\u00fcm\u00fcnde Yabanc\u0131 Bas\u0131n Birli\u011finde &#8220;MED Forum&#8221; kapsam\u0131nda d\u00fczenlenen &#8220;Akdeniz&#8217;deki g\u00fcvenlik zorluklar\u0131 ve T\u00fcrkiye&#8217;den g\u00f6r\u00fcn\u00fcm&#8221; ba\u015fl\u0131kl\u0131 seminere kat\u0131ld\u0131.<\/p>\n<p>Suriye kriziyle ilgili de a\u00e7\u0131klamalarda bulunan \u00c7avu\u015fo\u011flu, T\u00fcrkiye\u2019nin Suriye\u2019de siyasi \u00e7\u00f6z\u00fcm\u00fc hep destekledi\u011fini belirterek, \u015f\u00f6yle devam etti:<\/p>\n<p>&#8220;Biz bu rejimi hep ele\u015ftirdik. 1 milyon ki\u015fiyi \u00f6ld\u00fcrd\u00fc bu rejim. Biz hi\u00e7bir zaman hi\u00e7bir \u00e7\u00f6z\u00fcm\u00fcn kar\u015f\u0131s\u0131nda olmad\u0131k. Suriye\u2019nin Dostlar\u0131 grubunda, Fikirda\u015f \u00dclkeler aras\u0131nda ve DEA\u015e ile m\u00fccadele koalisyonunda yer ald\u0131k. BMGK kararlar\u0131n\u0131 ve Cenevre\u2019yi destekledik. Cenevre\u2019de, rejim siyasi \u00e7\u00f6z\u00fcm\u00fc m\u00fczakere etmeye haz\u0131r de\u011fildi. Cenevre s\u00fcreci bu nedenle bir \u015feye varamad\u0131. Rusya ve \u0130ran, be\u011fenin be\u011fenmeyin akt\u00f6r haline geldiler. Rejim, kimyasal silah kulland\u0131ktan sonra Rusya, rejimin davetiyle girdi ve b\u00fcy\u00fck bir akt\u00f6r haline geldi. \u0130ran zaten \u00f6yleydi. Halep\u2019te \u00e7ok say\u0131da masum insan \u00f6ld\u00fc. Rusya ve T\u00fcrkiye masumlar\u0131 tahliyede i\u015fbirli\u011fine ba\u015flad\u0131. \u0130ran garant\u00f6r haline geldi. Sahadaki durum ge\u00e7en y\u0131la g\u00f6re \u00e7ok daha iyi durumda.&#8221;<\/p>\n<p>Suriye\u2019de sahadaki durumun son 1 y\u0131lda \u00e7ok ilerleme kaydetti\u011fini vurgulayan \u00c7avu\u015fo\u011flu, &#8220;M\u00fczakereler rejim ve muhalefet aras\u0131nda olmal\u0131. Biz buna kar\u015f\u0131 \u00e7\u0131kmad\u0131k hi\u00e7bir zaman. Muhalefetle rejimi bir araya getirecek Suriye Ulusal Diyalog Kongresi&#8217;ni destekliyoruz. Astana\u2019y\u0131 Cenevre\u2019ye nas\u0131l entegre ederiz \u015fimdi buna bak\u0131yoruz. Erdo\u011fan, d\u00fcn \u00e7ok a\u00e7\u0131k \u015fekilde, &#8216;Esed \u00fclkenin birli\u011fini garanti edemeyece\u011fini&#8217; s\u00f6yledi. Suriye halk\u0131 kendi geleceklerine kendileri karar vermeliler. Bu bizim amac\u0131m\u0131z.&#8221; diye konu\u015ftu.<\/p>\n<p><strong>&#8220;T\u00fcrkiye\u2019nin \u00e7ok y\u00f6nl\u00fc d\u0131\u015f politikas\u0131 var&#8221;<\/strong><\/p>\n<p>T\u00fcrkiye\u2019nin NATO\u2019dan uzakla\u015f\u0131p, Rusya\u2019ya yak\u0131nla\u015ft\u0131\u011f\u0131 yorumlar\u0131n\u0131n an\u0131msat\u0131lmas\u0131na kar\u015f\u0131 \u00e7\u0131kan D\u0131\u015fi\u015fleri Bakan\u0131, &#8220;T\u00fcrkiye\u2019nin \u00e7ok y\u00f6nl\u00fc d\u0131\u015f politikas\u0131 var. U\u00e7ak hadisesinden sonra 8 ayda d\u00fczelttik ili\u015fkileri. \u015eimdi yeniden T\u00fcrk vatanda\u015flar\u0131n\u0131n vizesiz gitmesi i\u00e7in \u00e7al\u0131\u015f\u0131yoruz. Rusya, bizim i\u00e7in NATO\u2019nun ya da Avrupa&#8217;n\u0131n alternatifi de\u011fil.&#8221; dedi.<\/p>\n<p><strong>&#8220;Ayn\u0131s\u0131 \u0130talya\u2019da olsa ne yapard\u0131n\u0131z?&#8221;<\/strong><\/p>\n<p>T\u00fcrkiye\u2019nin DEA\u015e ile en etkin m\u00fccadele eden \u00fclke oldu\u011funu rakamlarla a\u00e7\u0131klayan \u00c7avu\u015fo\u011flu, yakla\u015f\u0131k 4 bin DEA\u015e mensubu ter\u00f6risti etkisiz hale getirdiklerini, 3 bin kadar\u0131n\u0131n T\u00fcrkiye\u2019de hapiste oldu\u011funu, buna ek olarak bug\u00fcne kadar 123 \u00fclkeden gelen yabanc\u0131 sava\u015f\u00e7\u0131y\u0131 s\u0131n\u0131rlarda yakalad\u0131klar\u0131 bilgisini verdi.<\/p>\n<p>Be\u011fenilmeyen bir siyasi iradenin demokratik se\u00e7im ile g\u00f6nderilece\u011fini ancak FET\u00d6\u2019n\u00fcn 15 Temmuz\u2019da tanklar\u0131 sivillerin \u00fcst\u00fcne s\u00fcrerek buna kalk\u0131\u015ft\u0131\u011f\u0131n\u0131 ifade eden \u00c7avu\u015fo\u011flu, &#8220;250 sivili \u00f6ld\u00fcrd\u00fcler, 2 binden fazla ki\u015fi yaraland\u0131. FET\u00d6\u2019ye ba\u011fl\u0131 ki\u015filer devletin her kademesine s\u0131zarken, bunlara angaje gazeteciler de \u00fc\u00e7\u00fcnc\u00fc ki\u015filer hakk\u0131nda sahte delillerle fabrikasyon haberlere imza atarak, ordudaki askerlere y\u00f6nelik yarg\u0131 s\u00fcreci y\u00fcr\u00fctt\u00fcler. Bunun ayn\u0131s\u0131n\u0131 PKK ter\u00f6r\u00fcnde de g\u00f6r\u00fcrs\u00fcn\u00fcz. PKK ter\u00f6r\u00fcne 40 bin insan\u0131m\u0131 kaybettim ben. Sonra, biz baz\u0131 parlamenterleri PKK\u2019ya silah ta\u015f\u0131rken yakalad\u0131k. Ayn\u0131s\u0131 \u0130talya\u2019da olsa ne yapard\u0131n\u0131z? Ne \u00f6nlemler al\u0131rd\u0131n\u0131z?\u201d diye sordu.<\/p>\n<p><strong>&#8220;YPG etnik temizlik yap\u0131yor&#8221;<\/strong><\/p>\n<p>Yabanc\u0131 Bas\u0131n Birli\u011fi \u00e7\u0131k\u0131\u015f\u0131nda Rus ve \u0130ranl\u0131 gazetecilerin Suriye Ulusal Diyalog Kongresi\u2019nin kat\u0131l\u0131mc\u0131lar\u0131na ili\u015fkin sorular\u0131n\u0131 da yan\u0131tlayan \u00c7avu\u015fo\u011flu, &#8220;\u00d6ncelikle bizim, YPG ile K\u00fcrtleri ay\u0131rmam\u0131z gerekiyor. E\u011fer YPG, K\u00fcrtlerin temsilcisi dersek biz hata yapm\u0131\u015f oluruz. Dolay\u0131s\u0131yla bizim ter\u00f6r \u00f6rg\u00fctleriyle di\u011ferlerini ay\u0131rmam\u0131z laz\u0131m. Suriyeli K\u00fcrtleri temsil eden \u00e7ok farkl\u0131 gruplar s\u00f6z konusu. Ter\u00f6r \u00f6rg\u00fctleri Suriye Ulusal Diyalog Kongresi\u2019ne kat\u0131lmamal\u0131lar. \u00c7\u00fcnk\u00fc onlar \u00fclkenin birli\u011finden yana de\u011filler. \u00dclkeyi b\u00f6lmeye \u00e7al\u0131\u015f\u0131yorlar.\u201d de\u011ferlendirmesinde bulundu.<\/p>\n<p>D\u0131\u015fi\u015fleri Bakan\u0131 \u00c7avu\u015fo\u011flu, bu seminerle Roma&#8217;daki temaslar\u0131n\u0131 tamamlad\u0131.<\/p>\n","protected":false},"excerpt":{"rendered":"<p>D\u0131\u015fi\u015fleri Bakan\u0131 \u00c7avu\u015fo\u011fl\u0131, &#8220;Bu rejimi hep ele\u015ftirdik. 1 milyon ki\u015fiyi \u00f6ld\u00fcrd\u00fc. Erdo\u011fan, d\u00fcn a\u00e7\u0131k \u015fekilde, &#8216;Esed \u00fclkenin birli\u011fini garanti edemeyece\u011fini&#8217; s\u00f6yledi.&#8221; diye konu\u015ftu.<\/p>\n","protected":false},"author":8,"featured_media":2103,"comment_status":"open","ping_status":"closed","sticky":false,"template":"","format":"standard","meta":[],"categories":[85],"tags":[],"_links":{"self":[{"href":"https:\/\/www.vizyon2023.com.tr\/index.php\/wp-json\/wp\/v2\/posts\/2102"}],"collection":[{"href":"https:\/\/www.vizyon2023.com.tr\/index.php\/wp-json\/wp\/v2\/posts"}],"about":[{"href":"https:\/\/www.vizyon2023.com.tr\/index.php\/wp-json\/wp\/v2\/types\/post"}],"author":[{"embeddable":true,"href":"https:\/\/www.vizyon2023.com.tr\/index.php\/wp-json\/wp\/v2\/users\/8"}],"replies":[{"embeddable":true,"href":"https:\/\/www.vizyon2023.com.tr\/index.php\/wp-json\/wp\/v2\/comments?post=2102"}],"version-history":[{"count":0,"href":"https:\/\/www.vizyon2023.com.tr\/index.php\/wp-json\/wp\/v2\/posts\/2102\/revisions"}],"wp:featuredmedia":[{"embeddable":true,"href":"https:\/\/www.vizyon2023.com.tr\/index.php\/wp-json\/wp\/v2\/media\/2103"}],"wp:attachment":[{"href":"https:\/\/www.vizyon2023.com.tr\/index.php\/wp-json\/wp\/v2\/media?parent=2102"}],"wp:term":[{"taxonomy":"category","embeddable":true,"href":"https:\/\/www.vizyon2023.com.tr\/index.php\/wp-json\/wp\/v2\/categories?post=2102"},{"taxonomy":"post_tag","embeddable":true,"href":"https:\/\/www.vizyon2023.com.tr\/index.php\/wp-json\/wp\/v2\/tags?post=2102"}],"curies":[{"name":"wp","href":"https:\/\/api.w.org\/{rel}","templated":true}]}}