{"id":2100,"date":"2017-11-24T09:15:46","date_gmt":"2017-11-24T07:15:46","guid":{"rendered":"http:\/\/www.vizyon2023.com.tr\/index.php\/2017\/11\/24\/tufenkci-sarraf-davasi-siyasidir\/"},"modified":"2017-11-24T09:15:46","modified_gmt":"2017-11-24T07:15:46","slug":"tufenkci-sarraf-davasi-siyasidir","status":"publish","type":"post","link":"https:\/\/www.vizyon2023.com.tr\/index.php\/2017\/11\/24\/tufenkci-sarraf-davasi-siyasidir\/","title":{"rendered":"T\u00fcfenkci: Sarraf davas\u0131 siyasidir"},"content":{"rendered":"<p>G\u00fcmr\u00fck ve Ticaret Bakan\u0131 B\u00fclent T\u00fcfenkci, \u0130stanbul&#8217;da Uluslararas\u0131 \u0130slam Birli\u011fi Kongresi&#8217;nin a\u00e7\u0131l\u0131\u015f\u0131nda konu\u015ftu.<\/p>\n<p>B\u00fclent T\u00fcfenkci, &#8220;Amerika&#8217;daki Sarraf davas\u0131 siyasidir, T\u00fcrkiye&#8217;yi k\u00f6\u015feye s\u0131k\u0131\u015ft\u0131rma davas\u0131d\u0131r. Bu dava ile ama\u00e7lanan ger\u00e7ekle\u015fmeyecek&#8221; dedi.<\/p>\n<p>T\u00fcfenkci s\u00f6zlerini \u015f\u00f6yle s\u00fcrd\u00fcrd\u00fc:<\/p>\n<p>&#8220;Amerika\u2019daki sarraf davas\u0131na bakt\u0131\u011f\u0131m\u0131zda onun da hukuki niteli\u011finden \u00e7ok emin olun hepsi siyasidir. Ve bakt\u0131\u011f\u0131m\u0131z zaman T\u00fcrkiye\u2019yi, T\u00fcrk milletini k\u00f6\u015feye s\u0131k\u0131\u015ft\u0131rma davas\u0131d\u0131r. Yoksa mesele \u015fu veya bu de\u011fil. Onun \u00fczerinden T\u00fcrkiye\u2019ye ekonomik anlamda \u015fantajlar yapma noktas\u0131nda olu\u015fturulan kumpas davalard\u0131r. Ne mesele \u0130ran ile ticarettir, ne de bir ba\u015fka meseledir. Bu dava hukukilikten \u00e7\u0131km\u0131\u015f siyasi bir mecraya do\u011fru h\u0131zla gidiyor. Ama T\u00fcrkiye dedi\u011fim gibi biz, bir ve beraber oldu\u011fumuz s\u00fcrece ne ekonomik ne de siyasi anlamda onlar\u0131n istediklerini ger\u00e7ekle\u015ftirmeyecek ve T\u00fcrkiye yoluna devam edecektir.&#8221;<\/p>\n<p>TRT HABER<\/p>\n","protected":false},"excerpt":{"rendered":"<p>G\u00fcmr\u00fck ve Ticaret Bakan\u0131 T\u00fcfenkci, Sarraf davas\u0131yla ilgili, &#8220;Amerika&#8217;daki Sarraf davas\u0131 siyasidir, T\u00fcrkiye&#8217;yi k\u00f6\u015feye s\u0131k\u0131\u015ft\u0131rma davas\u0131d\u0131r&#8221; dedi.<\/p>\n","protected":false},"author":8,"featured_media":2101,"comment_status":"open","ping_status":"closed","sticky":false,"template":"","format":"standard","meta":[],"categories":[85],"tags":[],"_links":{"self":[{"href":"https:\/\/www.vizyon2023.com.tr\/index.php\/wp-json\/wp\/v2\/posts\/2100"}],"collection":[{"href":"https:\/\/www.vizyon2023.com.tr\/index.php\/wp-json\/wp\/v2\/posts"}],"about":[{"href":"https:\/\/www.vizyon2023.com.tr\/index.php\/wp-json\/wp\/v2\/types\/post"}],"author":[{"embeddable":true,"href":"https:\/\/www.vizyon2023.com.tr\/index.php\/wp-json\/wp\/v2\/users\/8"}],"replies":[{"embeddable":true,"href":"https:\/\/www.vizyon2023.com.tr\/index.php\/wp-json\/wp\/v2\/comments?post=2100"}],"version-history":[{"count":0,"href":"https:\/\/www.vizyon2023.com.tr\/index.php\/wp-json\/wp\/v2\/posts\/2100\/revisions"}],"wp:featuredmedia":[{"embeddable":true,"href":"https:\/\/www.vizyon2023.com.tr\/index.php\/wp-json\/wp\/v2\/media\/2101"}],"wp:attachment":[{"href":"https:\/\/www.vizyon2023.com.tr\/index.php\/wp-json\/wp\/v2\/media?parent=2100"}],"wp:term":[{"taxonomy":"category","embeddable":true,"href":"https:\/\/www.vizyon2023.com.tr\/index.php\/wp-json\/wp\/v2\/categories?post=2100"},{"taxonomy":"post_tag","embeddable":true,"href":"https:\/\/www.vizyon2023.com.tr\/index.php\/wp-json\/wp\/v2\/tags?post=2100"}],"curies":[{"name":"wp","href":"https:\/\/api.w.org\/{rel}","templated":true}]}}