{"id":2086,"date":"2017-11-23T15:33:57","date_gmt":"2017-11-23T13:33:57","guid":{"rendered":"http:\/\/www.vizyon2023.com.tr\/index.php\/2017\/11\/23\/cumhurbaskani-erdogan-65-yil-sonra-bir-ilki-gerceklestirecek\/"},"modified":"2017-11-23T15:33:57","modified_gmt":"2017-11-23T13:33:57","slug":"cumhurbaskani-erdogan-65-yil-sonra-bir-ilki-gerceklestirecek","status":"publish","type":"post","link":"https:\/\/www.vizyon2023.com.tr\/index.php\/2017\/11\/23\/cumhurbaskani-erdogan-65-yil-sonra-bir-ilki-gerceklestirecek\/","title":{"rendered":"Cumhurba\u015fkan\u0131 Erdo\u011fan, 65 y\u0131l sonra bir ilki ger\u00e7ekle\u015ftirecek"},"content":{"rendered":"<p>Ba\u015fbakan Yard\u0131mc\u0131s\u0131 Hakan \u00c7avu\u015fo\u011flu, Cumhurba\u015fkan\u0131 Erdo\u011fan&#8217;\u0131n \u00f6n\u00fcm\u00fczdeki g\u00fcnlerde Yunanistan&#8217;a ger\u00e7ekle\u015ftirece\u011fi ziyaretin 65 y\u0131l sonra bir ilk oldu\u011funu ve iki \u00fclke aras\u0131ndaki ili\u015fkileri daha iyi bir seviyeye ta\u015f\u0131yaca\u011f\u0131n\u0131 s\u00f6yledi.<\/p>\n<p><strong>&#8220;Kom\u015fu oldu\u011fu ger\u00e7e\u011fini de\u011fi\u015ftiremeyiz&#8221;<\/strong><\/p>\n<p>T\u00fcrkiye ve Yunanistan ili\u015fkilerinin son d\u00f6nemde \u00fcst d\u00fczeyli g\u00f6r\u00fc\u015fmeler \u00e7er\u00e7evesinde devam etti\u011fini vurgulayan \u00c7avu\u015fo\u011flu, &#8220;Say\u0131n Cumhurba\u015fkan\u0131m\u0131z\u0131n \u00f6n\u00fcm\u00fczdeki g\u00fcnlerde ger\u00e7ekle\u015ftirece\u011fi ziyaret, bundan \u00f6nce yap\u0131lan ziyaretlerin tamamlay\u0131c\u0131s\u0131 mahiyetindedir. Yunanistan ile ekonomik ve turizm alan\u0131nda iki kom\u015fu \u00fclke olmam\u0131za ra\u011fmen \u00e7ok bakir alanlar\u0131m\u0131z mevcut. Bunlar\u0131 geli\u015ftirmek i\u00e7in bu ikili i\u015fbirliklerin ve g\u00f6r\u00fc\u015fmelerin \u00e7ok \u00f6nemli oldu\u011funu d\u00fc\u015f\u00fcn\u00fcyorum.&#8221; dedi.<\/p>\n<p>&#8220;Yunanistan ve T\u00fcrkiye&#8217;nin kom\u015fu oldu\u011fu ger\u00e7e\u011fini de\u011fi\u015ftiremeyiz.&#8221; diyen \u00c7avu\u015fo\u011flu, kom\u015fuluk ili\u015fkileri ve hukuku \u00e7er\u00e7evesinde her iki \u00fclkenin g\u00fc\u00e7lenmesine, halklar\u0131n refah ve ya\u015fam standard\u0131n\u0131n y\u00fckseltilmesine imkan ve olanak sa\u011flayacak i\u015fbirliklerine ihtiya\u00e7 oldu\u011funu vurgulad\u0131.<\/p>\n<p>\u015eubat ay\u0131nda Selanik&#8217;te Y\u00fcksek D\u00fczeyli Stratejik \u0130\u015fbirli\u011fi Toplant\u0131s\u0131&#8217;n\u0131n ger\u00e7ekle\u015fece\u011fini bildiren \u00c7avu\u015fo\u011flu, yap\u0131lacak projeler hakk\u0131nda da bilgi verdi.<\/p>\n<p>\u00dc\u00e7 somut proje oldu\u011funu anlatan \u00c7avu\u015fo\u011flu, bunlardan ilkinin \u0130zmir&#8217;den Selanik&#8217;e insan ve y\u00fck ta\u015f\u0131mac\u0131l\u0131\u011f\u0131na ili\u015ftin feribot seferleri, ikincisinin \u0130stanbul&#8217;dan Selanik&#8217;e h\u0131zl\u0131 tren hatt\u0131 yap\u0131m\u0131, \u00fc\u00e7\u00fcnc\u00fcs\u00fcn\u00fcn de Kipi ve \u0130psala g\u00fcmr\u00fck kap\u0131lar\u0131na k\u00f6pr\u00fc yap\u0131m\u0131 oldu\u011funu s\u00f6yledi.<\/p>\n<p><strong>&#8220;Bu ziyaretin \u00e7ok \u00f6nemli neticeleri olaca\u011f\u0131n\u0131 d\u00fc\u015f\u00fcn\u00fcyorum&#8221;<\/strong><\/p>\n<p>\u00c7avu\u015fo\u011flu, Cumhurba\u015fkan\u0131 Erdo\u011fan&#8217;\u0131n Yunanistan&#8217;a ger\u00e7ekle\u015ftirece\u011fi ziyarete ili\u015fkin, \u015fu de\u011ferlendirmeyi yapt\u0131:<\/p>\n<p>&#8220;Say\u0131n Cumhurba\u015fkan\u0131m\u0131z 65 y\u0131l sonra ilk defa bir T\u00fcrkiye Cumhuriyeti Cumhurba\u015fkan\u0131 olarak Yunanistan&#8217;\u0131 ziyaret edecek. Bu ziyaretin \u00e7ok \u00f6nemli neticeleri olaca\u011f\u0131n\u0131 d\u00fc\u015f\u00fcn\u00fcyorum. Yunanistan ziyaretimde, Bat\u0131 Trakya B\u00f6lgesinde G\u00fcm\u00fclcine ve \u0130ske\u00e7e&#8217;de soyda\u015flar\u0131m\u0131z, yak\u0131nlar\u0131m\u0131z ve akrabalar\u0131m\u0131z\u0131n b\u00fcy\u00fck bir tevecc\u00fch\u00fc ile kar\u015f\u0131la\u015ft\u0131k. Allah onlardan raz\u0131 olsun. Bu tabii kendileri i\u00e7in her an d\u00fc\u015f\u00fcnen, her an kalbi atan bir Cumhurba\u015fkan\u0131m\u0131z\u0131n varl\u0131\u011f\u0131ndan kaynaklanan bir heyecan. 80 milyon T\u00fcrkiye&#8217;yi yanlar\u0131nda g\u00f6rm\u00fc\u015f olmalar\u0131ndan kaynaklanan bir heyecan.&#8221;<\/p>\n<p>\u0130ske\u00e7e&#8217;de bir k\u00f6y ziyaretinde balkonlara &#8220;Reisicumhur&#8217;u Balkan \u00e7ay\u0131na bekliyoruz&#8221; ifadesinin yer ald\u0131\u011f\u0131 pankart as\u0131ld\u0131\u011f\u0131n\u0131 g\u00f6rd\u00fc\u011f\u00fcn\u00fc aktaran \u00c7avu\u015fo\u011flu, \u015funlar\u0131 kaydetti:<\/p>\n<p>&#8220;B\u00f6yle bir heyecan var. \u0130yi niyetli ve samimi bir i\u015f birli\u011fi \u00e7abas\u0131 i\u00e7erisindeyiz. Gerek Bat\u0131 Trakya&#8217;da gerekse ikili ili\u015fkiler ba\u011flam\u0131nda ama maalesef Yunanistan i\u00e7erisinde hem az\u0131nl\u0131k konusunu hem de T\u00fcrkiye ile ili\u015fkileri siyasi ranta d\u00f6n\u00fc\u015ft\u00fcrmek isteyen partiler, medya organlar\u0131 ve a\u015f\u0131r\u0131c\u0131l\u0131k taraftar\u0131 olan Yunanl\u0131lar var. Bunlar bir rahats\u0131zl\u0131k unsuru olu\u015fturabilir mi? Elbette olu\u015fturabilir. Biz iki kom\u015fu \u00fclkeyiz, bu ger\u00e7e\u011fi de\u011fi\u015ftiremeyiz. Ya iki \u00fclke beraber i\u015f birli\u011fini sa\u011flayaca\u011f\u0131z, b\u00f6lgenin g\u00fc\u00e7l\u00fc iki \u00fclkesi olaca\u011f\u0131z veya bu kriz alanlar\u0131n\u0131 s\u00fcrd\u00fcrmeye devam edece\u011fiz.&#8221;<\/p>\n<p>\u00c7avu\u015fo\u011flu, T\u00fcrkiye&#8217;nin talebinin iki kom\u015fu \u00fclkenin i\u015f birli\u011fini geli\u015ftirerek, b\u00f6lgede iki g\u00fc\u00e7l\u00fc \u00fclke olmalar\u0131 y\u00f6n\u00fcnde oldu\u011funu belirterek, krizin \u00e7\u00f6z\u00fcm\u00fc i\u00e7in de her t\u00fcrl\u00fc ad\u0131m\u0131n denenmesi gerekti\u011fini s\u00f6yledi.<\/p>\n<p>Bat\u0131 Trakya ziyaretinde, orada bulunan soyda\u015flara Yunan vatanda\u015f\u0131 olduklar\u0131n\u0131 ve Yunanistan devleti nezdindeki sorumluluklar\u0131n\u0131 unutmamalar\u0131 gerekti\u011fini ifade etti\u011fini anlatan \u00c7avu\u015fo\u011flu, b\u00fct\u00fcn taleplerin ve m\u00fccadelelerin hukuk \u00e7er\u00e7evesinde y\u00fcr\u00fct\u00fclmesi gerekti\u011fini s\u00f6zlerine ekledi.<\/p>\n<p>AA<\/p>\n","protected":false},"excerpt":{"rendered":"<p>Ba\u015fbakan Yard\u0131mc\u0131s\u0131 \u00c7avu\u015fo\u011flu, Cumhurba\u015fkan\u0131 Recep Tayyip Erdo\u011fan&#8217;\u0131n 65 y\u0131l sonra Yunanistan&#8217;\u0131 ziyaret edecek ilk T\u00fcrkiye Cumhuriyeti Cumhurba\u015fkan\u0131 olaca\u011f\u0131n\u0131 belirtti.<\/p>\n","protected":false},"author":8,"featured_media":2087,"comment_status":"open","ping_status":"closed","sticky":false,"template":"","format":"standard","meta":[],"categories":[85],"tags":[],"_links":{"self":[{"href":"https:\/\/www.vizyon2023.com.tr\/index.php\/wp-json\/wp\/v2\/posts\/2086"}],"collection":[{"href":"https:\/\/www.vizyon2023.com.tr\/index.php\/wp-json\/wp\/v2\/posts"}],"about":[{"href":"https:\/\/www.vizyon2023.com.tr\/index.php\/wp-json\/wp\/v2\/types\/post"}],"author":[{"embeddable":true,"href":"https:\/\/www.vizyon2023.com.tr\/index.php\/wp-json\/wp\/v2\/users\/8"}],"replies":[{"embeddable":true,"href":"https:\/\/www.vizyon2023.com.tr\/index.php\/wp-json\/wp\/v2\/comments?post=2086"}],"version-history":[{"count":0,"href":"https:\/\/www.vizyon2023.com.tr\/index.php\/wp-json\/wp\/v2\/posts\/2086\/revisions"}],"wp:featuredmedia":[{"embeddable":true,"href":"https:\/\/www.vizyon2023.com.tr\/index.php\/wp-json\/wp\/v2\/media\/2087"}],"wp:attachment":[{"href":"https:\/\/www.vizyon2023.com.tr\/index.php\/wp-json\/wp\/v2\/media?parent=2086"}],"wp:term":[{"taxonomy":"category","embeddable":true,"href":"https:\/\/www.vizyon2023.com.tr\/index.php\/wp-json\/wp\/v2\/categories?post=2086"},{"taxonomy":"post_tag","embeddable":true,"href":"https:\/\/www.vizyon2023.com.tr\/index.php\/wp-json\/wp\/v2\/tags?post=2086"}],"curies":[{"name":"wp","href":"https:\/\/api.w.org\/{rel}","templated":true}]}}