{"id":2061,"date":"2017-11-23T09:23:51","date_gmt":"2017-11-23T07:23:51","guid":{"rendered":"http:\/\/www.vizyon2023.com.tr\/index.php\/2017\/11\/23\/halifax-uluslararasi-guvenlik-forumundan-akara-ozur-2\/"},"modified":"2017-11-23T09:23:51","modified_gmt":"2017-11-23T07:23:51","slug":"halifax-uluslararasi-guvenlik-forumundan-akara-ozur-2","status":"publish","type":"post","link":"https:\/\/www.vizyon2023.com.tr\/index.php\/2017\/11\/23\/halifax-uluslararasi-guvenlik-forumundan-akara-ozur-2\/","title":{"rendered":"Halifax Uluslararas\u0131 G\u00fcvenlik Forumu&#8217;ndan Akar&#8217;a \u00f6z\u00fcr"},"content":{"rendered":"<p>Halifax Uluslararas\u0131 G\u00fcvenlik Forumu, Genelkurmay Ba\u015fkan\u0131 Orgeneral Hulusi Akar\u2019\u0131n konu\u015fmas\u0131n\u0131 darbeden sonra \u00e7ekilmi\u015f bo\u011faz\u0131nda yara izi yer alan foto\u011fraf\u0131n\u0131 kullanarak sosyal medya hesaplar\u0131ndan duyurdu\u011fundan dolay\u0131 Orgeneral Akar&#8217;dan \u00f6z\u00fcr diledi.<\/p>\n<p>Halifax Uluslararas\u0131 G\u00fcvenlik Forumu&#8217;ndan yap\u0131lan a\u00e7\u0131klama \u015f\u00f6yle:<\/p>\n<p>\u201cT\u00fcrk Genelkurmay Ba\u015fkan\u0131 Orgeneral Hulusi Akar\u2019\u0131 ve Avrupa Birli\u011fi Bakan\u0131 \u00d6mer \u00c7elik\u2019i Halifax\u2019ta a\u011f\u0131rlamaktan gurur duyduk. Orgeneral Akar\u2019\u0131 tan\u0131tmak i\u00e7in internet \u00fczerinden kulland\u0131\u011f\u0131m\u0131z foto\u011fraf\u0131n neden oldu\u011fu yanl\u0131\u015f anla\u015f\u0131lma ve rahats\u0131zl\u0131ktan dolay\u0131 \u00fczg\u00fcn\u00fcz.\u201d<\/p>\n<p>Orgeneral Akar, Bakan \u00c7elik ile Foruma kat\u0131lm\u0131\u015f ve Forumda cumartesi g\u00fcn\u00fc konu\u015fma yapm\u0131\u015ft\u0131.<\/p>\n<p><strong>Ne olmu\u015ftu?<\/strong><\/p>\n<p>Orgeneral Akar, 15 Temmuz darbe giri\u015fimi s\u0131ras\u0131nda Genelkurmay Karargah\u0131\u2019nda al\u0131konulmu\u015f, Ak\u0131nc\u0131 \u00dcss\u00fc&#8217;ne g\u00f6t\u00fcr\u00fclm\u00fc\u015ft\u00fc.<\/p>\n<p>Sabah d\u00fczenlenen operasyonla serbest kal\u0131r kalmaz \u00c7ankaya K\u00f6\u015fk\u00fc&#8217;ne Ba\u015fbakan Y\u0131ld\u0131r\u0131m\u2019\u0131n yan\u0131na gitmi\u015fti.<\/p>\n<p>O s\u0131rada \u00e7ekilen foto\u011fraf 16 ay sonra Halifax G\u00fcvenlik Forumu\u2019nun sosyal medya hesab\u0131nda yay\u0131nlanm\u0131\u015ft\u0131.<\/p>\n<p>Skandal\u0131n sebebi ise o foto\u011frafta Orgeneral Akar\u2019\u0131n boynunda derdest edilmesi s\u0131ras\u0131nda kullan\u0131lan kemerin iziydi. Tepkiler \u00fczerine o foto\u011fraf sosyal medya hesab\u0131ndan kald\u0131r\u0131lm\u0131\u015ft\u0131.<\/p>\n<p>Kaynak: AA\/TRT Haber<\/p>\n","protected":false},"excerpt":{"rendered":"<p>Halifax Uluslararas\u0131 G\u00fcvenlik Forumu, Akar\u2019\u0131n konu\u015fmas\u0131n\u0131 bo\u011faz\u0131nda yara izi olan foto\u011fraf\u0131n\u0131 kullanarak sosyal medyadan duyurmas\u0131 sebebiyle Orgeneral Akar&#8217;dan \u00f6z\u00fcr diledi.<\/p>\n","protected":false},"author":8,"featured_media":2062,"comment_status":"open","ping_status":"closed","sticky":false,"template":"","format":"standard","meta":[],"categories":[85],"tags":[],"_links":{"self":[{"href":"https:\/\/www.vizyon2023.com.tr\/index.php\/wp-json\/wp\/v2\/posts\/2061"}],"collection":[{"href":"https:\/\/www.vizyon2023.com.tr\/index.php\/wp-json\/wp\/v2\/posts"}],"about":[{"href":"https:\/\/www.vizyon2023.com.tr\/index.php\/wp-json\/wp\/v2\/types\/post"}],"author":[{"embeddable":true,"href":"https:\/\/www.vizyon2023.com.tr\/index.php\/wp-json\/wp\/v2\/users\/8"}],"replies":[{"embeddable":true,"href":"https:\/\/www.vizyon2023.com.tr\/index.php\/wp-json\/wp\/v2\/comments?post=2061"}],"version-history":[{"count":0,"href":"https:\/\/www.vizyon2023.com.tr\/index.php\/wp-json\/wp\/v2\/posts\/2061\/revisions"}],"wp:featuredmedia":[{"embeddable":true,"href":"https:\/\/www.vizyon2023.com.tr\/index.php\/wp-json\/wp\/v2\/media\/2062"}],"wp:attachment":[{"href":"https:\/\/www.vizyon2023.com.tr\/index.php\/wp-json\/wp\/v2\/media?parent=2061"}],"wp:term":[{"taxonomy":"category","embeddable":true,"href":"https:\/\/www.vizyon2023.com.tr\/index.php\/wp-json\/wp\/v2\/categories?post=2061"},{"taxonomy":"post_tag","embeddable":true,"href":"https:\/\/www.vizyon2023.com.tr\/index.php\/wp-json\/wp\/v2\/tags?post=2061"}],"curies":[{"name":"wp","href":"https:\/\/api.w.org\/{rel}","templated":true}]}}