{"id":2053,"date":"2017-11-23T09:22:03","date_gmt":"2017-11-23T07:22:03","guid":{"rendered":"http:\/\/www.vizyon2023.com.tr\/index.php\/2017\/11\/23\/rahatsiz-olsaniz-da-olmasaniz-da-biz-nukleer-enerjiyi-yapacagiz\/"},"modified":"2017-11-23T09:22:03","modified_gmt":"2017-11-23T07:22:03","slug":"rahatsiz-olsaniz-da-olmasaniz-da-biz-nukleer-enerjiyi-yapacagiz","status":"publish","type":"post","link":"https:\/\/www.vizyon2023.com.tr\/index.php\/2017\/11\/23\/rahatsiz-olsaniz-da-olmasaniz-da-biz-nukleer-enerjiyi-yapacagiz\/","title":{"rendered":"&#8216;Rahats\u0131z olsan\u0131z da olmasan\u0131z da biz n\u00fckleer enerjiyi yapaca\u011f\u0131z&#8217;"},"content":{"rendered":"<p>Cumhurba\u015fkan\u0131 Recep Tayyip Erdo\u011fan, Be\u015ftepe Millet K\u00fclt\u00fcr ve Kongre Merkezi&#8217;nde, Enerji ve Tabii Kaynaklar Bakanl\u0131\u011f\u0131nca d\u00fczenlenen &#8220;2017 Y\u0131l\u0131 Elektrik Yat\u0131r\u0131mlar\u0131 Toplu A\u00e7\u0131l\u0131\u015f T\u00f6reni&#8221;ne kat\u0131ld\u0131.<\/p>\n<p>Erdo\u011fan, bu t\u00f6renle y\u0131l bitmeden 6 bin 90 megavat g\u00fcc\u00fcnde bin 583 tesisin \u00fclkeye kazand\u0131r\u0131ld\u0131\u011f\u0131n\u0131 belirterek, &#8220;Bu tesislerin kurulu g\u00fc\u00e7 bak\u0131m\u0131ndan yakla\u015f\u0131k y\u00fczde 78&#8217;lik k\u0131sm\u0131 lisansl\u0131, y\u00fczde 22&#8217;lik k\u0131sm\u0131 ise kendi t\u00fcketimini kar\u015f\u0131lamaya y\u00f6nelik olarak hayata ge\u00e7irilen lisans\u0131z elektrik santrallerinden olu\u015fuyor. \u0130n\u015fallah y\u0131l sonuna kadar yakla\u015f\u0131k bin 191 adet toplam 2 bin 132 megavatl\u0131k elektrik \u00fcretim tesisini daha devreye alaca\u011f\u0131z.&#8221; ifadesini kulland\u0131.<\/p>\n<p>Santrallerin de hizmete girmesiyle sadece 2017 y\u0131l\u0131nda toplam 2 bin 774 adet ve 8 bin 222 megavatl\u0131k tesisin T\u00fcrkiye&#8217;ye kazand\u0131r\u0131laca\u011f\u0131na i\u015faret eden Erdo\u011fan, &#8220;B\u00f6ylece bir y\u0131lda devreye giren \u00fcretim santralleri a\u00e7\u0131s\u0131ndan yeni bir rekora imza at\u0131yoruz. Enerji, \u00f6zellikle elektrik enerjisi alan\u0131ndaki yat\u0131r\u0131mlar\u0131m\u0131za in\u015fallah bundan sonra da h\u0131z kesmeden devam edece\u011fiz.&#8221; dedi.<\/p>\n<p>Cumhurba\u015fkan\u0131 Erdo\u011fan, \u00fclkelerin b\u00fcy\u00fcme oranlar\u0131yla enerji t\u00fcketimleri aras\u0131nda, hatta refah d\u00fczeyleriyle do\u011frudan bir ili\u015fkisi bulundu\u011funu vurgulad\u0131.<\/p>\n<p><strong>&#8220;Enerji hamlelerimizi baltalamak i\u00e7in \u00f6zel \u00e7aba harc\u0131yorlar&#8221;<\/strong><\/p>\n<p>Erdo\u011fan, yerli k\u00f6m\u00fcr\u00fcn elektrik \u00fcretimindeki pay\u0131n\u0131n ise y\u00fczde 16&#8217;ya y\u00fckseltildi\u011fine de\u011finerek, elektrik \u00fcretiminde 10 bin 550 megavat olan yerli k\u00f6m\u00fcr\u00fcn kurulu g\u00fcc\u00fcne yak\u0131nda 5 bin megavat daha ilave kapasite eklenece\u011fini de a\u00e7\u0131klad\u0131.<\/p>\n<p>Sadece \u00fclkede de\u011fil, b\u00fct\u00fcn d\u00fcnyada elektrik \u00fcretiminde k\u00f6m\u00fcr kullan\u0131m\u0131n\u0131n giderek yayg\u0131nla\u015ft\u0131\u011f\u0131na dikkati \u00e7eken Cumhurba\u015fkan\u0131 Erdo\u011fan, \u015fu g\u00f6r\u00fc\u015flere yer verdi:<\/p>\n<p>&#8220;Birileri bize \u00e7ok farkl\u0131 bir \u015fekilde ak\u0131llar veriyor. \u0130\u00e7eriden ak\u0131l veren var, d\u0131\u015far\u0131dan ak\u0131l veren var. Son y\u0131llar\u0131n y\u00fckselen ekonomileri olan \u00c7in ve Hindistan bu ba\u015far\u0131lar\u0131n\u0131 \u00f6nemli oranda elektrik \u00fcretiminde k\u00f6m\u00fcr kullanmaya, yani kendi kaynaklar\u0131n\u0131 de\u011ferlendirmeye bor\u00e7ludurlar. Ayn\u0131 \u015fekilde Polonya y\u00fczde 84, Almanya y\u00fczde 42, \u0130ngiltere y\u00fczde 39 ve Danimarka y\u00fczde 34 oran\u0131nda elektrik ihtiyac\u0131n\u0131 k\u00f6m\u00fcrden kar\u015f\u0131l\u0131yor. Avrupa&#8217;da halihaz\u0131rda i\u015fletmeli olan 682 k\u00f6m\u00fcr santraline ilaveten, 30 yeni k\u00f6m\u00fcr santrali daha in\u015fa ediliyor.<\/p>\n<p>Durum bu kadar a\u00e7\u0131k bir \u015fekilde ortadayken, \u00fclkemizde say\u0131lar\u0131 az fakat sesleri \u00e7ok \u00e7\u0131kan belli kesimlerin, enerji hamlelerimizi baltalamak i\u00e7in \u00f6zel \u00e7aba harcad\u0131klar\u0131n\u0131 g\u00f6r\u00fcyoruz. Bo\u015funa \u00e7aba harcamay\u0131n. Bu kervan gidiyor, b\u00f6yle de gidecek. \u00c7\u00fcnk\u00fc bunlar\u0131n bu \u00fclkede dikili ta\u015flar\u0131 yok, bir dikili a\u011fa\u00e7lar\u0131 yok. Bu alanlarda att\u0131klar\u0131 en ufak bir ad\u0131m yok. Bunlar sadece gelsinler, bu t\u00fcr g\u00f6steriydi, \u015fuydu buydu, vesaire&#8230; Bu t\u00fcr \u015feyleri yap\u0131p kendilerine g\u00f6re, kendilerini tatmin etsinler. Biz bu \u00fclkede karanl\u0131k bir k\u00f6y g\u00f6rmek istemiyoruz.&#8221;<\/p>\n<p><strong>&#8220;N\u00fckleer de birilerini rahats\u0131z ediyor&#8221;<\/strong><\/p>\n<p>Erdo\u011fan, termik santrallerde yo\u011fun bir hareketlenme ba\u015flad\u0131\u011f\u0131n\u0131 belirterek, g\u00fcne\u015f ve r\u00fczgar enerjisinde \u00e7ok \u00f6nemli ad\u0131mlar at\u0131lmaya ba\u015fland\u0131\u011f\u0131n\u0131 s\u00f6yledi.<\/p>\n<p>Enerji denildi\u011fi zaman onun alt yap\u0131s\u0131n\u0131 olu\u015fturan ne varsa T\u00fcrkiye&#8217;nin art\u0131k bunlar\u0131 kullan\u0131r hale geldi\u011fini vurgulayan Erdo\u011fan, &#8220;\u015eimdi n\u00fckleere giriyoruz. N\u00fckleer de birilerini rahats\u0131z ediyor. Rahats\u0131z olsan\u0131z da olmasan\u0131z da biz n\u00fckleer enerjiyi de yapaca\u011f\u0131z.&#8221; ifadesini kulland\u0131.<\/p>\n<p>Cumhurba\u015fkan\u0131 Erdo\u011fan, enerjiyi kilovatsaatte ne kadar daha ucuza halka ula\u015ft\u0131rman\u0131n derdi i\u00e7inde olduklar\u0131n\u0131 dile getirerek, konu\u015fmas\u0131n\u0131 \u015f\u00f6yle s\u00fcrd\u00fcrd\u00fc:<\/p>\n<p>&#8220;Bizim b\u00f6yle derdimiz var ama bunlar\u0131n b\u00f6yle bir derdi yok. B\u00f6yle bir anlay\u0131\u015f\u0131 da yok. Onun i\u00e7in biz onu da yapaca\u011f\u0131z. Bu safsatalar\u0131n\u0131n tutmad\u0131\u011f\u0131n\u0131 g\u00f6r\u00fcnce bunlar ne yapt\u0131lar? Bu sefer d\u00fcmeni \u00e7evrecili\u011fe k\u0131rd\u0131lar. \u00d6m\u00fcrlerinde bir a\u011fa\u00e7 dikmemi\u015f, bir fidana su vermemi\u015f ki\u015filer, birden ba\u015f\u0131m\u0131za ekoloji uzman\u0131 kesildiler. Gezi olaylar\u0131 s\u0131ras\u0131nda insan\u0131m\u0131z\u0131n can\u0131na kast eden, esnaf\u0131n d\u00fckkan\u0131n\u0131 ya\u011fmalayan, polisimize kur\u015fun s\u0131kan vandallar\u0131, \u00fc\u00e7, be\u015f a\u011fa\u00e7 i\u00e7in m\u00fccadele eden \u00e7evreci gen\u00e7ler diye pazarlamaya kalkt\u0131lar.<\/p>\n<p>Bakt\u0131lar bu etiket, yurt d\u0131\u015f\u0131ndaki T\u00fcrkiye d\u00fc\u015fman\u0131 \u00e7evrelerde onlara prim kazand\u0131r\u0131yor, i\u015fi ter\u00f6r \u00f6rg\u00fct\u00fcn\u00fcn bro\u015f\u00fcr\u00fcne \u00e7evirdikleri gazetelerinde eli kanl\u0131 ter\u00f6ristleri ekolojik kahramanlar olarak sunmaya kadar vard\u0131rd\u0131lar. \u00c7ukur eylemlerinde de bu kesimlerin benzer tav\u0131rlar\u0131na \u015fahit olduk. \u00d6yle ki kim ger\u00e7ekten samimi \u00e7evreci, kim bu i\u015fleri ba\u015fka ama\u00e7lar i\u00e7in kullanan istismarc\u0131, inan\u0131n ay\u0131rt edemez hale geldik. Mesele ger\u00e7ekten \u00e7evreyse, bu \u00fclkenin orman varl\u0131\u011f\u0131n\u0131 yakla\u015f\u0131k 21 milyon hektardan, 22,5 milyon hektara \u00e7\u0131karan bir iktidar partisinin lideri olarak kimse kusura bakmas\u0131n \u00e7evreci s\u0131fat\u0131n\u0131 ben bunlara b\u0131rakmam.&#8221;<\/p>\n<p>Ger\u00e7ek manada \u00e7evreci olmayanlar\u0131 if\u015fa etmeyi vazife bildi\u011finin alt\u0131n\u0131 \u00e7izen Erdo\u011fan, T\u00fcrkiye&#8217;de bu t\u00fcr istismarlar\u0131 yapanlar\u0131n genellikle kendilerini &#8220;sol&#8221; ve &#8220;sosyalist&#8221; gibi s\u0131fatlarla tan\u0131mlad\u0131klar\u0131n\u0131 s\u00f6yledi. Erdo\u011fan, \u015f\u00f6yle konu\u015ftu:<\/p>\n<p>&#8220;Kimileri liberal gibi g\u00f6r\u00fcnseler de hepsinin y\u0131ld\u0131z\u0131n\u0131 kaz\u0131y\u0131nca alt\u0131ndan inan\u0131n bunlar \u00e7\u0131kar. T\u00fcrk solunun tarlas\u0131, s\u00f6z\u00fcm ona kar\u015f\u0131 olduklar\u0131 emperyalistler taraf\u0131ndan \u00e7ok \u00f6nceden s\u00fcr\u00fclm\u00fc\u015ft\u00fcr. Bu gruplar, tarihimizin \u00f6nemli bir b\u00f6l\u00fcm\u00fcnde T\u00fcrkiye&#8217;nin b\u00fcy\u00fcmesini sabote etmenin, \u00fclkemizi kaos ve \u00e7at\u0131\u015fma ortam\u0131na s\u00fcr\u00fcklemenin en kullan\u0131\u015fl\u0131 ara\u00e7lar\u0131 olmu\u015ftur. &#8216;Kahrolsun&#8217; dedikleri t\u00fcm g\u00fc\u00e7lerin, T\u00fcrkiye kar\u015f\u0131t\u0131 t\u00fcm \u00e7evrelerin bilerek ya da bilmeyerek ta\u015feronlu\u011funu yapm\u0131\u015flard\u0131r. D\u00fcn darbecilere, vesayet\u00e7ilere g\u00f6n\u00fcll\u00fc hizmetkarl\u0131k edenler, bug\u00fcn de T\u00fcrkiye&#8217;nin enerji yat\u0131r\u0131mlar\u0131n\u0131 baltalamak isteyenlere piyonluk yap\u0131yor. Kimse aksini iddia etmesin, herkes kullan\u0131rken, bu \u00fclkede k\u00f6m\u00fcre kar\u015f\u0131 \u00e7\u0131kmak demek, T\u00fcrkiye kendi kaynaklar\u0131n\u0131 de\u011ferlendirmesin demek de\u011fil midir?&#8221;<\/p>\n<p><strong>&#8220;Meselemiz milli ve yerli bir altyap\u0131ya sahip olmak&#8221;<\/strong><\/p>\n<p>Cumhurba\u015fkan\u0131 Erdo\u011fan, yerli kaynaklar\u0131 harekete ge\u00e7irme modeliyle sadece enerji maliyetlerini d\u00fc\u015f\u00fcrmekle kalmad\u0131klar\u0131n\u0131, ayn\u0131 zamanda enerji teknolojilerinin yerelle\u015fmesi anlam\u0131nda da ciddi bir devrime imza att\u0131klar\u0131n\u0131 belirterek, T\u00fcrkiye&#8217;nin bu alanda teknoloji ihra\u00e7 eden bir \u00fclke konumuna gelme yolunda ilerledi\u011finin alt\u0131n\u0131 \u00e7izdi.<\/p>\n<p>Gelecek 10 y\u0131l i\u00e7inde 10 bin megavat g\u00fcne\u015f ve 10 bin megavat r\u00fczgar enerjisini devreye almak istediklerini aktaran Erdo\u011fan, &#8220;Buna haz\u0131r olan giri\u015fimcilerimizin \u015fu anda aram\u0131zda oldu\u011funu g\u00f6r\u00fcyorum. Bundan dolay\u0131 da mutluyum.&#8221; diye konu\u015ftu.<\/p>\n<p>Bakanl\u0131\u011f\u0131n yerli k\u00f6m\u00fcre daha fazla te\u015fvik sa\u011flanmas\u0131 konusunda \u00e7al\u0131\u015ft\u0131\u011f\u0131n\u0131 bildiren Erdo\u011fan, &#8220;Bu hususta \u00f6n\u00fcm\u00fczdeki y\u0131l\u0131n ilk aylar\u0131nda, in\u015fallah bir m\u00fcjde a\u00e7\u0131klanacak. Milli enerji ve maden politikas\u0131, T\u00fcrkiye&#8217;nin gelecek y\u0131llardaki hedeflerine ula\u015fmas\u0131nda \u00f6nemli bir itici g\u00fc\u00e7 olacakt\u0131r. Bizim temel meselemiz, siyasi, mali, ekonomik, diplomatik, adli, askeri, k\u00fclt\u00fcrel her alanda milli ve yerli bir altyap\u0131ya sahip olmakt\u0131r. \u0130n\u015fallah bunu hep birlikte ger\u00e7ekle\u015ftirece\u011fimize inan\u0131yorum. Bunun i\u00e7in yat\u0131r\u0131mc\u0131lar\u0131m\u0131zdan, yeni projelerin haberlerini bekliyorum.&#8221; de\u011ferlendirmesini yapt\u0131.<\/p>\n","protected":false},"excerpt":{"rendered":"<p>Cumhurba\u015fkan\u0131 Erdo\u011fan, &#8220;N\u00fckleere giriyoruz bu baz\u0131lar\u0131n\u0131 rahats\u0131z ediyor. Rahats\u0131z olsan\u0131z da olmasan\u0131z da biz n\u00fckleer enerjiyi yapaca\u011f\u0131z.&#8221; dedi.<\/p>\n","protected":false},"author":8,"featured_media":2054,"comment_status":"open","ping_status":"closed","sticky":false,"template":"","format":"standard","meta":[],"categories":[85],"tags":[],"_links":{"self":[{"href":"https:\/\/www.vizyon2023.com.tr\/index.php\/wp-json\/wp\/v2\/posts\/2053"}],"collection":[{"href":"https:\/\/www.vizyon2023.com.tr\/index.php\/wp-json\/wp\/v2\/posts"}],"about":[{"href":"https:\/\/www.vizyon2023.com.tr\/index.php\/wp-json\/wp\/v2\/types\/post"}],"author":[{"embeddable":true,"href":"https:\/\/www.vizyon2023.com.tr\/index.php\/wp-json\/wp\/v2\/users\/8"}],"replies":[{"embeddable":true,"href":"https:\/\/www.vizyon2023.com.tr\/index.php\/wp-json\/wp\/v2\/comments?post=2053"}],"version-history":[{"count":0,"href":"https:\/\/www.vizyon2023.com.tr\/index.php\/wp-json\/wp\/v2\/posts\/2053\/revisions"}],"wp:featuredmedia":[{"embeddable":true,"href":"https:\/\/www.vizyon2023.com.tr\/index.php\/wp-json\/wp\/v2\/media\/2054"}],"wp:attachment":[{"href":"https:\/\/www.vizyon2023.com.tr\/index.php\/wp-json\/wp\/v2\/media?parent=2053"}],"wp:term":[{"taxonomy":"category","embeddable":true,"href":"https:\/\/www.vizyon2023.com.tr\/index.php\/wp-json\/wp\/v2\/categories?post=2053"},{"taxonomy":"post_tag","embeddable":true,"href":"https:\/\/www.vizyon2023.com.tr\/index.php\/wp-json\/wp\/v2\/tags?post=2053"}],"curies":[{"name":"wp","href":"https:\/\/api.w.org\/{rel}","templated":true}]}}