{"id":2051,"date":"2017-11-23T09:21:30","date_gmt":"2017-11-23T07:21:30","guid":{"rendered":"http:\/\/www.vizyon2023.com.tr\/index.php\/2017\/11\/23\/bolgenin-kaderini-bu-bolgede-yasayanlar-belirler\/"},"modified":"2017-11-23T09:21:30","modified_gmt":"2017-11-23T07:21:30","slug":"bolgenin-kaderini-bu-bolgede-yasayanlar-belirler","status":"publish","type":"post","link":"https:\/\/www.vizyon2023.com.tr\/index.php\/2017\/11\/23\/bolgenin-kaderini-bu-bolgede-yasayanlar-belirler\/","title":{"rendered":"&#8216;B\u00f6lgenin kaderini bu b\u00f6lgede ya\u015fayanlar belirler&#8217;"},"content":{"rendered":"<p>Ba\u015fbakan Binali Y\u0131ld\u0131r\u0131m, Davutpa\u015fa Y\u0131ld\u0131z Teknik \u00dcniversitesi Akademik Y\u0131l A\u00e7\u0131l\u0131\u015f\u0131 ve Fahri Doktora Tevcih T\u00f6reni&#8217;ne kat\u0131ld\u0131.<\/p>\n<p>Y\u0131ld\u0131r\u0131m burada yapt\u0131\u011f\u0131 konu\u015fmada, &#8220;\u0130stedikleri \u015fey \u00e7ok belli. T\u00fcrkiye edilgen olsun. Biz s\u00f6yleyelim, 3 dakika sonra T\u00fcrkiye konu\u015fsun. Hemen cevap vermesin. T\u00fcrkiye kim oluyor da b\u00f6lgede politika belirliyor, karar veriyor? &#8216;T\u00fcrkiye bizi takip et.&#8217; Bu d\u00f6nemler ge\u00e7ti. Bu b\u00f6lgenin kaderini yine bu b\u00f6lgede ya\u015fayanlar belirler. Uzaktan gelenler de\u011fil.&#8221; dedi.<\/p>\n<p>&#8220;B\u00f6lgedeki sorunlar\u0131 daha da b\u00fcy\u00fctecek her t\u00fcrl\u00fc giri\u015fimin kar\u015f\u0131s\u0131nda olmaya devam edece\u011fiz&#8221;<br \/>\nBa\u015fbakan Y\u0131ld\u0131r\u0131m, T\u00fcrkiye&#8217;nin, b\u00f6lgesel ve k\u00fcresel \u015fartlar\u0131n s\u00fcrekli de\u011fi\u015fti\u011fi son y\u0131llarda kendi kendine her alanda yeterli bir \u00fclke olmak mecburiyetinde oldu\u011funu vurgulayarak, &#8220;B\u00f6lgemizde var olan krizlerin yak\u0131n bir gelecekte bitmesini tabii ki arzu ediyoruz ama ya\u015fad\u0131\u011f\u0131m\u0131z \u015fartlar, \u015fahit oldu\u011fumuz olaylar bu b\u00f6lgede sorunlar\u0131n \u00e7\u00f6z\u00fclmesinden rahats\u0131zl\u0131k duyan birtak\u0131m g\u00fc\u00e7lerin oldu\u011funu da ortaya koyuyor. \u00dclkemizin uzun y\u0131llardan beri m\u00fccadele etti\u011fi PKK ter\u00f6r \u00f6rg\u00fct\u00fcn\u00fcn, bug\u00fcn ba\u015fka adlar alt\u0131nda PYD, YPG, SDG vesaire adlar alt\u0131nda ve m\u00fcttefik bildi\u011fimiz \u00fclkelerce a\u00e7\u0131ktan desteklenerek zemin kazand\u0131r\u0131lmaya \u00e7al\u0131\u015f\u0131lmas\u0131n\u0131n mant\u0131kl\u0131 bir izah\u0131 yoktur. Tek bir izah\u0131 var, b\u00f6lgede var olan istikrars\u0131zl\u0131\u011f\u0131n devam etmesi ve ter\u00f6r \u00f6rg\u00fctleriyle T\u00fcrkiye&#8217;nin ba\u015f\u0131n\u0131n a\u011fr\u0131t\u0131lmas\u0131, enerjisinin azalt\u0131lmas\u0131. Bunun fark\u0131nday\u0131z ve bu y\u00f6ndeki geli\u015fmelere kar\u015f\u0131 tedbirlerimizi de \u00fclke olarak bug\u00fcne kadar nas\u0131l ald\u0131ksa bundan sonra da almaya devam edece\u011fiz. Gerek Irak&#8217;ta gerek Suriye&#8217;de var olan istikrars\u0131zl\u0131\u011f\u0131 daha da derinle\u015ftirecek, b\u00f6lgedeki sorunlar\u0131 daha da b\u00fcy\u00fctecek her t\u00fcrl\u00fc giri\u015fimin bug\u00fcne kadar kar\u015f\u0131s\u0131nda olduk, kar\u015f\u0131s\u0131nda olmaya devam edece\u011fiz.&#8221; diye konu\u015ftu.<\/p>\n<p><strong>&#8220;Bir T\u00fcrkiyeyi \u00fc\u00e7e katlad\u0131k&#8221;<\/strong><\/p>\n<p>Ba\u015fbakan Y\u0131ld\u0131r\u0131m, kendilerinin 70&#8217;li y\u0131llarda \u00fcniversitelerde okuduklar\u0131n\u0131, bu d\u00f6nemde \u00fcniversite okuyanlar\u0131n \u00e7ok \u015fansl\u0131 olduklar\u0131n\u0131 dile getirerek, &#8220;O d\u00f6nemlerde sa\u011f-sol olaylar\u0131ndan \u00fcniversitelerde maalesef sa\u011fl\u0131kl\u0131 bir e\u011fitim yoktu. \u0130stanbul Teknik \u00dcniversitesi biz, hi\u00e7 e\u011fitim g\u00f6rmeden 1 y\u0131l kapal\u0131 kald\u0131. Hi\u00e7bir g\u00fcnah\u0131m\u0131z olmad\u0131\u011f\u0131 halde bir y\u0131l ge\u00e7 mezun olduk. O bak\u0131mdan siz \u015fansl\u0131s\u0131n\u0131z. Enerjinizi al\u0131p g\u00f6t\u00fcrecek, anlams\u0131z kavgalar\u0131n, g\u00fcr\u00fclt\u00fclerin olmad\u0131\u011f\u0131 bir ortamdas\u0131n\u0131z. Onun i\u00e7in vakti nakit olarak g\u00f6receksiniz, ona g\u00f6re de \u00e7al\u0131\u015facaks\u0131n\u0131z.&#8221; diye konu\u015ftu.<\/p>\n<p>Ba\u015fbakan Y\u0131ld\u0131r\u0131m, zaman\u0131n paradan daha k\u0131ymetli oldu\u011funu vurgulayarak, s\u00f6zlerini \u015f\u00f6yle s\u00fcrd\u00fcrd\u00fc:<\/p>\n<p>&#8220;Her g\u00fcn hesab\u0131n\u0131za 86 bin 400 saniye yat\u0131yor. O g\u00fcn kulland\u0131n\u0131z kulland\u0131n\u0131z, bir sonraki g\u00fcne bakiyesi kalm\u0131yor. Bakiyesi kalmayan tek hesap zaman hesab\u0131d\u0131r. Paran\u0131z olsa harcars\u0131n\u0131z, harcayamad\u0131\u011f\u0131n\u0131z\u0131 \u00f6b\u00fcr g\u00fcn \u00fczerine koyar ama zaman \u00f6yle de\u011fil. Bakiyesi g\u00fcn bitti\u011finde biten, o g\u00fcn ne yapt\u0131ysan\u0131z onunla yetinece\u011finiz bir de\u011ferinizdir. O y\u00fczden vaktin de\u011ferini bilelim. Ben 1977&#8217;de mezun oldu\u011fumda, hayata ba\u015flad\u0131\u011f\u0131mda yabanc\u0131 dil hep kar\u015f\u0131ma sorun olarak \u00e7\u0131kt\u0131. Halbuki orta okulda, lisede okuduk, yetmedi \u00fcniversitede okuduk fakat mezun oldu\u011fumuzda bakt\u0131k ki hi\u00e7bir \u015fey bilmiyoruz. \u00c7\u00fcnk\u00fc \u00f6\u011fretme y\u00f6ntemi maalesef dil \u00f6\u011frenmesi i\u00e7in de\u011fil, gramer \u00f6\u011frenmesi esas\u0131na g\u00f6reydi. Biz tekrar 40 ya\u015f\u0131ndan sonra han\u0131m\u0131, \u00e7olu\u011fu, \u00e7ocu\u011fu b\u0131rakarak gidip yurt d\u0131\u015flar\u0131nda lisan \u00f6\u011frenmek mecburiyetinde kald\u0131k. Yoksa okudu\u011funuz onca m\u00fchendislik dersi, onca teorik bilgiyi hayata uygulayamad\u0131\u011f\u0131n\u0131z zaman, uluslararas\u0131 literat\u00fcrleri, dok\u00fcmanlar\u0131 takip edemedi\u011finiz zaman sizin \u00f6\u011frendi\u011finiz o m\u00fchendislik bilgisi maalesef ger\u00e7ek hayatta i\u015finizi g\u00f6rm\u00fcyor. O bak\u0131mdan sevgili \u00f6\u011frenciler benim size \u00f6nemli bir tavsiyem, yabanc\u0131 dil sorununu mezun olmadan bitirmi\u015f olun.&#8221;<\/p>\n<p>Y\u0131ld\u0131r\u0131m, son 15 y\u0131lda h\u00fck\u00fcmetlerinin T\u00fcrkiyeyi bir\u00e7ok y\u00f6nde geli\u015ftirdiklerini vurgulayarak, &#8220;Bir T\u00fcrkiye&#8217;yi \u00fc\u00e7e katlad\u0131k. Ekonomide \u00e7ok anlaml\u0131 bir b\u00fcy\u00fcme ger\u00e7ekle\u015ftirdik. B\u00fcy\u00fck projeleri hayata ge\u00e7irdik. T\u00fcrkiye&#8217;de bug\u00fcn sa\u011fl\u0131k, ula\u015ft\u0131rma, e\u011fitim ve di\u011fer b\u00fct\u00fcn alanlarda ciddi ilerlemeler oldu. Altyap\u0131da yap\u0131lanlar\u0131 biliyorsunuz. T\u00fcrkiye&#8217;nin bug\u00fcn b\u00f6l\u00fcnm\u00fc\u015f yol, havac\u0131l\u0131k, demir yollar\u0131 konusunda, hele hele ileti\u015fim alan\u0131nda katetti\u011fi mesafe son 15 y\u0131lda, 80 y\u0131lda katetti\u011finin 3, 4 kat\u0131. Havac\u0131l\u0131kta d\u00fcnyada bir numara oldu T\u00fcrkiye. Onun i\u00e7in d\u00fcnyan\u0131n havaliman\u0131n\u0131 yapma ihtiyac\u0131 duyduk, in\u015fallah seneye birinci etab\u0131n\u0131 a\u00e7m\u0131\u015f olaca\u011f\u0131z. \u00c7\u00fcnk\u00fc art\u0131k zenginlik merkezleri Bat\u0131&#8217;dan Do\u011fu&#8217;ya do\u011fru hareket etmeye ba\u015flad\u0131. Bu g\u00f6\u00e7 50 y\u0131l \u00f6nce tersineydi ama \u015fimdi Do\u011fu, Asya, Uzak Do\u011fu&#8217;da b\u00fcy\u00fcme devam ediyor, Bat\u0131&#8217;da yava\u015flad\u0131, baz\u0131 \u00fclkelerde durdu. Onun i\u00e7in g\u00f6\u00e7 tersine d\u00f6n\u00fcyor ama \u00f6yle bir co\u011frafya Mevla bize nasip etmi\u015f ki ister Bat\u0131&#8217;ya, ister Do\u011fu&#8217;ya g\u00f6\u00e7 olsun mutlaka bu co\u011frafyadan, bu topraklardan ge\u00e7mek zorunda.&#8221; ifadelerini kulland\u0131.<\/p>\n<p>Kaynak: AA<\/p>\n","protected":false},"excerpt":{"rendered":"<p>Ba\u015fbakan Y\u0131ld\u0131r\u0131m, &#8220;T\u00fcrkiye kim oluyor da b\u00f6lgede politika belirliyor? &#8216;T\u00fcrkiye bizi takip et.&#8217; Bu d\u00f6nemler ge\u00e7ti. B\u00f6lgenin kaderini burada ya\u015fayanlar belirler&#8221; dedi.<\/p>\n","protected":false},"author":8,"featured_media":2052,"comment_status":"open","ping_status":"closed","sticky":false,"template":"","format":"standard","meta":[],"categories":[85],"tags":[],"_links":{"self":[{"href":"https:\/\/www.vizyon2023.com.tr\/index.php\/wp-json\/wp\/v2\/posts\/2051"}],"collection":[{"href":"https:\/\/www.vizyon2023.com.tr\/index.php\/wp-json\/wp\/v2\/posts"}],"about":[{"href":"https:\/\/www.vizyon2023.com.tr\/index.php\/wp-json\/wp\/v2\/types\/post"}],"author":[{"embeddable":true,"href":"https:\/\/www.vizyon2023.com.tr\/index.php\/wp-json\/wp\/v2\/users\/8"}],"replies":[{"embeddable":true,"href":"https:\/\/www.vizyon2023.com.tr\/index.php\/wp-json\/wp\/v2\/comments?post=2051"}],"version-history":[{"count":0,"href":"https:\/\/www.vizyon2023.com.tr\/index.php\/wp-json\/wp\/v2\/posts\/2051\/revisions"}],"wp:featuredmedia":[{"embeddable":true,"href":"https:\/\/www.vizyon2023.com.tr\/index.php\/wp-json\/wp\/v2\/media\/2052"}],"wp:attachment":[{"href":"https:\/\/www.vizyon2023.com.tr\/index.php\/wp-json\/wp\/v2\/media?parent=2051"}],"wp:term":[{"taxonomy":"category","embeddable":true,"href":"https:\/\/www.vizyon2023.com.tr\/index.php\/wp-json\/wp\/v2\/categories?post=2051"},{"taxonomy":"post_tag","embeddable":true,"href":"https:\/\/www.vizyon2023.com.tr\/index.php\/wp-json\/wp\/v2\/tags?post=2051"}],"curies":[{"name":"wp","href":"https:\/\/api.w.org\/{rel}","templated":true}]}}