{"id":2041,"date":"2017-11-22T11:15:13","date_gmt":"2017-11-22T09:15:13","guid":{"rendered":"http:\/\/www.vizyon2023.com.tr\/index.php\/2017\/11\/22\/turkiyenin-yalnizlastirilmasina-musaade-etmeyecegiz\/"},"modified":"2017-11-22T11:15:13","modified_gmt":"2017-11-22T09:15:13","slug":"turkiyenin-yalnizlastirilmasina-musaade-etmeyecegiz","status":"publish","type":"post","link":"https:\/\/www.vizyon2023.com.tr\/index.php\/2017\/11\/22\/turkiyenin-yalnizlastirilmasina-musaade-etmeyecegiz\/","title":{"rendered":"&#8216;T\u00fcrkiye&#8217;nin yaln\u0131zla\u015ft\u0131r\u0131lmas\u0131na m\u00fcsaade etmeyece\u011fiz&#8217;"},"content":{"rendered":"<p>K\u00fclt\u00fcr ve Turizm Bakan\u0131 Numan Kurtulmu\u015f, &#8220;Anadolu dedi\u011fimiz bu co\u011frafya, abart\u0131s\u0131z \u015fekilde s\u00f6ylemek gerekirse d\u00fcnyan\u0131n en b\u00fcy\u00fck fiili ar\u015fividir. D\u00fcnyan\u0131n en zengin k\u00fct\u00fcphanesidir.&#8221; dedi.<\/p>\n<p>Kurtulmu\u015f, Ordu K\u00fclt\u00fcr Sanat Merkezi&#8217;nde d\u00fczenlenen &#8220;9. Milletleraras\u0131 T\u00fcrk Halk K\u00fclt\u00fcr\u00fc Kongresi&#8221;nin a\u00e7\u0131l\u0131\u015f\u0131nda yapt\u0131\u011f\u0131 konu\u015fmada, kongrede ortaya koyulacak fikirlerin T\u00fcrkiye&#8217;deki halk k\u00fclt\u00fcr\u00fcn\u00fcn geli\u015fmesine katk\u0131da bulunmas\u0131n\u0131 temenni etti.<\/p>\n<p>Kongreye kat\u0131lan yerli ve yabanc\u0131 konuklar\u0131 Ordu gibi g\u00fczel bir \u015fehirde a\u011f\u0131rlamaktan son derece memnun oldu\u011funu dile getiren Kurtulmu\u015f, kongrenin Ordu&#8217;da ger\u00e7ekle\u015fmesinde eme\u011fi ge\u00e7en Bakanl\u0131k \u00e7al\u0131\u015fanlar\u0131 ve Ordu Valili\u011fi yetkililerine te\u015fekk\u00fcr etti.<\/p>\n<p>Kurtulmu\u015f, toplant\u0131n\u0131n T\u00fcrkiye&#8217;de halk k\u00fclt\u00fcr\u00fcne verdikleri \u00f6nemin g\u00f6sterilmesi bak\u0131m\u0131ndan \u00f6nemli oldu\u011funu vurgulayarak, kongrenin 38 y\u0131ll\u0131k bir s\u00fcreklili\u011fe sahip oldu\u011funu ve 5 y\u0131lda bir yap\u0131ld\u0131\u011f\u0131n\u0131 belirtti.<\/p>\n<p>Kongreyi d\u00fczenlemenin bu y\u0131l T\u00fcrkiye&#8217;ye nasip oldu\u011funu ifade eden Kurtulmu\u015f, kongrenin T\u00fcrkiye&#8217;deki halk k\u00fclt\u00fcr\u00fc \u00fczerinde \u00e7al\u0131\u015fanlar ve uluslararas\u0131 alanda \u00e7al\u0131\u015fan de\u011ferli bilim adamlar\u0131n\u0131 da bir araya getirmesi bak\u0131m\u0131ndan son derece \u00f6nem ta\u015f\u0131d\u0131\u011f\u0131n\u0131 kaydetti.<\/p>\n<p>Kurtulmu\u015f, halk k\u00fclt\u00fcr\u00fc bak\u0131m\u0131ndan \u00f6nemli bir co\u011frafyan\u0131n \u00fczerinde bulunuldu\u011funa dikkati \u00e7ekerek, &#8220;\u00dczerinde ya\u015fad\u0131\u011f\u0131m\u0131z co\u011frafya halk k\u00fclt\u00fcr\u00fc bak\u0131m\u0131ndan fevkalade b\u00fcy\u00fck bir zenginli\u011fe sahip olan ve fevkalade b\u00fcy\u00fck bir \u00e7e\u015fitlili\u011fe sahip olan bir co\u011frafyad\u0131r. Anadolu dedi\u011fimiz bu co\u011frafya, abart\u0131s\u0131z \u015fekilde s\u00f6ylemek gerekirse d\u00fcnyan\u0131n en b\u00fcy\u00fck fiili ar\u015fividir, d\u00fcnyan\u0131n en zengin k\u00fct\u00fcphanesidir. Neresinden bakarsan\u0131z bak\u0131n kainat kitab\u0131n\u0131n da en zengin, en bereketli oldu\u011fu topraklardan birisi de buras\u0131d\u0131r.&#8221; diye konu\u015ftu.<\/p>\n<p>T\u00fcrkiye&#8217;nin b\u00fcy\u00fck bir zenginli\u011fi bulundu\u011funu, bundan dolay\u0131 Allah&#8217;a \u015f\u00fckrettiklerini, ancak bu zenginli\u011fin her alanda kendilerine b\u00fcy\u00fck bir sorumluluk y\u00fckledi\u011fini belirten Kurtulmu\u015f, bu zenginli\u011fin daha da geli\u015ftirilerek ve sonraki nesiller i\u00e7in korunarak devam ettirilmesi gerekti\u011fini vurgulad\u0131.<\/p>\n<p><strong>&#8220;Muazzam bir k\u00fclt\u00fcr\u00fcm\u00fcz var&#8221;<\/strong><\/p>\n<p>Kurtulmu\u015f, d\u00fcnyada T\u00fcrkiye gibi zenginli\u011fe sahip \u00fclke say\u0131s\u0131n\u0131n \u00e7ok az oldu\u011funu belirterek, \u015f\u00f6yle devam etti:<\/p>\n<p>&#8220;Muazzam bir k\u00fclt\u00fcr\u00fcm\u00fcz var. Bu k\u00fclt\u00fcr\u00fcm\u00fcz i\u00e7erisinde de \u00e7ok b\u00fcy\u00fck bir \u00e7e\u015fitlilik var. Bir taraftan t\u00fcrk\u00fclerimiz, bir taraftan geleneksel el sanatlar\u0131m\u0131z, bir taraftan manilerimiz, bir taraf\u0131nda Zeybek, bir taraf\u0131nda horon ve halk oyunlar\u0131m\u0131z. Dolay\u0131s\u0131yla b\u00fct\u00fcn bu geleneklerimize bakt\u0131\u011f\u0131m\u0131zda d\u00fcnyada bu kadar zenginlik yok. Bu kadar b\u00fcy\u00fck \u00e7e\u015fitlilik yok. Bu topraklara 24 tane medeniyet ev sahipli\u011fi yapm\u0131\u015f. Her medeniyetten geriye sadece kal\u0131nt\u0131lar de\u011fil, ya\u015fayan k\u00fclt\u00fcr\u00fcn i\u00e7erisine nak\u015fedilmi\u015f olan b\u00fcy\u00fck gelenekler konulmu\u015f ve onlar bug\u00fcnlere kadar gelmi\u015f. A\u00e7\u0131k s\u00f6ylemek gerekirse bu co\u011frafyada ne ar\u0131yorsan\u0131z var. Bu co\u011frafyada b\u00fcy\u00fck bir mirasa ve b\u00fcy\u00fck bir medeniyete sahibiz.&#8221;<\/p>\n<p><strong>&#8220;D\u00fcnyan\u0131n en de\u011ferli kitaplar\u0131 T\u00fcrkiye&#8217;deki k\u00fct\u00fcphanelerde&#8221;<\/strong><\/p>\n<p>T\u00fcrkiye&#8217;nin bir\u00e7ok yerinde halen bir k\u0131sm\u0131 su y\u00fcz\u00fcne \u00e7\u0131kar\u0131lamam\u0131\u015f zengin ve tarihi bir mirasa sahip olduklar\u0131n\u0131 ifade eden Kurtulmu\u015f, &#8220;Eski \u015fehirler, antik \u015fehirler var. Bunlar\u0131n i\u00e7erisinde Osmanl\u0131 ve Sel\u00e7uklu&#8217;dan kalm\u0131\u015f olan, \u015fehirle\u015fme abidesi olan muhte\u015fem \u015fehirlerimizin kal\u0131nt\u0131lar\u0131 var.&#8221; ifadesini kulland\u0131.<\/p>\n<p>Kurtulmu\u015f, T\u00fcrkiye&#8217;deki k\u00fct\u00fcphanelerde d\u00fcnyan\u0131n en b\u00fcy\u00fck yazma eser koleksiyonu bulundu\u011funu vurgulayarak, \u015funlar\u0131 kaydetti:<\/p>\n<p>&#8220;D\u00fcnyan\u0131n en de\u011ferli kitaplar\u0131n\u0131n T\u00fcrkiye&#8217;deki k\u00fct\u00fcphanelerde olduklar\u0131n\u0131 \u00f6v\u00fcn\u00e7le s\u00f6yleyebiliriz. Ancak bu zengin k\u00fclt\u00fcr d\u00fcnyan\u0131n bir\u00e7ok yerinde oldu\u011fu gibi k\u00fcresel k\u00fclt\u00fcr\u00fcn bask\u0131s\u0131 ve istilas\u0131 alt\u0131ndad\u0131r. K\u00fcresel k\u00fclt\u00fcr asl\u0131nda d\u00fcnyada bizim gibi engin ve zengin k\u00fclt\u00fcrleri s\u0131\u011fla\u015ft\u0131rmak i\u00e7in maalesef son derece zararl\u0131 bir fonksiyon icra ediyor. Bu vahim bir durumdur. Onun i\u00e7in bizim bu b\u00fct\u00fcn \u00f6zelliklerimize sahip \u00e7\u0131kmam\u0131z laz\u0131m.&#8221;<\/p>\n<p>D\u00fcnyada her y\u0131l onlarca konu\u015fulan dilin tarih sahnesinden \u00e7ekildi\u011fine i\u015faret eden Kurtulmu\u015f, koskoca orijinal dillerin yok olup gitti\u011fini s\u00f6yledi.<\/p>\n<p>Kurtulmu\u015f, T\u00fcrkiye&#8217;de halk k\u00fclt\u00fcr\u00fcn\u00fcn korunmas\u0131nda Bakanl\u0131k olarak \u00fczerilerine d\u00fc\u015fen sorumlulu\u011fu yerine getireceklerinin alt\u0131n\u0131 \u00e7izerek, bilim adamlar\u0131 ve \u00fcniversitelerle i\u015f birli\u011fi halinde T\u00fcrkiye&#8217;nin k\u00fclt\u00fcr\u00fcn\u00fc, somut olan veya olmayan k\u00fclt\u00fcrel miras\u0131n\u0131 her alanda tan\u0131tacaklar\u0131n\u0131, d\u00fcnyan\u0131n her yerinde bunlar\u0131 sergileyeceklerini dile getirdi.<\/p>\n<p>T\u00fcrk k\u00fclt\u00fcr\u00fcne ili\u015fkin kim \u00e7al\u0131\u015fma yap\u0131yorsa onunla da irtibat i\u00e7erisinde bulunacaklar\u0131n\u0131 aktaran Kurtulmu\u015f, b\u00fct\u00fcn d\u00fcnyada bu zengin k\u00fclt\u00fcr\u00fcn tan\u0131t\u0131lmas\u0131 i\u00e7in gayret sarf edeceklerini s\u00f6yledi.<\/p>\n<p>Bakan Kurtulmu\u015f, T\u00fcrkiye&#8217;nin UNESCO&#8217;da \u00f6nemli bir ad\u0131m att\u0131\u011f\u0131na da de\u011finerek, &#8220;UNESCO&#8217;da birka\u00e7 hafta evvel yap\u0131lan se\u00e7imlerde T\u00fcrkiye de UNESCO&#8217;nun Y\u00fcr\u00fctme Kurulu \u00fcyeli\u011fine se\u00e7ildi. 195 \u00fcyenin 184&#8217;\u00fcn\u00fcn oy hakk\u0131 vard\u0131. 184 \u00fcyeden 154&#8217;\u00fcn\u00fcn oyunu alarak T\u00fcrkiye UNESCO Y\u00fcr\u00fctme Kurulu \u00fcyeli\u011fine se\u00e7ildi. Bu ger\u00e7ekten b\u00fcy\u00fck bir ba\u015far\u0131d\u0131r. T\u00fcrkiye&#8217;yi ve b\u00fct\u00fcn arkada\u015flar\u0131m\u0131z\u0131 tebrik ediyorum. Bu UNESCO gibi bir platformda s\u00f6z sahibi olma bak\u0131m\u0131ndan \u00f6nemlidir.&#8221; diye konu\u015ftu.<\/p>\n<p><strong>&#8220;T\u00fcrkiye&#8217;nin yaln\u0131zla\u015ft\u0131r\u0131lmas\u0131na m\u00fcsaade etmeyece\u011fiz&#8221;<\/strong><\/p>\n<p>Bunlara ra\u011fmen T\u00fcrkiye&#8217;yi birilerinin k\u00f6\u015feye s\u0131k\u0131\u015ft\u0131rmaya \u00e7al\u0131\u015ft\u0131\u011f\u0131n\u0131 vurgulayan Kurtulmu\u015f, \u015f\u00f6yle konu\u015ftu:<\/p>\n<p>&#8220;T\u00fcrkiye&#8217;yi siyaseten yaln\u0131zla\u015ft\u0131rmaya, hatta uluslararas\u0131 alanda izole etmeye gayret ediyorlar. En son NATO tatbikat\u0131ndaki rezaleti g\u00f6rd\u00fcn\u00fcz. Kabul edilir bir \u015fey de\u011fildir. Bu \u00e7ocuk\u00e7a bir mazeretle de \u00fczeri \u00f6rt\u00fclecek bir rezalet de\u011fildir. Her platformda T\u00fcrkiye yaln\u0131zla\u015ft\u0131rmaya \u00e7al\u0131\u015f\u0131l\u0131yor. Hay\u0131r, yaln\u0131zla\u015fmayaca\u011f\u0131z, T\u00fcrkiye&#8217;nin yaln\u0131zla\u015ft\u0131r\u0131lmas\u0131na m\u00fcsaade etmeyece\u011fiz. B\u00fct\u00fcn uluslararas\u0131 platformlarda var olmaya devam edece\u011fiz. G\u00fcc\u00fcm\u00fcz\u00fc de art\u0131rarak bu devaml\u0131l\u0131\u011f\u0131m\u0131z\u0131 s\u00fcrd\u00fcrece\u011fiz. Bu bak\u0131mdan UNESCO Y\u00fcr\u00fctme Kurulu \u00fcyeli\u011fi \u00e7ok \u00f6nemliydi.&#8221;<\/p>\n<p>Kurtulmu\u015f, konu\u015fmas\u0131n\u0131n ard\u0131ndan &#8220;9. Milletleraras\u0131 T\u00fcrk Halk K\u00fclt\u00fcr\u00fc Kongresi&#8221; de\u011ferlendirme kurulu \u00fcyelerine plaket verdi.<\/p>\n<p>A\u00e7\u0131l\u0131\u015f program\u0131 Hacivat-Karag\u00f6z g\u00f6sterisiyle sona erdi.<\/p>\n","protected":false},"excerpt":{"rendered":"<p>K\u00fclt\u00fcr ve Turizm Bakan\u0131 Kurtulmu\u015f, T\u00fcrkiye&#8217;yi birilerinin k\u00f6\u015feye s\u0131k\u0131\u015ft\u0131rmaya \u00e7al\u0131\u015ft\u0131\u011f\u0131n\u0131 vurgulayarak, &#8216;T\u00fcrkiye&#8217;nin yaln\u0131zla\u015ft\u0131r\u0131lmas\u0131na m\u00fcsaade etmeyece\u011fiz&#8217; dedi.<\/p>\n","protected":false},"author":8,"featured_media":2042,"comment_status":"open","ping_status":"closed","sticky":false,"template":"","format":"standard","meta":[],"categories":[58],"tags":[],"_links":{"self":[{"href":"https:\/\/www.vizyon2023.com.tr\/index.php\/wp-json\/wp\/v2\/posts\/2041"}],"collection":[{"href":"https:\/\/www.vizyon2023.com.tr\/index.php\/wp-json\/wp\/v2\/posts"}],"about":[{"href":"https:\/\/www.vizyon2023.com.tr\/index.php\/wp-json\/wp\/v2\/types\/post"}],"author":[{"embeddable":true,"href":"https:\/\/www.vizyon2023.com.tr\/index.php\/wp-json\/wp\/v2\/users\/8"}],"replies":[{"embeddable":true,"href":"https:\/\/www.vizyon2023.com.tr\/index.php\/wp-json\/wp\/v2\/comments?post=2041"}],"version-history":[{"count":0,"href":"https:\/\/www.vizyon2023.com.tr\/index.php\/wp-json\/wp\/v2\/posts\/2041\/revisions"}],"wp:featuredmedia":[{"embeddable":true,"href":"https:\/\/www.vizyon2023.com.tr\/index.php\/wp-json\/wp\/v2\/media\/2042"}],"wp:attachment":[{"href":"https:\/\/www.vizyon2023.com.tr\/index.php\/wp-json\/wp\/v2\/media?parent=2041"}],"wp:term":[{"taxonomy":"category","embeddable":true,"href":"https:\/\/www.vizyon2023.com.tr\/index.php\/wp-json\/wp\/v2\/categories?post=2041"},{"taxonomy":"post_tag","embeddable":true,"href":"https:\/\/www.vizyon2023.com.tr\/index.php\/wp-json\/wp\/v2\/tags?post=2041"}],"curies":[{"name":"wp","href":"https:\/\/api.w.org\/{rel}","templated":true}]}}