{"id":2035,"date":"2017-11-22T11:13:44","date_gmt":"2017-11-22T09:13:44","guid":{"rendered":"http:\/\/www.vizyon2023.com.tr\/index.php\/2017\/11\/22\/cumhurbaskani-erdogan-17-25-araliktaki-ayni-tezgahi-goturup-abdde-kurdular\/"},"modified":"2017-11-22T11:13:44","modified_gmt":"2017-11-22T09:13:44","slug":"cumhurbaskani-erdogan-17-25-araliktaki-ayni-tezgahi-goturup-abdde-kurdular","status":"publish","type":"post","link":"https:\/\/www.vizyon2023.com.tr\/index.php\/2017\/11\/22\/cumhurbaskani-erdogan-17-25-araliktaki-ayni-tezgahi-goturup-abdde-kurdular\/","title":{"rendered":"Cumhurba\u015fkan\u0131 Erdo\u011fan: 17-25 Aral\u0131k&#8217;taki ayn\u0131 tezgah\u0131 g\u00f6t\u00fcr\u00fcp ABD&#8217;de kurdular"},"content":{"rendered":"<p>Cumhurba\u015fkan\u0131 ve AK Parti Genel Ba\u015fkan\u0131 Recep Tayyip Erdo\u011fan, partisinin TBMM Grup Toplant\u0131s\u0131&#8217;nda konu\u015ftu.<\/p>\n<p><strong>&#8220;Birileri hala FET\u00d6&#8217;n\u00fcn a\u011fz\u0131yla bizi itham etmeyi s\u00fcrd\u00fcr\u00fcyorsa&#8230;&#8221;<\/strong><\/p>\n<p>17-25 Aral\u0131k&#8217;ta, hukuk kisvesi alt\u0131nda \u00fclke tarihinin en b\u00fcy\u00fck tuzaklar\u0131ndan birisinin kuruldu\u011funu s\u00f6yleyen Erdo\u011fan s\u00f6zlerini \u015f\u00f6yle devam etti:<\/p>\n<p>&#8220;Bizim dik duru\u015fumuz ve milletimizin feraseti sayesinde bu tuzak ba\u015far\u0131s\u0131z olunca ayn\u0131 tezgah\u0131 g\u00f6t\u00fcrd\u00fcler Amerika&#8217;da kurdular.&#8221; ifadesini kullanan Erdo\u011fan, &#8220;Birileri hala FET\u00d6&#8217;n\u00fcn a\u011fz\u0131yla bizi itham etmeyi s\u00fcrd\u00fcr\u00fcyorsa, sebebi ancak ayn\u0131 tuzakta onlara verilen rol\u00fc oynamakt\u0131r.&#8221;<\/p>\n<p><strong>Ana muhalefete tepki<\/strong><\/p>\n<p>Ana muhalefet partisinin, kendi resmi raporunda, b\u00f6l\u00fcc\u00fc ter\u00f6r \u00f6rg\u00fct\u00fcn\u00fcn eylemlerini &#8220;halk\u0131n PKK ile iktidar aras\u0131nda s\u0131k\u0131\u015fmas\u0131&#8221; olarak tarif edebiliyorsa, bunun &#8220;\u00fcstlenilmi\u015f bir misyonun itiraf\u0131&#8221; oldu\u011funa dikkati \u00e7eken Erdo\u011fan, \u015f\u00f6yle devam etti:<\/p>\n<p>&#8220;Ayn\u0131 \u00e7evreler, hepimizin g\u00f6z\u00fc \u00f6n\u00fcnde ya\u015fanan 15 Temmuz ihanetine hala &#8216;tiyatro&#8217; hala &#8216;kontrol\u00fc darbe&#8217; diyebiliyorsa, bu s\u00f6z\u00fc onlara kimlerin s\u00f6yletti\u011fine bakmak gerekir. Bunlar\u0131n NATO&#8217;da ya\u015fanan \u015fahs\u0131m ve Cumhuriyetimizin kurucusu Atat\u00fcrk ile ilgili skandal \u00fczerine ilk defa mili bir tav\u0131r g\u00f6sterebilecekleri \u00fcmidine kap\u0131lm\u0131\u015ft\u0131k. Maalesef aradan \u00fc\u00e7 g\u00fcn ge\u00e7meden ger\u00e7ek t\u0131ynetleri ortaya \u00e7\u0131kt\u0131 ve bu hadiseyi de t\u0131pk\u0131 15 Temmuz gibi &#8216;tezgah&#8217; diye yaftalamaya ba\u015flad\u0131lar.&#8221;<\/p>\n<p>Bug\u00fcn T\u00fcrkiye&#8217;yi d\u00fcnyada s\u0131k\u0131nt\u0131ya sokan ne kadar hadise varsa hepsinin arkas\u0131nda ya FET\u00d6 ya PKK ya da bu \u00f6rneklerdeki &#8220;kifayetsiz muhterislerin&#8221; parma\u011f\u0131n\u0131n bulundu\u011funu vurgulayan Cumhurba\u015fkan\u0131 Erdo\u011fan, &#8220;Biz FET\u00d6&#8217;y\u00fc vatan\u0131m\u0131zdan s\u00f6k\u00fcp att\u0131k ama g\u00f6r\u00fcyoruz ki bu \u00f6rg\u00fct kendi ana vatan\u0131nda rahat\u00e7a faaliyetlerini s\u00fcrd\u00fcr\u00fcyor. Ayn\u0131 \u015fekilde PKK alelade bir ter\u00f6r \u00f6rg\u00fct\u00fc olmaktan \u00e7\u0131k\u0131p T\u00fcrkiye&#8217;ye sald\u0131rmak isteyen herkesin kullan\u0131m\u0131na a\u00e7\u0131k bir pislik yuvas\u0131na d\u00f6n\u00fc\u015fm\u00fc\u015ft\u00fcr.&#8221; de\u011ferlendirmesinde bulundu.<\/p>\n<p><strong>&#8220;Ya bir yol bulaca\u011f\u0131z ya da bir yol yapaca\u011f\u0131z&#8221;<\/strong><\/p>\n<p>Kendilerinin ger\u00e7ek d\u00fc\u015fmanla ba\u015f edebilece\u011fini belirten Erdo\u011fan, bu konuda da hi\u00e7 bir s\u0131k\u0131nt\u0131lar\u0131n\u0131n olmad\u0131\u011f\u0131na i\u015faret etti.<\/p>\n<p>Erdo\u011fan, s\u00f6zlerini \u015f\u00f6yle s\u00fcrd\u00fcrd\u00fc:<\/p>\n<p>&#8220;Bize as\u0131l can ac\u0131t\u0131c\u0131 darbeler d\u00fc\u015fmanlar\u0131m\u0131zdan de\u011fil onlarla birlikte hareket eden ve zahirde bizden g\u00f6r\u00fcnen al\u00e7aklardan geliyor. Me\u015fhur s\u00f6zd\u00fcr: A\u011faca balta vurmu\u015flar &#8216;sap\u0131 bendendir&#8217; demi\u015f. Devletimize ve milletimize y\u00f6nelik sald\u0131r\u0131lar\u0131n \u00e7o\u011funun gerisinde ya te\u015fvik edici ya da kullan\u0131lan olarak bir \u015fekilde \u00fclkemizle ba\u011flant\u0131l\u0131 \u00e7evreleri g\u00f6rmekten \u00fcz\u00fcnt\u00fc duyuyoruz. Ama T\u00fcrkiye bunlara ra\u011fmen, bunlar\u0131 da ezip ge\u00e7erek hedeflerine varabilecek g\u00fc\u00e7tedir. \u00c7\u00fcnk\u00fc bizim bir amac\u0131m\u0131z var: \u015eimdilik k\u0131z\u0131l elmam\u0131z, \u00fclkemizi 2023 hedeflerine ula\u015ft\u0131rarak d\u00fcnyan\u0131n en b\u00fcy\u00fck on ekonomisinden biri haline gelmektir. B\u00f6ylece istiklalimize ve istikbalimize \u00e7ok daha s\u0131k\u0131 bir \u015fekilde sahip \u00e7\u0131kma f\u0131rsat\u0131 elde edebilece\u011fimize inan\u0131yorum.&#8221;<\/p>\n<p>Cumhurba\u015fkan\u0131 @RT_Erdogan, AK Parti Grup Toplant\u0131s\u0131&#8217;nda konu\u015fuyor https:\/\/t.co\/6vKCLlqnQJ<\/p>\n<p>\u2014 TRT Haber Canl\u0131 (@trthabercanli) 21 Kas\u0131m 2017<\/p>\n<p><strong>&#8220;DEA\u015e balonunu s\u00f6nd\u00fcren ilk hamle&#8221;<\/strong><\/p>\n<p>&#8220;Uzun bir s\u00fcre \u00fclkemizin g\u00fcvenilir bir m\u00fcttefiki olarak g\u00f6r\u00fclen Amerika&#8217;n\u0131n b\u00f6lgemizde izledi\u011fi politikan\u0131n yanl\u0131\u015fl\u0131\u011f\u0131 konusundaki endi\u015felerimizi her f\u0131rsatta kendileriyle ve kamuoyuyla payla\u015f\u0131yoruz.&#8221; diyen Erdo\u011fan, s\u00f6zlerini \u015f\u00f6yle s\u00fcrd\u00fcrd\u00fc:<\/p>\n<p>&#8220;DEA\u015e&#8217;\u0131n ortaya \u00e7\u0131k\u0131\u015f ve ortadan kaybolu\u015f s\u00fcreci ba\u015ftan sona muammalarla ve soru i\u015faretleriyle dolu. Hadi &#8216;DEA\u015e&#8217;\u0131 temizledi\u011finizi&#8217; s\u00f6yl\u00fcyordunuz, peki hala silah y\u00fckl\u00fc t\u0131rlar ni\u00e7in kuzey Suriye&#8217;ye veya Suriye&#8217;ye geliyor? Hala bu niye devam ediyor? Siz bu silahlanmay\u0131 kuzey Suriye&#8217;de veya Suriye&#8217;de hangi \u00fclkeye kar\u015f\u0131 yap\u0131yorsunuz, ni\u00e7in yap\u0131yorsunuz? Bunlar\u0131 izah etmeleri laz\u0131m, anlatmalar\u0131 gerekiyor. Dert ba\u015fka. Neyin ne oldu\u011funu biliyoruz. Ona g\u00f6re de ad\u0131mlar\u0131m\u0131z\u0131 ataca\u011f\u0131z. Kimse T\u00fcrkiye&#8217;nin kendi bekas\u0131n\u0131 ilgilendiren bu senaryolar kar\u015f\u0131s\u0131nda eli kolu ba\u011fl\u0131 oturmas\u0131n\u0131 bekleyemez.&#8221;<\/p>\n<p>Erdo\u011fan, F\u0131rat Kalkan\u0131 Harekat\u0131&#8217;nda T\u00fcrkiye&#8217;nin elde etti\u011fi ba\u015far\u0131n\u0131n, DEA\u015e balonunu s\u00f6nd\u00fcren ilk hamle oldu\u011funu vurgulayarak, &#8220;Y\u0131llard\u0131r adeta yenilmez bir canavar gibi takdim edilen DEA\u015e&#8217;\u0131n, sahada sergilenen t\u00fcm kirli ayak oyunlar\u0131na ra\u011fmen asl\u0131nda ne kadar kof bir yap\u0131 oldu\u011funu d\u00fcnyaya g\u00f6steren T\u00fcrkiye olmu\u015ftur.&#8221; diye konu\u015ftu.<\/p>\n<p><strong>&#8220;T\u00fcrkiye sizin oyuncak gibi oynad\u0131\u011f\u0131n\u0131z \u00fclkelerden biri de\u011fil&#8221;<\/strong><\/p>\n<p>T\u00fcrkiye&#8217;nin 2010, \u00f6zellikle de 2013&#8217;ten itibaren, b\u00f6lge ile ilgili senaryolar gere\u011fi, belirli bir istikamete itilmeye \u00e7al\u0131\u015f\u0131ld\u0131\u011f\u0131nda birilerinin kendi d\u00fcnyalar\u0131nda teslimiyet bayra\u011f\u0131n\u0131 \u00e7ekti\u011fini s\u00f6yleyen Erdo\u011fan, kendilerinin bu oyunu en ba\u015f\u0131ndan itibaren g\u00f6rd\u00fc\u011f\u00fcn\u00fc ve milletle birlikte m\u00fccadele etme karar\u0131 ald\u0131klar\u0131n\u0131 kaydetti.<\/p>\n<p>Hi\u00e7bir ahlak\u0131 ve kural\u0131 olmayan bir oyunda ayakta kalman\u0131n kolay olmad\u0131\u011f\u0131n\u0131 ama ba\u015fard\u0131klar\u0131n\u0131 vurgulayan Erdo\u011fan, \u015f\u00f6yle devam etti:<\/p>\n<p>&#8220;Her \u015feyi denediler ama T\u00fcrkiye&#8217;yi teslim alamad\u0131lar. T\u00fcrk milletinin m\u00fccadele azmini k\u0131ramad\u0131lar. \u015eimdi \u00fclkemizi uluslararas\u0131 alanda itibars\u0131zla\u015ft\u0131rmaya, istikrars\u0131zla\u015ft\u0131rmaya, ithama, lekelemeye, k\u00f6\u015feye s\u0131k\u0131\u015ft\u0131rmaya ve b\u00f6ylece kendi istedikleri y\u00f6ne itmeye \u00e7al\u0131\u015f\u0131yorlar. \u00dclkemize y\u00f6nelik sald\u0131r\u0131lar aptallar\u0131n de\u011fil ancak al\u00e7aklar\u0131n i\u015fi olabilecek mahiyettedir. Biz bu mesajlar\u0131n anlam\u0131n\u0131 ve i\u015flerin ne y\u00f6ne evrilmek istendi\u011finin gayet iyi fark\u0131nday\u0131z. Daha \u00f6nce yap\u0131ld\u0131\u011f\u0131nda hi\u00e7bir sorun te\u015fkil etmeyen i\u015flerin, konu biz oldu\u011fumuzda bir anda krize d\u00f6n\u00fc\u015fmesinin sebebini elbette biliyoruz. \u00dclkemize y\u00f6nelik sinsi tehditlerin gerisindeki siyasi ve ekonomik ama\u00e7lar apa\u00e7\u0131k ortadad\u0131r. Bu i\u015fleri yapanlar san\u0131yorlar ki her \u015fey ka\u011f\u0131t \u00fczerinde oldu\u011fu gibi y\u00fcr\u00fcyecek. \u00d6yle olmayacak. \u00d6yle olmayaca\u011f\u0131n\u0131n onlarca mesaj\u0131n\u0131 son birka\u00e7 y\u0131lda verdik. Anlamad\u0131ysalar buradan bir kez daha tekrarlayay\u0131m; T\u00fcrkiye \u00f6yle sizin oyuncak gibi oynad\u0131\u011f\u0131n\u0131z \u00fclkelerden biri de\u011fildir. Bizim dostlu\u011fumuz ne kadar hasbiyse husumetimiz de o kadar \u015fedittir. Bu da b\u00f6yle bilinmeli.&#8221;<\/p>\n<p><strong>&#8220;T\u00fcrk milleti ihanetlere kar\u015f\u0131 \u015ferbetlidir&#8221;<\/strong><\/p>\n<p>T\u00fcrkiye&#8217;nin samimi olarak dostlar\u0131n\u0131n say\u0131s\u0131n\u0131 \u00e7o\u011faltman\u0131n, d\u00fc\u015fmanlar\u0131n\u0131n say\u0131s\u0131n\u0131n azaltman\u0131n pe\u015finde oldu\u011funu dile getiren Erdo\u011fan, ancak bunun, asla kendilerini can evinden vurmaya kalkanlar\u0131 \u00f6ylece seyredecekleri anlam\u0131na gelmedi\u011finin alt\u0131n\u0131 \u00e7izdi.<\/p>\n<p>T\u00fcrkiye ve T\u00fcrk milletinin krizlere, \u00e7at\u0131\u015fmalara, sald\u0131r\u0131lara, hatta ihanetlere kar\u015f\u0131 \u015ferbetli oldu\u011funu bildiren Erdo\u011fan, &#8220;Biz bunlar\u0131n hepsini de g\u00f6\u011f\u00fcsler, Allah&#8217;\u0131n izniyle hepsinin \u00fcstesinden geliriz.&#8221; dedi.<\/p>\n<p>Erdo\u011fan, \u015fu de\u011ferlendirmelerde bulundu:<\/p>\n<p>&#8220;Bug\u00fcn bize yapt\u0131klar\u0131na yar\u0131n kendileri maruz kalanlar ayn\u0131 mukavemeti g\u00f6sterebilecekler mi? Hi\u00e7 sanm\u0131yorum. G\u00fc\u00e7 zehirlemesiyle hareket edenlerin sonu mutlaka h\u00fcsran olacakt\u0131r. Nitekim kulland\u0131klar\u0131 malzemeler giderek azal\u0131yor. Bu u\u011furda FET\u00d6 gibi, PKK gibi 40 y\u0131ll\u0131k emeklerinin \u00fcr\u00fcn\u00fc \u00f6rg\u00fctleri dahi harcamay\u0131 g\u00f6ze ald\u0131lar ama yine de neticeye ula\u015famad\u0131lar. Kendi b\u00fct\u00fcnl\u00fc\u011f\u00fcn\u00fc korumakta zorlanan Avrupa Birli\u011fi kendince her f\u0131rsatta bize parmak sall\u0131yor. En son fonlarda kesintiye gitmi\u015fler. Siz \u00f6nce kendi i\u00e7inizdeki ter\u00f6ristleri bir temizleyin, kendi \u00fclkelerinizde h\u00fck\u00fcmetlerinizi bir kurun.&#8221;<\/p>\n","protected":false},"excerpt":{"rendered":"<p>Cumhurba\u015fkan\u0131 Erdo\u011fan, &#8220;17-25 Aral\u0131k&#8217;ta hukuk kisvesi alt\u0131nda \u00fclkemize tarihinin en b\u00fcy\u00fck tuzaklardan biri kuruldu. \u015eimdi ayn\u0131 tuza\u011f\u0131 g\u00f6t\u00fcr\u00fcp ABD&#8217;de kurdular.&#8221; dedi.<\/p>\n","protected":false},"author":8,"featured_media":2036,"comment_status":"open","ping_status":"closed","sticky":false,"template":"","format":"standard","meta":[],"categories":[85],"tags":[],"_links":{"self":[{"href":"https:\/\/www.vizyon2023.com.tr\/index.php\/wp-json\/wp\/v2\/posts\/2035"}],"collection":[{"href":"https:\/\/www.vizyon2023.com.tr\/index.php\/wp-json\/wp\/v2\/posts"}],"about":[{"href":"https:\/\/www.vizyon2023.com.tr\/index.php\/wp-json\/wp\/v2\/types\/post"}],"author":[{"embeddable":true,"href":"https:\/\/www.vizyon2023.com.tr\/index.php\/wp-json\/wp\/v2\/users\/8"}],"replies":[{"embeddable":true,"href":"https:\/\/www.vizyon2023.com.tr\/index.php\/wp-json\/wp\/v2\/comments?post=2035"}],"version-history":[{"count":0,"href":"https:\/\/www.vizyon2023.com.tr\/index.php\/wp-json\/wp\/v2\/posts\/2035\/revisions"}],"wp:featuredmedia":[{"embeddable":true,"href":"https:\/\/www.vizyon2023.com.tr\/index.php\/wp-json\/wp\/v2\/media\/2036"}],"wp:attachment":[{"href":"https:\/\/www.vizyon2023.com.tr\/index.php\/wp-json\/wp\/v2\/media?parent=2035"}],"wp:term":[{"taxonomy":"category","embeddable":true,"href":"https:\/\/www.vizyon2023.com.tr\/index.php\/wp-json\/wp\/v2\/categories?post=2035"},{"taxonomy":"post_tag","embeddable":true,"href":"https:\/\/www.vizyon2023.com.tr\/index.php\/wp-json\/wp\/v2\/tags?post=2035"}],"curies":[{"name":"wp","href":"https:\/\/api.w.org\/{rel}","templated":true}]}}