{"id":2033,"date":"2017-11-22T11:13:14","date_gmt":"2017-11-22T09:13:14","guid":{"rendered":"http:\/\/www.vizyon2023.com.tr\/index.php\/2017\/11\/22\/nato-tatbikatindaki-provokatif-eylem-iyice-arastirilmali\/"},"modified":"2017-11-22T11:13:14","modified_gmt":"2017-11-22T09:13:14","slug":"nato-tatbikatindaki-provokatif-eylem-iyice-arastirilmali","status":"publish","type":"post","link":"https:\/\/www.vizyon2023.com.tr\/index.php\/2017\/11\/22\/nato-tatbikatindaki-provokatif-eylem-iyice-arastirilmali\/","title":{"rendered":"&#8216;NATO tatbikat\u0131ndaki provokatif eylem iyice ara\u015ft\u0131r\u0131lmal\u0131&#8217;"},"content":{"rendered":"<p>Cumhurba\u015fkanl\u0131\u011f\u0131 S\u00f6zc\u00fcs\u00fc \u0130brahim Kal\u0131n Fransa&#8217;n\u0131n France 24 kanal\u0131na bir m\u00fclakat verdi.<\/p>\n<p>Mark Perelman&#8217;a konu\u015fan Kal\u0131n&#8217;\u0131n ilk g\u00fcndem maddesi NATO tatbikat\u0131nda ya\u015fanan Atat\u00fcrk ve Cumhurba\u015fkan\u0131 Erdo\u011fan&#8217;\u0131 hedef alan provokatif eylemdi.<\/p>\n<p>Kal\u0131n, olay\u0131n kabul edilemez oldu\u011funu ve iyice ara\u015ft\u0131r\u0131lmas\u0131n\u0131n \u00f6nemine dikkat \u00e7ekti.<\/p>\n<p>Norve\u00e7&#8217;teki NATO tatbikat\u0131nda Atat\u00fcrk\u2019\u00fcn foto\u011fraf\u0131 \u2018d\u00fc\u015fman kampta\u2019 yer alan isimler aras\u0131na yerle\u015ftirilmi\u015f arkas\u0131ndan da sahte hesaptan Cumhurba\u015fkan\u0131 Recep Tayyip Erdo\u011fan&#8217;\u0131 &#8216;NATO d\u00fc\u015fman\u0131&#8217; gibi g\u00f6steren payla\u015f\u0131mlar yap\u0131lm\u0131\u015ft\u0131. Norve\u00e7&#8217;teki Ortak Harp Merkezi Komutanl\u0131\u011f\u0131 konuya ili\u015fkin \u00f6z\u00fcr mektubu yay\u0131nlam\u0131\u015f ve arkas\u0131ndan NATO Genel Sekreteri Stoltenberg, T\u00fcrkiye&#8217;den \u00f6z\u00fcr dilemi\u015fti.<\/p>\n<p><strong>ABD ile T\u00fcrkiye aras\u0131nda ya\u015fanan sorunlar<\/strong><\/p>\n<p>Perelman&#8217;\u0131n sorusu \u00fczerine Kal\u0131n, Amerika Birle\u015fik Devletleri ile T\u00fcrkiye aras\u0131ndaki problemlere de\u011findi.<\/p>\n<p>Kal\u0131n, ABD&#8217;de bulunan Fetullah G\u00fclen&#8217;in iadesinin halen ger\u00e7ekle\u015ftirilmemi\u015f olmas\u0131 ve Suriye&#8217;de ter\u00f6r \u00f6rg\u00fct\u00fc PKK&#8217;n\u0131n Suriye kolu PYD\/YPG&#8217;ye verilen deste\u011fin en b\u00fcy\u00fck 2 sorun oldu\u011funu s\u00f6yledi.<\/p>\n<p><strong>&#8220;Cumhurba\u015fkan\u0131 Erdo\u011fan&#8217;\u0131 hedef alan politik bir oyunun par\u00e7as\u0131&#8221;<\/strong><\/p>\n<p>Amerika Birle\u015fik Devletleri&#8217;nde yarg\u0131lanan R\u0131za Sarraf&#8217;\u0131n Fetullah\u00e7\u0131 Ter\u00f6r \u00d6rg\u00fct\u00fc&#8217;n\u00fcn Cumhurba\u015fkan\u0131 Recep Tayyip Erdo\u011fan&#8217;\u0131 hedef alan politik bir oyunun par\u00e7as\u0131 oldu\u011funa da dikkat \u00e7ekti.<\/p>\n<p>S\u00f6zc\u00fc Kal\u0131n, Suriye&#8217;de ter\u00f6r \u00f6rg\u00fct\u00fc DEA\u015e ile y\u00fcr\u00fct\u00fclen m\u00fccadelede en b\u00fcy\u00fck sorunun yanl\u0131\u015f gruplarla y\u00fcr\u00fct\u00fclmesi oldu\u011funa vurgu yapt\u0131.<\/p>\n<p>Kal\u0131n, Suriye krizinin \u00e7\u00f6z\u00fcm\u00fc i\u00e7in \u00e7ar\u015famba g\u00fcn\u00fc So\u00e7i&#8217;de biraraya gelecek Cumhurba\u015fkan\u0131 Erdo\u011fan, Rusya Devlet Ba\u015fkan\u0131 Putin ve \u0130ran Cumhurba\u015fkan\u0131 Ruhani g\u00f6r\u00fc\u015fmesini de de\u011ferlendirdi.<\/p>\n<p>\u0130brahim Kal\u0131n,&#8221;Astana g\u00f6r\u00fc\u015fmelerini tamamlamak i\u00e7in biraraya geliniyor. Esed&#8217;i legal g\u00f6rm\u00fcyoruz. \u0130ran ve Rusya ile fikir ayr\u0131l\u0131\u011f\u0131m\u0131z var ama \u00e7\u00f6zmek i\u00e7in tart\u0131\u015f\u0131yoruz, konu\u015fuyoruz&#8221; dedi.<\/p>\n<p>Kaynak: TRT Haber<\/p>\n","protected":false},"excerpt":{"rendered":"<p>Cumhurba\u015fkanl\u0131\u011f\u0131 S\u00f6zc\u00fcs\u00fc \u0130brahim Kal\u0131n Fransa&#8217;n\u0131n France 24 kanal\u0131na konu\u015ftu.<\/p>\n","protected":false},"author":8,"featured_media":2034,"comment_status":"open","ping_status":"closed","sticky":false,"template":"","format":"standard","meta":[],"categories":[85],"tags":[],"_links":{"self":[{"href":"https:\/\/www.vizyon2023.com.tr\/index.php\/wp-json\/wp\/v2\/posts\/2033"}],"collection":[{"href":"https:\/\/www.vizyon2023.com.tr\/index.php\/wp-json\/wp\/v2\/posts"}],"about":[{"href":"https:\/\/www.vizyon2023.com.tr\/index.php\/wp-json\/wp\/v2\/types\/post"}],"author":[{"embeddable":true,"href":"https:\/\/www.vizyon2023.com.tr\/index.php\/wp-json\/wp\/v2\/users\/8"}],"replies":[{"embeddable":true,"href":"https:\/\/www.vizyon2023.com.tr\/index.php\/wp-json\/wp\/v2\/comments?post=2033"}],"version-history":[{"count":0,"href":"https:\/\/www.vizyon2023.com.tr\/index.php\/wp-json\/wp\/v2\/posts\/2033\/revisions"}],"wp:featuredmedia":[{"embeddable":true,"href":"https:\/\/www.vizyon2023.com.tr\/index.php\/wp-json\/wp\/v2\/media\/2034"}],"wp:attachment":[{"href":"https:\/\/www.vizyon2023.com.tr\/index.php\/wp-json\/wp\/v2\/media?parent=2033"}],"wp:term":[{"taxonomy":"category","embeddable":true,"href":"https:\/\/www.vizyon2023.com.tr\/index.php\/wp-json\/wp\/v2\/categories?post=2033"},{"taxonomy":"post_tag","embeddable":true,"href":"https:\/\/www.vizyon2023.com.tr\/index.php\/wp-json\/wp\/v2\/tags?post=2033"}],"curies":[{"name":"wp","href":"https:\/\/api.w.org\/{rel}","templated":true}]}}