{"id":2031,"date":"2017-11-22T11:12:33","date_gmt":"2017-11-22T09:12:33","guid":{"rendered":"http:\/\/www.vizyon2023.com.tr\/index.php\/2017\/11\/22\/dunyanin-en-buyuk-10-projesinin-6sini-biz-yaptik\/"},"modified":"2017-11-22T11:12:33","modified_gmt":"2017-11-22T09:12:33","slug":"dunyanin-en-buyuk-10-projesinin-6sini-biz-yaptik","status":"publish","type":"post","link":"https:\/\/www.vizyon2023.com.tr\/index.php\/2017\/11\/22\/dunyanin-en-buyuk-10-projesinin-6sini-biz-yaptik\/","title":{"rendered":"&#8216;D\u00fcnyan\u0131n en b\u00fcy\u00fck 10 projesinin 6&#8217;s\u0131n\u0131 biz yapt\u0131k&#8217;"},"content":{"rendered":"<p>Ba\u015fbakan Binali Y\u0131ld\u0131r\u0131m, Antalya&#8217;da Uluslararas\u0131 e-Ticaret Konferans\u0131&#8217;\u0131n\u0131n kapan\u0131\u015f t\u00f6reninde konu\u015ftu.<\/p>\n<p>Bili\u015fim ve ekonomi ba\u015fl\u0131klar\u0131n\u0131 yan\u0131 s\u0131ra b\u00f6lgesel geli\u015fmeler de Ba\u015fbakan&#8217;\u0131n g\u00fcndemindeydi.<\/p>\n<p>Ba\u015fbakan Binali Y\u0131ld\u0131r\u0131m, T\u00fcrkiye&#8217;nin e-ticaret hedeflerini a\u00e7\u0131klad\u0131. 2023 e-ticaret hedefinin 350 milyar lira oldu\u011funu s\u00f6yledi.<\/p>\n<p>Y\u0131ld\u0131r\u0131m, &#8220;Amac\u0131m\u0131z yak\u0131n gelecekte \u00fclkemizin d\u00fcnyadan dijital ekonomileri aras\u0131nda yerini almas\u0131. Bu tabi ihracata da katk\u0131s\u0131 olacak ihracat hedeflerini ger\u00e7ekle\u015fmesini de kolayla\u015ft\u0131racak.&#8221; dedi.<\/p>\n<p>T\u00fcrkiye&#8217;nin b\u00f6lgedeki krizlerini \u00e7\u00f6z\u00fcm\u00fc i\u00e7in Rusya ve Amerika Birle\u015fik Devletleri ile yo\u011fun ileti\u015fim i\u00e7inde oldu\u011funu s\u00f6yledi.<\/p>\n<p>Y\u0131ld\u0131r\u0131m s\u00f6zlerini \u015f\u00f6yle s\u00fcrd\u00fcrd\u00fc:<\/p>\n<p>&#8220;Evlerinden edilenlerin evlerine d\u00f6nebilmesi i\u00e7in Rusya, Amerika ve hatta kolisyon \u00fclkeleri ile yo\u011fun irtibat i\u00e7indeyiz. Amac\u0131m\u0131z bir an \u00f6nce buralarda bar\u0131\u015f gelsin kan ve g\u00f6zya\u015f\u0131 sona ersin buradaki kaynaklar\u0131 silah i\u00e7in \u00f6l\u00fcm i\u00e7in de\u011fil ya\u015fatmak i\u00e7in kullanal\u0131m b\u00f6ylecek d\u00fcnyan\u0131n bu b\u00f6lgesinde bu istikrars\u0131zl\u0131\u011fa son verelim bunun i\u00e7in gayret g\u00f6steriyoruz in\u015fallah ba\u015faraca\u011f\u0131z .&#8221;<\/p>\n<p>T\u00fcrkiye&#8217;nin bili\u015fimdeki \u00f6nceliklerine dikkat \u00e7eken Y\u0131ld\u0131r\u0131m,&#8221;Daha geni\u015f kat\u0131l\u0131ml\u0131 bili\u015fim su\u00e7lar\u0131yla bili\u015fim su\u00e7lar\u0131yla m\u00fccadele konulu anla\u015fmaya ihtiya\u00e7 var. Aksi halde \u00fclkeler aras\u0131ndaki \u00e7at\u0131\u015fmalar\u0131n anla\u015fmazl\u0131klar\u0131n ciddi anlamda artma ihtimali mevcut.&#8221; diye konu\u015ftu.<\/p>\n<p><strong>&#8220;D\u00fcnyadaki 10 b\u00fcy\u00fck projeden 6&#8217;s\u0131n\u0131 biz yapt\u0131k&#8221;<\/strong><\/p>\n<p>Ba\u015fbakan Y\u0131ld\u0131r\u0131m, &#8220;Ki\u015fi ba\u015f\u0131na milli gelirimiz ki\u015fi ba\u015f\u0131 milli gelir art\u0131\u015f g\u00f6sterdi. D\u00fcnyadaki k\u00fcresel kriz hala devam ediyor. D\u00fcnyada k\u00fcresel b\u00fcy\u00fcme istedi\u011fimiz d\u00fczeye gelmedi. Ancak T\u00fcrkiye krize ra\u011fmen b\u00fcy\u00fcmede k\u00fcresel b\u00fcy\u00fcmenin alt\u0131na d\u00fc\u015fmedi. Son 15 y\u0131l\u0131n alt\u0131na d\u00fc\u015fmedi. Nas\u0131l oldu? Krize inat yat\u0131r\u0131ma devam ettik. 10 b\u00fcy\u00fck proje var d\u00fcnyada 6&#8217;s\u0131n\u0131 T\u00fcrkiye yapt\u0131. Osmangazi K\u00f6pr\u00fcs\u00fc, Yavuz Sultan Selim K\u00f6pr\u00fcs\u00fc, D\u00fcnyan\u0131n en b\u00fcy\u00fck havaliman\u0131, Avrasya T\u00fcneli, Marmaray ve 1915 \u00c7anakkale K\u00f6pr\u00fcs\u00fc&#8230; &#8221; dedi.<\/p>\n<p>Ba\u015fbakan Y\u0131ld\u0131r\u0131m, ePttAVM.com stand\u0131n\u0131 inceledi, sanal al\u0131\u015fveri\u015f yapmay\u0131 da ihmal etmedi.<\/p>\n<p><strong><i>&#8220;<\/i>Finans piyasalar\u0131ndaki dalgalanmalar ge\u00e7icidir&#8221;<\/strong><\/p>\n","protected":false},"excerpt":{"rendered":"<p>Ba\u015fbakan Y\u0131ld\u0131r\u0131m, Uluslararas\u0131 e-Ticaret Konferans\u0131nda konu\u015ftu.<\/p>\n","protected":false},"author":8,"featured_media":2032,"comment_status":"open","ping_status":"closed","sticky":false,"template":"","format":"standard","meta":[],"categories":[85],"tags":[],"_links":{"self":[{"href":"https:\/\/www.vizyon2023.com.tr\/index.php\/wp-json\/wp\/v2\/posts\/2031"}],"collection":[{"href":"https:\/\/www.vizyon2023.com.tr\/index.php\/wp-json\/wp\/v2\/posts"}],"about":[{"href":"https:\/\/www.vizyon2023.com.tr\/index.php\/wp-json\/wp\/v2\/types\/post"}],"author":[{"embeddable":true,"href":"https:\/\/www.vizyon2023.com.tr\/index.php\/wp-json\/wp\/v2\/users\/8"}],"replies":[{"embeddable":true,"href":"https:\/\/www.vizyon2023.com.tr\/index.php\/wp-json\/wp\/v2\/comments?post=2031"}],"version-history":[{"count":0,"href":"https:\/\/www.vizyon2023.com.tr\/index.php\/wp-json\/wp\/v2\/posts\/2031\/revisions"}],"wp:featuredmedia":[{"embeddable":true,"href":"https:\/\/www.vizyon2023.com.tr\/index.php\/wp-json\/wp\/v2\/media\/2032"}],"wp:attachment":[{"href":"https:\/\/www.vizyon2023.com.tr\/index.php\/wp-json\/wp\/v2\/media?parent=2031"}],"wp:term":[{"taxonomy":"category","embeddable":true,"href":"https:\/\/www.vizyon2023.com.tr\/index.php\/wp-json\/wp\/v2\/categories?post=2031"},{"taxonomy":"post_tag","embeddable":true,"href":"https:\/\/www.vizyon2023.com.tr\/index.php\/wp-json\/wp\/v2\/tags?post=2031"}],"curies":[{"name":"wp","href":"https:\/\/api.w.org\/{rel}","templated":true}]}}