{"id":2027,"date":"2017-11-21T14:58:30","date_gmt":"2017-11-21T12:58:30","guid":{"rendered":"http:\/\/www.vizyon2023.com.tr\/index.php\/2017\/11\/21\/dunden-bugune-meclis-baskanlarimiz\/"},"modified":"2017-11-21T14:58:30","modified_gmt":"2017-11-21T12:58:30","slug":"dunden-bugune-meclis-baskanlarimiz","status":"publish","type":"post","link":"https:\/\/www.vizyon2023.com.tr\/index.php\/2017\/11\/21\/dunden-bugune-meclis-baskanlarimiz\/","title":{"rendered":"D\u00fcnden bug\u00fcne Meclis Ba\u015fkanlar\u0131m\u0131z"},"content":{"rendered":"<p>Meclisin ilk Ba\u015fkan\u0131 Mustafa Kemal Atat\u00fcrk \u00f6nce Ba\u015fkomutan, daha sonra Cumhurba\u015fkanl\u0131\u011f\u0131 makam\u0131na se\u00e7ildi. D\u00fcnyada TBMM Ba\u015fkanl\u0131\u011f\u0131 ve harpte fiili Ba\u015fkomutanl\u0131k g\u00f6revlerini ayn\u0131 anda ve ola\u011fan\u00fcst\u00fc yetkiyle \u00fcstlenen ilk ba\u015fkan Atat\u00fcrk oldu.<\/p>\n<p>Meclis ba\u015fkanlar\u0131ndan Ali Fethi Okyar, M. \u015e\u00fckr\u00fc Sara\u00e7o\u011flu, Sadi Irmak ve Y\u0131ld\u0131r\u0131m Akbulut ba\u015fbakanl\u0131k da yapt\u0131.<\/p>\n<p>D\u00fcnya parlamentolar\u0131 tarihi a\u00e7\u0131s\u0131ndan TBMM Ba\u015fkanl\u0131\u011f\u0131 ve harpte fiili Ba\u015fkomutanl\u0131k g\u00f6revlerini ayn\u0131 anda ve ola\u011fan\u00fcst\u00fc yetkiyle \u00fcstlenen ilk ba\u015fkan Mustafa Kemal Atat\u00fcrk oldu.<\/p>\n<p>Bug\u00fcne kadar g\u00f6rev yapan Meclis ba\u015fkanlar\u0131 aras\u0131nda \u00fcst \u00fcste iki veya daha fazla d\u00f6nem ba\u015fkanl\u0131k g\u00f6revine se\u00e7ilenler (Kaz\u0131m \u00d6zalp, Refik Koraltan, H\u00fcsamettin Cindoruk, B\u00fclent Ar\u0131n\u00e7, Cemil \u00c7i\u00e7ek) bulundu\u011fu gibi; farkl\u0131 yasama d\u00f6nemlerinde ba\u015fkanl\u0131k makam\u0131nda bulunanlar (Y\u0131ld\u0131r\u0131m Akbulut) da var.<\/p>\n<p>TBMM Ba\u015fkanl\u0131\u011f\u0131 g\u00f6revini 1950-1960 d\u00f6neminde, 10 y\u0131l gibi en uzun s\u00fcreyle Refik Koraltan yapt\u0131. 38 ya\u015f\u0131nda Meclis Ba\u015fkanl\u0131\u011f\u0131na se\u00e7ilen Ferruh Bozbeyli ise en gen\u00e7 ba\u015fkan unvan\u0131na sahip.<\/p>\n<p>Bug\u00fcne kadarki Meclis Ba\u015fkanlar\u0131ndan 13\u2019\u00fc hukuk fak\u00fcltesi; 6\u2019s\u0131 harp okulu; 2\u2019si t\u0131p fak\u00fcltesi; 2\u2019si m\u00fchendislik fak\u00fcltesi, 4\u2019\u00fc M\u00fclkiye Mektebi, 1\u2019i de iktisat fak\u00fcltesi mezunu.<\/p>\n<p><strong>Mustafa Kemal Atat\u00fcrk<\/strong><\/p>\n<p>Mustafa Kemal Atat\u00fcrk (1881-1938), 24 Nisan 1920-29 Ekim 1923 tarihleri aras\u0131nda TBMM Ba\u015fkanl\u0131\u011f\u0131 yapt\u0131.<\/p>\n<p>1881 y\u0131l\u0131nda Selanik&#8217;te do\u011fan Atat\u00fcrk, ilkokulu Selanik&#8217;te \u015eemsi Efendi Mektebinde, \u00f6\u011frenimini Selanik Askeri R\u00fc\u015ftiyesi ve Manast\u0131r Askeri \u0130dadisinde s\u00fcrd\u00fcrd\u00fc, 1899\u2019da girdi\u011fi \u0130stanbul Harbiye Mektebinden 1902\u2019de te\u011fmen r\u00fctbesiyle, 1905\u2019de Harp Akademisinden kurmay y\u00fczba\u015f\u0131 olarak mezun oldu.<\/p>\n<p>1905 y\u0131l\u0131nda \u015eam&#8217;da 5. Ordu&#8217;da, 1907&#8217;de Makedonya\u2019da 3. Ordu\u2019da g\u00f6rev ald\u0131, 1909\u2019da \u0130stanbul\u2019daki ayaklanmay\u0131 (31 Mart Vakas\u0131) bast\u0131ran Hareket Ordusunda g\u00f6rev yapt\u0131. Arnavutluk isyan\u0131n\u0131 bast\u0131rma harekat\u0131na kat\u0131ld\u0131. 1911\u2019de Trablusgarp, Tobruk sava\u015flar\u0131na kat\u0131ld\u0131, 1912\u20131913\u2019te Balkan Sava\u015f\u0131&#8217;na kat\u0131ld\u0131; 1913\u20131915 y\u0131llar\u0131nda Sofya\u2019da Askeri Ata\u015fe g\u00f6revi yapt\u0131.<\/p>\n<p>1915\u2019te, 19. T\u00fcmen Komutan\u0131 olarak \u00c7anakkale Sava\u015f\u0131&#8217;na kat\u0131ld\u0131. &#8220;Anafartalar Kahraman\u0131&#8221; olarak \u00fcn kazand\u0131. 1916\u2019da Do\u011fu Cephesine Kolordu Komutan\u0131, 1917\u2019de Filistin ve Suriye cephelerinde Ordu Komutanl\u0131\u011f\u0131 g\u00f6revlerinde bulundu. Ayn\u0131 y\u0131l \u015eehzade Vahdettin ile Almanya\u2019ya gitti.<\/p>\n<p>1918\u2019de yeniden Suriye cephesinde Ordu Komutan\u0131 oldu, Birinci D\u00fcnya Sava\u015f\u0131n\u0131n sona ermesiyle imzalanan Mondros Ate\u015fkes Antla\u015fmas\u0131&#8217;ndan sonra \u0130stanbul\u2019a geldi, hemen ard\u0131ndan Ordu M\u00fcfetti\u015fli\u011fi g\u00f6revi ile \u0130stanbul&#8217;dan ayr\u0131ld\u0131. 19 May\u0131s 1919\u2019da Samsun\u2019a \u00e7\u0131kan Mustafa Kemal, 22 Haziran 1919\u2019da Amasya Genelgesi&#8217;ni yay\u0131mlad\u0131. T\u00fcrk milletine, &#8220;Vatan\u0131n b\u00fct\u00fcnl\u00fc\u011f\u00fcn\u00fcn ve milletin ba\u011f\u0131ms\u0131zl\u0131\u011f\u0131n\u0131n tehlikede oldu\u011funu, azim ve kararl\u0131l\u0131kla vatan\u0131n kurtar\u0131lmas\u0131 i\u00e7in Sivas\u2019ta bir kongre toplanaca\u011f\u0131n\u0131&#8221; bildirdi.<\/p>\n<p>Ayr\u0131ca \u0130stanbul H\u00fck\u00fcmetinin verdi\u011fi g\u00f6revden ve askerlikten istifa ederek 23 Temmuz 1919\u2019da Erzurum\u2019da, 4 Eyl\u00fcl 1919\u2019da Sivas\u2019ta toplanan kongrelerin ba\u015fkanl\u0131\u011f\u0131n\u0131 yapt\u0131. T\u00fcrkiye B\u00fcy\u00fck Millet Meclisi, onun \u00e7abalar\u0131yla 23 Nisan 1920\u2019de Ankara\u2019da tarihi g\u00f6revine ba\u015flad\u0131; 24 Nisan 1920\u2019de Meclis Ba\u015fkan\u0131 se\u00e7ildi.<\/p>\n<p>1921\u2019de B\u00fcy\u00fck Millet Meclisi Ordular\u0131 Ba\u015fkomutan\u0131 olarak, Sakarya Meydan Sava\u015f\u0131&#8217;n\u0131 zaferle sonu\u00e7land\u0131rd\u0131. Bu zafer nedeniyle, B\u00fcy\u00fck Millet Meclisi taraf\u0131ndan kendisine &#8220;Mare\u015fal&#8221; r\u00fctbesi ve &#8220;Gazi&#8221; unvan\u0131 verildi.<\/p>\n<p>Mare\u015fal Mustafa Kemal Pa\u015fa komutas\u0131ndaki T\u00fcrk Ordusu, 30 A\u011fustos 1922\u2019de Yunan Ordusunu b\u00fcy\u00fck bir bozguna u\u011fratarak 9 Eyl\u00fcl 1922\u2019de \u0130zmir\u2019e girdi. 11 Ekim 1922\u2019de Mudanya Ate\u015fkes Antla\u015fmas\u0131 imzaland\u0131.<\/p>\n<p>29 Ekim 1923 g\u00fcn\u00fc Cumhuriyet ilan edildi, Mustafa Kemal ayn\u0131 g\u00fcn ilk Cumhurba\u015fkan\u0131 se\u00e7ildi. T\u00fcrkiye Cumhuriyetinin kurucusu Mustafa Kemal Atat\u00fcrk, 10 Kas\u0131m 1938\u2019de aram\u0131zdan ayr\u0131ld\u0131.<\/p>\n<p><strong>Ali Fethi Okyar<\/strong><\/p>\n<p>Ali Fethi Okyar, (1880-1943) 1 Kas\u0131m 1923-22 Kas\u0131m 1924 y\u0131llar\u0131 aras\u0131nda Meclis Ba\u015fkanl\u0131\u011f\u0131 yapt\u0131.<\/p>\n<p>Bu g\u00fcn Makedonya topraklar\u0131nda bulunan Pirlepe\u2019de do\u011fdu. Orta\u00f6\u011frenimini Manast\u0131r&#8217;da tamamlad\u0131, 1901\u2019de Harbiye Mektebini, 1903\u2019te Harp Akademisini bitirdi.<\/p>\n<p>1911\u2019de \u0130talyanlar\u0131n Trablusgarp\u2019a sald\u0131rmas\u0131 \u00fczerine gizlice Libya&#8217;ya ge\u00e7ti ve oradaki Ne\u015fet Pa\u015fa komutas\u0131ndaki T\u00fcrk birliklerinin Kurmay Ba\u015fkanl\u0131\u011f\u0131na getirildi. 1913-1917\u2019de Sofya B\u00fcy\u00fckel\u00e7isi olarak Bulgaristan\u2019da g\u00f6revlendirildi.<\/p>\n<p>1921\u2019de s\u00fcrg\u00fcne g\u00f6nderildi\u011fi Malta&#8217;dan ka\u00e7arak Almanya \u00fczerinden Ankara\u2019ya ge\u00e7ti. \u0130stanbul Mebusu olarak ilk TBMM\u2019de yer ald\u0131. Cumhuriyet\u2019in ilan\u0131na gerek\u00e7e haz\u0131rlamak i\u00e7in bu ilandan iki g\u00fcn \u00f6nce Ba\u015fbakanl\u0131ktan istifa ettirildi ve Halk F\u0131rkas\u0131 Grup \u0130dare Heyeti Reisli\u011fine getirildi.<\/p>\n<p>1 Kas\u0131m 1923\u2019te TBMM Ba\u015fkan\u0131 se\u00e7ildi, 22 Kas\u0131m 1924\u2019te bu g\u00f6revinden ayr\u0131ld\u0131.<\/p>\n<p><strong>Kaz\u0131m \u00d6zalp<\/strong><\/p>\n<p>Kaz\u0131m \u00d6zalp (1880-1968) 26 Kas\u0131m 1924-1 Mart 1935 y\u0131llar\u0131 aras\u0131nda Meclis Ba\u015fkanl\u0131\u011f\u0131 yapt\u0131.<\/p>\n<p>Bug\u00fcn Makedonya topraklar\u0131nda bulunan Titov Veles\u2019de (K\u00f6pr\u00fcl\u00fc) d\u00fcnyaya geldi. S\u0131ras\u0131 ile \u00dcsk\u00fcp Askeri R\u00fc\u015ftiyesi, Manast\u0131r Askeri \u0130dadisini ve Harbiye Mektebini bitirdi. 1905\u2019te M\u00fcmtaz Kola\u011fas\u0131 r\u00fctbesiyle Harp Akademisinden mezun oldu.<\/p>\n<p>Fevzi \u00c7akmak, Rauf Orbay, Fethi Okyar H\u00fck\u00fcmetlerinde Milli Savunma Bakan\u0131 olarak g\u00f6rev ald\u0131. 1924-1935\u2019te TBMM Ba\u015fkanl\u0131\u011f\u0131, 1935-1937\u2019de \u0130smet \u0130n\u00f6n\u00fc ve Celal Bayar kabinelerinde yeniden Milli Savunma Bakanl\u0131\u011f\u0131 yapt\u0131.<\/p>\n<p>Mustafa Abd\u00fclhalik Renda (1881-1957) 1 Mart 1935-5 Temmuz 1946 y\u0131llar\u0131 aras\u0131nda TBMM Ba\u015fkanl\u0131\u011f\u0131 yapt\u0131.<\/p>\n<p>Yanya\u2019da d\u00fcnyaya gelen Renda, Yanya R\u00fc\u015ftiyesi ve \u0130dadisini bitirdi, ard\u0131ndan \u0130stanbul\u2019a giderek M\u00fclkiye Mektebinin y\u00fcksek b\u00f6l\u00fcm\u00fcnden mezun oldu.<\/p>\n<p>\u00c7aml\u0131k ve Siirt Mutasarr\u0131fl\u0131\u011f\u0131, Bitlis ve Halep Valili\u011fi g\u00f6revlerinde bulundu. Atand\u0131\u011f\u0131 Bursa Valili\u011fi g\u00f6revine ba\u015flayamadan \u0130ngilizlerin iste\u011fi ve Damat Ferit h\u00fck\u00fcmetinin yaz\u0131s\u0131yla azledildi, tutukland\u0131, Malta adas\u0131na s\u00fcrg\u00fcne g\u00f6nderildi. \u00dc\u00e7 y\u0131l s\u00fcren s\u00fcrg\u00fcn hayat\u0131n\u0131n ard\u0131ndan serbest kal\u0131r kalmaz Ankara\u2019ya geldi.<\/p>\n<p>1 Mart 1935\u2019de Meclis Ba\u015fkanl\u0131\u011f\u0131 i\u00e7in yap\u0131lan se\u00e7imde ittifakla ba\u015fkanl\u0131\u011fa getirildi. T\u00fcrkiye B\u00fcy\u00fck Millet Meclisinin en uzun s\u00fcre g\u00f6rev yapan ba\u015fkan\u0131 olan Abd\u00fclhalik Renda, Meclis Ba\u015fkanl\u0131\u011f\u0131 makam\u0131nda 11 y\u0131l boyunca oturdu.<\/p>\n<p><strong>Kaz\u0131m Karabekir<\/strong><\/p>\n<p>Kaz\u0131m Karabekir (1882-1948) 5 A\u011fustos 1946-26 Ocak 1948 tarihleri aras\u0131nda Meclis Ba\u015fkanl\u0131\u011f\u0131 yapt\u0131.<\/p>\n<p>\u0130stanbul-Zeyrek\u2019te do\u011fdu, Fatih Askeri R\u00fc\u015ftiyesi, Kuleli Askeri Lisesini bitirdikten sonra 14 Nisan 1900\u2019de Harp Okuluna d\u00f6rd\u00fcnc\u00fc olarak girdi, 1905\u2019te Kurmay Y\u00fczba\u015f\u0131 olarak orduya kat\u0131ld\u0131.<\/p>\n<p>Temmuz 1919\u2019da Mustafa Kemal Pa\u015fa Erzurum\u2019a geldi\u011finde \u0130stanbul H\u00fck\u00fcmetince Mustafa Kemal i\u00e7in verilen tutuklama emrini yok sayarak Milli M\u00fccadelenin i\u00e7inde yer ald\u0131.<\/p>\n<p>Atat\u00fcrk\u2019\u00fcn \u00f6l\u00fcm\u00fcnden sonra Cumhurba\u015fkan\u0131 olan \u0130smet \u0130n\u00f6n\u00fc\u2019n\u00fcn teklifi ile \u0130stanbul Mebusu olan Karabekir, 1946 y\u0131l\u0131nda yap\u0131lan ilk \u00e7ok partili se\u00e7imin ard\u0131ndan T\u00fcrkiye B\u00fcy\u00fck Millet Meclisinin be\u015finci ba\u015fkan\u0131 olarak ba\u015fkanl\u0131k makam\u0131na se\u00e7ildi. Karabekir, bu g\u00f6revini s\u00fcrd\u00fcr\u00fcrken 26 Ocak 1948 g\u00fcn\u00fc ge\u00e7irdi\u011fi kalp krizi neticesi vefat etti.<\/p>\n<p>Ali Fuat Cebesoy (1883-1968) 30 Ocak 1948-1 Kas\u0131m 1948 y\u0131llar\u0131 aras\u0131nda TBMM Ba\u015fkanl\u0131\u011f\u0131 yapt\u0131.<\/p>\n<p>1882\u2019de \u0130stanbul\u2019da do\u011fan Cebesoy, \u00f6\u011frenimine Erzincan\u2019da ba\u015flad\u0131, \u0130stanbul\u2019da Saint Joseph Lisesini bitirdi. Daha sonra Harp Okulu ve Harp Akademisinden mezun oldu.<\/p>\n<p>1939-43 d\u00f6neminde Bay\u0131nd\u0131rl\u0131k Bakanl\u0131\u011f\u0131 yapan Ali Fuat Cebesoy, 1948\u2019de Kaz\u0131m Karabekir\u2019in \u00f6l\u00fcm\u00fcyle bo\u015falan Meclis Ba\u015fkanl\u0131\u011f\u0131na se\u00e7ildi.<\/p>\n<p><strong>\u015e\u00fckr\u00fc Sara\u00e7o\u011flu<\/strong><\/p>\n<p>Mehmet \u015e\u00fckr\u00fc Sara\u00e7o\u011flu (1887-1953) 1 Kas\u0131m 1948-22 may\u0131s 1950 tarihleri aras\u0131nda Meclis Ba\u015fkanl\u0131\u011f\u0131 yapt\u0131.<\/p>\n<p>\u00d6demi\u015f\u2019te d\u00fcnyaya gelen Sara\u00e7o\u011flu, r\u00fc\u015ftiyeden sonra tahsilini \u0130zmir \u0130dadisinde s\u00fcrd\u00fcrd\u00fc, daha sonra \u0130stanbul M\u00fclkiye Mektebini bitirdi.<\/p>\n<p>1924 y\u0131l\u0131 sonlar\u0131nda kurulan Ali Fethi Bey kabinesinde Maarif Vekaletine getirildi. 1925 y\u0131l\u0131n\u0131n ba\u015flar\u0131nda Ba\u015fbakan \u0130n\u00f6n\u00fc taraf\u0131ndan M\u00fcbadele Komisyonunda g\u00f6revlendirdi. Komisyondaki ba\u015far\u0131s\u0131 ona yeniden bakanl\u0131k yolunu a\u00e7t\u0131. 1 Kas\u0131m 1927\u2019de \u0130n\u00f6n\u00fc kabinesinin Maliye Vekaletine atand\u0131.<\/p>\n<p>A\u011fustos 1942\u2019de Cumhurba\u015fkan\u0131 \u0130n\u00f6n\u00fc taraf\u0131ndan yeni kabineyi kurmakla g\u00f6revlendirildi. TBMM Ba\u015fkan\u0131 s\u0131fat\u0131yla T\u00fcrk Ocaklar\u0131n\u0131n yeniden faaliyete ge\u00e7mesine \u00f6nc\u00fcl\u00fck etti.<\/p>\n<p>Refik Koraltan (1890-1974) 22 May\u0131s 1950-27 May\u0131s 1960 y\u0131llar\u0131 aras\u0131nda TBMM Ba\u015fkanl\u0131\u011f\u0131 yapt\u0131.<\/p>\n<p>Sivas\u2019\u0131n Divri\u011fi kazas\u0131nda do\u011fan Koraltan, ilk tahsilinden sonra R\u00fc\u015ftiye e\u011fitimini Divri\u011fi\u2019de ald\u0131. Mercan \u0130dadisini ve ard\u0131ndan \u0130stanbul\u2019da hukuk mektebini bitirdi.<\/p>\n<p>22 May\u0131s 1950\u2019de Meclis Ba\u015fkan\u0131 se\u00e7ildi. Yass\u0131ada mahkeme kararlar\u0131 sonucu, Refik Koraltan\u2019\u0131n da aralar\u0131nda bulundu\u011fu 12 siyaset\u00e7i i\u00e7in verilen idam karar\u0131 Milli Birlik Komitesi taraf\u0131ndan \u00f6m\u00fcr boyu hapse \u00e7evrildi. 75 ya\u015f\u0131nda, Demokrat Partili siyaset\u00e7iler i\u00e7in \u00e7\u0131kar\u0131lan aftan yararlan\u0131p \u00f6zg\u00fcrl\u00fc\u011f\u00fcne kavu\u015ftu.<\/p>\n<p><strong>Kaz\u0131m Orbay<\/strong><\/p>\n<p>Mehmet Kaz\u0131m Orbay (1886-1964), 9 Ocak 1961-26 Ekim 1961 tarihleri aras\u0131nda TBMM Ba\u015fkanl\u0131\u011f\u0131 yapt\u0131.<\/p>\n<p>\u0130zmir\u2019de d\u00fcnyaya gelen Orbay, 1904\u2019de Harp Okulunu, 1907\u2019de Harp Akademisini bitirdi. 3. Kafkas T\u00fcmeni Komutan\u0131, Genelkurmay 2. Ba\u015fkan\u0131, Afganistan Askeri Heyet Reisli\u011fi ve 4. Kolordu Komutanl\u0131\u011f\u0131 g\u00f6revlerinde bulundu.<\/p>\n<p>30 A\u011fustos 1935\u2019te orgeneral oldu, 15 \u015eubat 1943\u2019te Y\u00fcksek Askeri \u015eura \u00dcyeli\u011fi ve Genelkurmay 2. Ba\u015fkanl\u0131\u011f\u0131 g\u00f6revlerinde bulundu. 12 Ocak 1944&#8217;ten 23 Temmuz 1946&#8217;ya kadar Genelkurmay Ba\u015fkanl\u0131\u011f\u0131 yapt\u0131.<\/p>\n<p>9 Ocak 1961-26 Ekim 1961 tarihleri aras\u0131nda Kurucu Meclis Ba\u015fkanl\u0131\u011f\u0131 yapt\u0131.<\/p>\n<p><strong>Fuat Sirmen<\/strong><\/p>\n<p>Fuat Sirmen (1899-1981) 1 Kas\u0131m 1961-10 Ekim 1965 y\u0131llar\u0131 aras\u0131nda Meclis Ba\u015fkanl\u0131\u011f\u0131 g\u00f6revini y\u00fcr\u00fctt\u00fc.<\/p>\n<p>\u0130stanbul\u2019da do\u011fan Sirmen, 1924 y\u0131l\u0131nda Dar\u2019\u00fcl F\u00fcnun Hukuk Mektebinden mezun oldu. 1935 y\u0131l\u0131nda Rize Milletvekili se\u00e7ilerek T\u00fcrkiye B\u00fcy\u00fck Millet Meclisine girdi.<\/p>\n<p>\u00c7e\u015fitli tarihlerde Adalet Bakanl\u0131\u011f\u0131 yapan Sirmen, 1 Kas\u0131m 1961\u2019de ge\u00e7ekle\u015ftirilen dokuzuncu tur oylamada T\u00fcrkiye B\u00fcy\u00fck Millet Meclisi Ba\u015fkan\u0131 se\u00e7ildi. 10 Ekim 1965\u2019de 66 ya\u015f\u0131nda siyasi hayattan \u00e7ekilmeye karar verdi.<\/p>\n<p><strong>Ferruh Bozbeyli<\/strong><\/p>\n<p>Ferruh Bozbeyli (1927-&#8230;) 22 Ekim 1965-1 Kas\u0131m 1970 tarihleri aras\u0131nda Meclis Ba\u015fkanl\u0131\u011f\u0131 yapt\u0131.<\/p>\n<p>Kahramanmara\u015f\u2019\u0131n Pazarc\u0131k il\u00e7esinde do\u011fan Bozbeyli, ilk ve orta \u00f6\u011fretimini \u0130slahiye, \u0130skenderun ve Antakya\u2019da tamamlad\u0131, 1957\u2019de \u0130stanbul Hukuk Fak\u00fcltesinden mezun oldu.<\/p>\n<p>1965 y\u0131l\u0131nda 38 ya\u015f\u0131nda en gen\u00e7 Meclis Ba\u015fkan\u0131 oldu. 1969\u2019da tekrar Meclis Ba\u015fkan\u0131 se\u00e7ilen Bozbeyli, 19 Ekim 1970\u2019de Meclis Ba\u015fkanl\u0131\u011f\u0131 g\u00f6revinden kendi iste\u011fiyle ayr\u0131ld\u0131.<\/p>\n<p><strong>Sabit Osman Avc\u0131<\/strong><br \/>\nSabit Osman Avc\u0131 (1921-2009), 26 Kas\u0131m 1970-14 Ekim 1973 tarihlerinde TBMM Ba\u015fkanl\u0131\u011f\u0131 g\u00f6revini \u00fcstlendi.<\/p>\n<p>Artvin\u2019de d\u00fcnyaya gelen Avc\u0131, 1944 y\u0131l\u0131nda Orman Fak\u00fcltesini bitirdi. 1953 y\u0131l\u0131nda ara\u015ft\u0131rmalar yapmak \u00fczere ABD&#8217;ye g\u00f6nderildi. 1961 genel se\u00e7iminde Artvin milletvekili se\u00e7ilerek, 19 y\u0131l s\u00fcrecek siyasi hayat\u0131na ba\u015flam\u0131\u015f oldu.<\/p>\n<p>K\u00f6y \u0130\u015fleri Bakan\u0131 ve Orman Bakan\u0131 olarak g\u00f6rev yapt\u0131, 26 Kas\u0131m 1970\u2019te Meclis Ba\u015fkanl\u0131\u011f\u0131na se\u00e7ildi.<\/p>\n<p>Mustafa Kemal G\u00fcven (1921-2013), 18 Aral\u0131k 1973-5 Haziran 1977 tarihlerinde Meclis Ba\u015fkanl\u0131\u011f\u0131 yapt\u0131.<\/p>\n<p>Erzincan\u2019da do\u011fan G\u00fcven, 1940\u2019ta liseyi, 1944\u2019te Ankara \u00dcniversitesi Hukuk Fak\u00fcltesini bitirdi. 1954-1957-1961 genel se\u00e7imlerinde Kars milletvekili olarak Parlamentoda g\u00f6rev yapt\u0131. 1973 y\u0131l\u0131nda Millet Meclisi Ba\u015fkanl\u0131\u011f\u0131na se\u00e7ildi.<\/p>\n<p><strong>Cahit Karaka\u015f<\/strong><br \/>\nCahit Karaka\u015f (1928-&#8230;) 17 Kas\u0131m 1977-12 Eyl\u00fcl 1980 tarihlerinde TBMM Ba\u015fkanl\u0131\u011f\u0131 yapt\u0131.<\/p>\n<p>Bart\u0131n\u2019da do\u011fan Karaka\u015f, 1946\u2019da Erzurum Lisesi\u2019ni paras\u0131z yat\u0131l\u0131 olarak bitirdi, 1951\u2019de \u0130stanbul Teknik \u00dcniversitesi \u0130n\u015faat M\u00fchendisli\u011fi b\u00f6l\u00fcm\u00fcnden mezun oldu.<\/p>\n<p>1965 genel se\u00e7iminde Adalet Partisi Zonguldak Milletvekili olarak Parlamentoya girdi. 12 Mart 1971 muht\u0131ras\u0131ndan sonra kurulan Erim H\u00fck\u00fcmeti&#8217;nde Bay\u0131nd\u0131rl\u0131k Bakan\u0131 olarak g\u00f6rev ald\u0131, bir s\u00fcre sonra da Ula\u015ft\u0131rma Bakanl\u0131\u011f\u0131na getirildi.<\/p>\n<p>Karaka\u015f 1973&#8217;te siyasi hayat\u0131na CHP&#8217;de devam etmeye karar verdi. Partisi taraf\u0131ndan ba\u015fkanl\u0131k i\u00e7in aday g\u00f6sterildi. 17 Kas\u0131m 1977\u2019de Millet Meclisi Ba\u015fkanl\u0131\u011f\u0131na se\u00e7ildi.<\/p>\n<p>Mahmut Sadi Irmak (1904-1990), 27 Ekim 1981-1 Aral\u0131k 1983 tarihlerinde Dan\u0131\u015fma Meclisi Ba\u015fkanl\u0131\u011f\u0131 yapt\u0131.<\/p>\n<p>Konya Seydi\u015fehir\u2019de d\u00fcnyaya gelen Irmak, Konya Sultanisini birincilikle bitirip biyoloji \u00f6\u011fretmeni oldu, ayn\u0131 y\u0131l \u0130stanbul Hukuk Fak\u00fcltesine girdi. 7 Haziran 1945\u2019te T\u00fcrkiye\u2019nin ilk \u00c7al\u0131\u015fma Bakan\u0131 oldu. CHP\u2019nin 1950\u2019de se\u00e7imleri kaybetmesi \u00fczerine bir s\u00fcre siyasetten uzakla\u015ft\u0131.<\/p>\n<p>12 Eyl\u00fcl 1980\u2019den hemen sonra 15 Ekim 1981\u2019de kurulan Dan\u0131\u015fma Meclisine Konya \u00fcyesi olarak atand\u0131 ve 27 Ekim\u2019de bu Meclisin Ba\u015fkanl\u0131\u011f\u0131na se\u00e7ildi. Irmak bu g\u00f6revi TBMM Ba\u015fkanl\u0131\u011f\u0131na Necmettin Karaduman\u2019\u0131n 4 Aral\u0131k 1983\u2019te se\u00e7ilmesine de\u011fin s\u00fcrd\u00fcrd\u00fc.<\/p>\n<p><strong>Necmettin Karaduman<\/strong><br \/>\nNecmettin Karaduman (1927-2017) 4 Aral\u0131k 1983-29 Kas\u0131m 1987 tarihlerinde Meclis Ba\u015fkanl\u0131\u011f\u0131 g\u00f6revini y\u00fcr\u00fctt\u00fc.<\/p>\n<p>Trabzon\u2019da d\u00fcnyaya gelen Karaduman 1937\u2019de ilkokulu, 1944\u2019te Trabzon Lisesi\u2019ni bitirdi, Ankara \u00dcniversitesi Siyasal Bilgiler Fak\u00fcltesinden mezun oldu.<\/p>\n<p>1983 genel se\u00e7iminde Anavatan Partisi Trabzon Milletvekili oldu. 4 Aral\u0131k 1983\u2019te TBMM Ba\u015fkanl\u0131\u011f\u0131na se\u00e7ildi, 12 Eyl\u00fcl 1985&#8217;te yeniden Ba\u015fkan oldu, 1991\u2019de siyaseti b\u0131rakt\u0131.<\/p>\n<p><strong>Y\u0131ld\u0131r\u0131m Akbulut<\/strong><br \/>\nY\u0131ld\u0131r\u0131m Akbulut (1935-&#8230;) 24 Aral\u0131k 1987-9 Kas\u0131m 1989 tarihlerinde TBMM Ba\u015fkanl\u0131\u011f\u0131 yapt\u0131.<\/p>\n<p>Erzincan\u2019da d\u00fcnyaya gelen Akbulut, Ankara Aya\u015f\u2019ta ba\u015flad\u0131\u011f\u0131 \u00f6\u011frenim hayat\u0131n\u0131 \u0130stanbul \u00dcniversitesi Hukuk Fak\u00fcltesinde tamamlad\u0131.<\/p>\n<p>TBMM\u2019nin 17. D\u00f6nemi&#8217;nde Meclis Ba\u015fkanvekili olarak g\u00f6rev yapt\u0131, 26 Ekim 1983\u2019te \u0130\u00e7i\u015fleri Bakanl\u0131\u011f\u0131na atand\u0131 ve bu g\u00f6revi 1987 genel se\u00e7imlerine kadar s\u00fcrd\u00fcrd\u00fc. 24 Aral\u0131k 1987\u2019de TBMM Ba\u015fkanl\u0131\u011f\u0131na se\u00e7ildi. Kas\u0131m 1989\u2019da Anavatan Partisi Genel Ba\u015fkan\u0131 Turgut \u00d6zal\u2019\u0131n Cumhurba\u015fkanl\u0131\u011f\u0131na se\u00e7ilmesi \u00fczerine Cumhurba\u015fkan\u0131 taraf\u0131ndan h\u00fck\u00fcmeti kurmakla g\u00f6revlendirildi.<\/p>\n<p>15 Haziran 1991&#8217;de yap\u0131lan ola\u011fan kongrenin ard\u0131ndan ANAP Genel Ba\u015fkanl\u0131\u011f\u0131 ve Ba\u015fbakanl\u0131k g\u00f6revini Mesut Y\u0131lmaz\u2019a devretti. 1999 se\u00e7imlerinin ard\u0131ndan tekrar TBMM Ba\u015fkanl\u0131\u011f\u0131na se\u00e7ildi.<\/p>\n<p><strong>\u0130smet Kaya Erdem<\/strong><br \/>\n\u0130smet Kaya Erdem (1928-&#8230;) 21 Kas\u0131m 1989-20 Ekim 1991 tarihlerinde Meclis Ba\u015fkanl\u0131\u011f\u0131 g\u00f6revini \u00fcstlendi.<\/p>\n<p>Safranbolu\u2019da do\u011fan Erdem, 1946\u2019da \u0130ktisadi ve Ticari \u0130limler Akademisini bitirdi. Memuriyete T\u00fcrkiye \u015eeker Fabrikalar\u0131 Genel M\u00fcd\u00fcrl\u00fc\u011f\u00fcnde ba\u015flad\u0131. 12 Eyl\u00fcl 1980 darbesinden sonra kurulan Ulusu H\u00fck\u00fcmeti&#8217;nde Maliye Bakanl\u0131\u011f\u0131\u2019na atand\u0131.<\/p>\n<p>6 Kas\u0131m 1983 Genel Se\u00e7imi&#8217;nden sonra 1. ve 2. \u00d6zal h\u00fck\u00fcmetlerinde Ba\u015fbakan Yard\u0131mc\u0131l\u0131\u011f\u0131 yapt\u0131. Turgut \u00d6zal\u2019\u0131n Cumhurba\u015fkan\u0131 se\u00e7ilmesi \u00fczerine h\u00fck\u00fcmeti kurmakla g\u00f6revlendirilen Meclis Ba\u015fkan\u0131 Y\u0131ld\u0131r\u0131m Akbulut\u2019un yerine TBMM Ba\u015fkanl\u0131\u011f\u0131na se\u00e7ildi.<\/p>\n<p><strong>H\u00fcsamettin Cindoruk<\/strong><br \/>\nH\u00fcsamettin Cindoruk (1933-&#8230;), 16 Kas\u0131m 1991-1 Ekim 1995 tarihlerinde TBMM Ba\u015fkanl\u0131\u011f\u0131 yapt\u0131.<\/p>\n<p>\u0130zmir\u2019de do\u011fan Cindoruk, ilk ve orta \u00f6\u011frenimini Ankara\u2019da tamamlad\u0131, 1954\u2019te Ankara \u00dcniversitesi Hukuk Fak\u00fcltesini bitirdi.<\/p>\n<p>1985\u2019te Do\u011fru Yol Partisi (DYP) Genel Ba\u015fkan\u0131 se\u00e7ildi, 1987\u2019de siyasi yasaklar\u0131n kalkmas\u0131n\u0131n ard\u0131ndan genel ba\u015fkanl\u0131\u011f\u0131 S\u00fcleyman Demirel\u2019e b\u0131rakt\u0131. 1991\u2019de TBMM Ba\u015fkanl\u0131\u011f\u0131na se\u00e7ildi. 1995 genel se\u00e7imlerinden bir s\u00fcre sonra partisinden istifa eden Cindoruk, 7 Ocak 1997\u2019de Demokrat T\u00fcrkiye Partisini (DTP) kurdu.<\/p>\n<p><strong>\u0130smet Sezgin<\/strong><br \/>\nAyd\u0131n\u2019da do\u011fan \u0130smet Sezgin (1928-2016), ilk\u00f6\u011frenimini Ayd\u0131n\u2019da, orta ve lise \u00f6\u011frenimini \u0130zmir\u2019de tamamlad\u0131, 1950 y\u0131l\u0131nda \u0130zmir Y\u00fcksek Ekonomi ve Ticaret Okulundan mezun oldu. 1955 y\u0131l\u0131nda hen\u00fcz 27 ya\u015f\u0131nda iken Ayd\u0131n Belediye Ba\u015fkan\u0131 se\u00e7ildi.<\/p>\n<p>3 Kas\u0131m 1969\u2019da II. Demirel H\u00fck\u00fcmeti b\u00fcnyesinde yeni kurulan Gen\u00e7lik ve Spor Bakanl\u0131\u011f\u0131na getirildi, bu g\u00f6revini III. Demirel H\u00fck\u00fcmetinde de s\u00fcrd\u00fcrd\u00fc. 1995\u2019te TBMM Ba\u015fkan\u0131 se\u00e7ildi ve bu g\u00f6revi 25 Aral\u0131k 1995 Milletvekili Genel Se\u00e7imi&#8217;ne kadar s\u00fcrd\u00fcrd\u00fc.<\/p>\n<p><strong>Mustafa Kalemli<\/strong><br \/>\nMustafa Kalemli (1943-&#8230;) 25 (Ocak 1996-30 Eyl\u00fcl 1997 tarihlerinde Meclis Ba\u015fkanl\u0131\u011f\u0131 yapt\u0131.<\/p>\n<p>K\u00fctahya\u2019n\u0131n Tav\u015fanl\u0131 il\u00e7esinde do\u011fan Kalemli, ilk ve ortaokulu Tav\u015fanl\u0131\u2019da bitirdi, lise \u00f6\u011frenimi Eski\u015fehir\u2019e tamamlad\u0131, 1967\u2019de Ankara \u00dcniversitesi T\u0131p Fak\u00fcltesinden mezun oldu.<\/p>\n<p>6 Kas\u0131m 1983\u2019te yap\u0131lan genel se\u00e7imlerde Anavatan Partisi K\u00fctahya Milletvekili oldu. Bu tarihten sonra bir \u00e7ok kez bakanl\u0131k g\u00f6revinde bulundu. 1995 se\u00e7imlerinde yeniden milletvekili se\u00e7ilen Kalemli, 25 Ocak 1996\u2019da TBMM Ba\u015fkanl\u0131\u011f\u0131na se\u00e7ildi.<\/p>\n<p><strong>Hikmet \u00c7etin<\/strong><br \/>\nHikmet \u00c7etin (1937-&#8230;), 16 Ekim 1997-18 Nisan 1999 tarihlerinde Meclis Ba\u015fkanl\u0131\u011f\u0131 g\u00f6revini y\u00fcr\u00fctt\u00fc.<\/p>\n<p>Diyarbak\u0131r Lice\u2019de do\u011fan \u00c7etin, ilk\u00f6\u011frenimini Lice\u2019de, orta\u00f6\u011frenimini Ankara\u2019da tamamlad\u0131, 1960\u2019da Ankara \u00dcniversitesi Siyasal Bilgiler Fak\u00fcltesi \u0130ktisat ve Maliye B\u00f6l\u00fcm\u00fcnden mezun oldu.<\/p>\n<p>1977 genel se\u00e7iminde CHP&#8217;den \u0130stanbul Milletvekili se\u00e7ildi ve 1978-1979 y\u0131llar\u0131nda Devlet Bakan\u0131 ve Ba\u015fbakan Yard\u0131mc\u0131s\u0131 olarak g\u00f6rev yapt\u0131. 20 Kas\u0131m 1991 tarihinde S\u00fcleyman Demirel\u2019in ba\u015fkanl\u0131\u011f\u0131nda kurulan DYP-SHP koalisyon h\u00fck\u00fcmetinde D\u0131\u015fi\u015fleri Bakan\u0131 olarak atand\u0131.<\/p>\n<p>16 Ekim 1997\u2019de se\u00e7ildi\u011fi TBMM Ba\u015fkanl\u0131\u011f\u0131 g\u00f6revini 1999 Genel Se\u00e7imi&#8217;ne kadar s\u00fcrd\u00fcrd\u00fc.<\/p>\n<p><strong>\u00d6mer \u0130zgi<\/strong><br \/>\n\u00d6mer \u0130zgi (1940-&#8230;) 18 Ekim 2000-3 Kas\u0131m 2002 tarihlerinde Meclis Ba\u015fkanl\u0131\u011f\u0131 g\u00f6revini y\u00fcr\u00fctt\u00fc.<\/p>\n<p>Konya\u2019n\u0131n Do\u011fanhisar il\u00e7esinde do\u011fan \u0130zgi, Ankara \u00dcniversitesi Hukuk Fak\u00fcltesinden mezun oldu.<\/p>\n<p>Milliyet\u00e7i \u00c7al\u0131\u015fma Partisi (M\u00c7P) Genel Sekreter Yard\u0131mc\u0131l\u0131\u011f\u0131, Milliyet\u00e7i Hareket Partisi (MHP) Ankara \u0130l Ba\u015fkanl\u0131\u011f\u0131 ile Genel Ba\u015fkan Yard\u0131mc\u0131l\u0131\u011f\u0131 g\u00f6revlerinde bulundu. 18 Nisan 1999 tarihinde yap\u0131lan genel se\u00e7imde MHP&#8217;den Konya Milletvekili olarak Parlamentoya giren \u00d6mer \u0130zgi, 2000 y\u0131l\u0131nda Meclis Ba\u015fkan\u0131 se\u00e7ildi.<\/p>\n<p><strong>B\u00fclent Ar\u0131n\u00e7<\/strong><br \/>\nB\u00fclent Ar\u0131n\u00e7 (1948-&#8230;), 19 Kas\u0131m 2002-22 Temmuz 2007 tarihlerinde TBMM Ba\u015fkanl\u0131\u011f\u0131 yapt\u0131.<\/p>\n<p>Bursa\u2019da do\u011fan Ar\u0131n\u00e7, Manisa Lisesini bitirdikten sonra, 1970\u2019te Hukuk Fak\u00fcltesinden mezun oldu. 1983\u2019te Refah Partisi Manisa il te\u015fkilat\u0131n\u0131 kuran Ar\u0131n\u00e7, 1995 Genel Se\u00e7imi&#8217;nde Manisa milletvekili se\u00e7ilerek Parlamentoya girdi. Refah Partisi\u2019nin 16 Ocak 2008\u2019de Anayasa Mahkemesince kapat\u0131lmas\u0131 sonucunda kurulan Fazilet Partisinin (FP) kurucular\u0131 aras\u0131nda yer ald\u0131.<\/p>\n<p>FP&#8217;nin de Anayasa Mahkemesinin 22 Haziran 2001 tarihli karar\u0131yla kapat\u0131lmas\u0131n\u0131n ard\u0131ndan Abdullah G\u00fcl ve Recep Tayyip Erdo\u011fan\u2019la birlikte Adalet ve Kalk\u0131nma Partisinin (AK Parti) kurulu\u015funda g\u00f6rev ald\u0131. 3 Kas\u0131m 2002\u2019de yap\u0131lan genel se\u00e7imde \u00fc\u00e7\u00fcnc\u00fc kez Manisa Milletvekili se\u00e7ildi, 19 Kas\u0131m 2002\u2019de TBMM Ba\u015fkanl\u0131\u011f\u0131 g\u00f6revine se\u00e7ildi. Ard\u0131ndan 22 Temmuz 2007&#8217;de ikinci kez bu g\u00f6reve se\u00e7ildi.<\/p>\n<p><strong>K\u00f6ksal Toptan<\/strong><br \/>\nK\u00f6ksal Toptan (1943-&#8230;), 9 A\u011fustos 2007-9 A\u011fustos 2009 tarihlerinde Meclis Ba\u015fkanl\u0131\u011f\u0131 g\u00f6revini y\u00fcr\u00fctt\u00fc.<\/p>\n<p>Rize\u2019de do\u011fan Toptan, ilk ve orta \u00f6\u011frenimini Zonguldak\u2019ta tamamlad\u0131, 1966\u2019da \u0130stanbul \u00dcniversitesi Hukuk Fak\u00fcltesini bitirdi. 1977&#8217;de milletvekili se\u00e7ildi, 1979\u2019da 6. Demirel H\u00fck\u00fcmeti&#8217;nde Devlet Bakanl\u0131\u011f\u0131 g\u00f6revine getirildi.<\/p>\n<p>1991 genel se\u00e7iminin ard\u0131ndan kurulan DYP-SHP koalisyonunda Milli E\u011fitim Bakan\u0131 g\u00f6revine getirildi. 2002 y\u0131l\u0131nda AK Parti&#8217;den Zonguldak milletvekili se\u00e7ildi, 9 A\u011fustos 2007\u2019de TBMM Ba\u015fkan\u0131 se\u00e7ildi.<\/p>\n<p><strong>Mehmet Ali \u015eahin<\/strong><br \/>\nMehmet Ali \u015eahin (1950-&#8230;) 5 A\u011fustos 2009-4 Nisan 2011 tarihlerinde Meclis Ba\u015fkanl\u0131\u011f\u0131 yapt\u0131.<\/p>\n<p>Karab\u00fck\u2019\u00fcn Ovac\u0131k il\u00e7esi Ekincik k\u00f6y\u00fcnde d\u00fcnyaya gelen \u015eahin, ortaokul ve liseyi \u0130stanbul\u2019da tamamlad\u0131, 1979\u2019da \u0130stanbul \u00dcniversitesi Hukuk Fak\u00fcltesini bitirdi.<\/p>\n<p>1995 ve 1999 genel se\u00e7imlerinde \u0130stanbul milletvekili oldu. Fazilet Partisinin 22 Haziran 2001 tarihinde Anayasa Mahkemesi taraf\u0131ndan kapat\u0131lmas\u0131 \u00fczerine, 14 A\u011fustos 2001\u2019de kurulan AK Parti&#8217;nin kurucular\u0131 aras\u0131nda yer ald\u0131.<\/p>\n<p>2002 Genel Se\u00e7imi&#8217;nden sonra kurulan G\u00fcl H\u00fck\u00fcmeti&#8217;nde Devlet Bakan\u0131 ve Ba\u015fbakan Yard\u0131mc\u0131l\u0131\u011f\u0131 g\u00f6revine getirildi. 5 A\u011fustos 2009\u2019da TBMM Ba\u015fkanl\u0131\u011f\u0131na se\u00e7ildi.<\/p>\n<p><strong>Cemil \u00c7i\u00e7ek <\/strong><br \/>\nCemil \u00c7i\u00e7ek (1946-&#8230;) 4 Temmuz 2011- 7 Haziran 2015 tarihlerinde Meclis Ba\u015fkanl\u0131\u011f\u0131 g\u00f6revini y\u00fcr\u00fctt\u00fc.<\/p>\n<p>Yozgat\u2019ta do\u011fan \u00c7i\u00e7ek, ilk ve orta \u00f6\u011frenimini Yozgat&#8217;ta tamamlad\u0131ktan sonra \u0130stanbul \u00dcniversitesi Hukuk Fak\u00fcltesinden mezun oldu. 1984 y\u0131l\u0131nda yap\u0131lan yerel se\u00e7imlerde Yozgat Belediye Ba\u015fkanl\u0131\u011f\u0131na se\u00e7ildi, 1987&#8217;de Yozgat milletvekili se\u00e7ildi.<\/p>\n<p>\u00c7e\u015fitli tarihlerde Devlet Bakanl\u0131\u011f\u0131, Adalet Bakanl\u0131\u011f\u0131, Ba\u015fbakan Yard\u0131mc\u0131l\u0131\u011f\u0131 g\u00f6revlerini y\u00fcr\u00fctt\u00fc, 4 Temmuz 2011\u2019de TBMM Ba\u015fkan\u0131 se\u00e7ildi.<\/p>\n<p><strong>\u0130smet Y\u0131lmaz<\/strong><br \/>\n\u0130smet Y\u0131lmaz (1961-&#8230;) 1 Temmuz 2015-1 Kas\u0131m 2015 tarihlerinde Meclis Ba\u015fkanl\u0131\u011f\u0131 yapt\u0131.<\/p>\n<p>Sivas&#8217;\u0131n G\u00fcr\u00fcn il\u00e7esinde do\u011fan Y\u0131lmaz, 1982&#8217;de \u0130stanbul Teknik \u00dcniversitesi Denizcilik Fak\u00fcltesi Makine B\u00f6l\u00fcm\u00fcn\u00fc ve 1987 y\u0131l\u0131nda da \u0130stanbul \u00dcniversitesi Hukuk Fak\u00fcltesini bitirdi.<\/p>\n<p>Denizcilik M\u00fcste\u015farl\u0131\u011f\u0131 ile K\u00fclt\u00fcr ve Turizm Bakanl\u0131\u011f\u0131 M\u00fcste\u015farl\u0131\u011f\u0131 yapt\u0131, 2007 genel se\u00e7imi \u00f6ncesi ba\u011f\u0131ms\u0131z Ula\u015ft\u0131rma Bakan\u0131 olarak g\u00f6rev yapt\u0131. 24. D\u00f6nem&#8217;de Sivas Milletvekili olarak TBMM&#8217;ye girdi, 6 Temmuz 2011&#8217;de Milli Savunma Bakanl\u0131\u011f\u0131na atand\u0131. 1 Temmuz 2015&#8217;te Meclis Ba\u015fkan\u0131 se\u00e7ildi.<\/p>\n<p>\u0130smet Y\u0131lmaz, halen Milli E\u011fitim Bakanl\u0131\u011f\u0131 g\u00f6revini y\u00fcr\u00fct\u00fcyor.<\/p>\n<p><strong>\u0130smail Kahraman<\/strong><br \/>\n\u0130smail Kahraman (1940-&#8230;) 22 Kas\u0131m 2015 tarihinde TBMM Ba\u015fkanl\u0131\u011f\u0131 g\u00f6revine se\u00e7ildi.<\/p>\n<p>Rize&#8217;de do\u011fan Kahraman, ilk ve orta \u00f6\u011frenimini Karab\u00fck\u2019te, liseyi \u0130stanbul Haydarpa\u015fa Lisesinde tamamlad\u0131, \u0130stanbul \u00dcniversitesi Hukuk Fak\u00fcltesinden mezun oldu.<\/p>\n<p>Hukuk Fak\u00fcltesi Talebe Cemiyetinde ba\u015fkanl\u0131k ve T\u00fcrkiye\u2019deki y\u00fcksek \u00f6\u011frenim gen\u00e7li\u011fini temsil eden Milli T\u00fcrk Talebe Birli\u011finde (MTTB) 48. d\u00f6nemde Genel Ba\u015fkanl\u0131k yapt\u0131. 29 May\u0131s 1985\u2019te kurulan Birlik Vakf\u0131nda M\u00fctevelli Heyeti Ba\u015fkan\u0131 oldu. Kahraman ayn\u0131 zamanda Birlik Vakf\u0131, T\u00fcrkiye G\u00f6n\u00fcll\u00fc Te\u015fekk\u00fcller Vakf\u0131 ile Recep Tayyip Erdo\u011fan \u00dcniversitesi Geli\u015ftirme Vakf\u0131 Kurucular Kurulu Ba\u015fkan\u0131.<\/p>\n<p>Kahraman, 1995 ve 1999 milletvekili genel se\u00e7imlerinde 20. ve 21. D\u00f6nemlerde Mecliste \u0130stanbul milletvekili olarak yer ald\u0131. Refah Partisinde ve Fazilet Partisinde grup ba\u015fkanvekilli\u011fi yapt\u0131. 1996-1997 y\u0131llar\u0131nda Refah-Yol H\u00fck\u00fcmetinde K\u00fclt\u00fcr Bakan\u0131 olan Kahraman, 22 Kas\u0131m 2015 tarihinde TBMM Ba\u015fkanl\u0131\u011f\u0131na se\u00e7ildi. Kahraman, 26 D\u00f6nem 2. Devre i\u00e7in bug\u00fcn yap\u0131lan se\u00e7imde yeniden ayn\u0131 g\u00f6reve se\u00e7ildi.<\/p>\n<p><strong>TBMM Ba\u015fkan\u0131n\u0131n g\u00f6revleri <\/strong><\/p>\n<p>TBMM \u0130\u00e7t\u00fcz\u00fc\u011f\u00fc&#8217;ne g\u00f6re, Meclis Ba\u015fkan\u0131n\u0131n g\u00f6revleri \u015f\u00f6yle:<\/p>\n<p>&#8211; T\u00fcrkiye B\u00fcy\u00fck Millet Meclisini Meclis d\u0131\u015f\u0131nda temsil etmek<\/p>\n<p>&#8211; Genel Kurul g\u00f6r\u00fc\u015fmelerini y\u00f6netmek<\/p>\n<p>&#8211; Tutanak dergisi ile tutanak \u00f6zetinin d\u00fczenlenmesini denetlemek<\/p>\n<p>&#8211; Ba\u015fkanl\u0131k Divan\u0131na ba\u015fkanl\u0131k etmek ve Divan\u0131n g\u00fcndemini haz\u0131rlamak<\/p>\n<p>&#8211; Dan\u0131\u015fma Kuruluna ba\u015fkanl\u0131k etmek<\/p>\n<p>&#8211; T\u00fcrkiye B\u00fcy\u00fck Millet Meclisi komisyonlar\u0131n\u0131 denetlemek; i\u015flerde birikme olmas\u0131<br \/>\nhalinde komisyon ba\u015fkan\u0131 ve \u00fcyelerini uyarmak ve durumu Genel Kurulun bilgisine sunmak<\/p>\n<p>&#8211; Ba\u015fkanl\u0131k Divan\u0131 kararlar\u0131n\u0131 uygulamak<\/p>\n<p>&#8211; T\u00fcrkiye B\u00fcy\u00fck Millet Meclisinin idari ve mali i\u015fleri ile kolluk i\u015flerini y\u00fcr\u00fctmek ve<br \/>\ndenetlemek<\/p>\n<p>&#8211; Ba\u015fkanl\u0131k Divan\u0131 b\u00fcnyesinde olu\u015fturulacak &#8220;T\u00fcrkiye B\u00fcy\u00fck Millet Meclisi K\u00fclt\u00fcr,<br \/>\nSanat ve Yay\u0131n Kurulu&#8221; arac\u0131l\u0131\u011f\u0131yla Meclisi ve \u00e7al\u0131\u015fmalar\u0131n\u0131 yurt i\u00e7inde ve yurt<br \/>\nd\u0131\u015f\u0131nda tan\u0131t\u0131c\u0131 tedbirler almak ve yay\u0131n yapmak<\/p>\n<p>&#8211; Kendisine Anayasa, kanunlar ve \u0130\u00e7t\u00fcz\u00fck gere\u011fince verilen g\u00f6revleri yerine<br \/>\ngetirmek.<\/p>\n<p>Kaynak: AA<\/p>\n","protected":false},"excerpt":{"rendered":"<p>Meclisin ilk Ba\u015fkan\u0131 Mustafa Kemal Atat\u00fcrk \u00f6nce Ba\u015fkomutan, daha sonra Cumhurba\u015fkanl\u0131\u011f\u0131 makam\u0131na se\u00e7ildi.<\/p>\n","protected":false},"author":8,"featured_media":2028,"comment_status":"open","ping_status":"closed","sticky":false,"template":"","format":"standard","meta":[],"categories":[85],"tags":[],"_links":{"self":[{"href":"https:\/\/www.vizyon2023.com.tr\/index.php\/wp-json\/wp\/v2\/posts\/2027"}],"collection":[{"href":"https:\/\/www.vizyon2023.com.tr\/index.php\/wp-json\/wp\/v2\/posts"}],"about":[{"href":"https:\/\/www.vizyon2023.com.tr\/index.php\/wp-json\/wp\/v2\/types\/post"}],"author":[{"embeddable":true,"href":"https:\/\/www.vizyon2023.com.tr\/index.php\/wp-json\/wp\/v2\/users\/8"}],"replies":[{"embeddable":true,"href":"https:\/\/www.vizyon2023.com.tr\/index.php\/wp-json\/wp\/v2\/comments?post=2027"}],"version-history":[{"count":0,"href":"https:\/\/www.vizyon2023.com.tr\/index.php\/wp-json\/wp\/v2\/posts\/2027\/revisions"}],"wp:featuredmedia":[{"embeddable":true,"href":"https:\/\/www.vizyon2023.com.tr\/index.php\/wp-json\/wp\/v2\/media\/2028"}],"wp:attachment":[{"href":"https:\/\/www.vizyon2023.com.tr\/index.php\/wp-json\/wp\/v2\/media?parent=2027"}],"wp:term":[{"taxonomy":"category","embeddable":true,"href":"https:\/\/www.vizyon2023.com.tr\/index.php\/wp-json\/wp\/v2\/categories?post=2027"},{"taxonomy":"post_tag","embeddable":true,"href":"https:\/\/www.vizyon2023.com.tr\/index.php\/wp-json\/wp\/v2\/tags?post=2027"}],"curies":[{"name":"wp","href":"https:\/\/api.w.org\/{rel}","templated":true}]}}