{"id":2006,"date":"2017-11-20T09:20:14","date_gmt":"2017-11-20T07:20:14","guid":{"rendered":"http:\/\/www.vizyon2023.com.tr\/index.php\/2017\/11\/20\/cumhurbaskani-erdogandan-gumushane-ve-bayburta-havaalani-mujdesi\/"},"modified":"2017-11-20T09:20:14","modified_gmt":"2017-11-20T07:20:14","slug":"cumhurbaskani-erdogandan-gumushane-ve-bayburta-havaalani-mujdesi","status":"publish","type":"post","link":"https:\/\/www.vizyon2023.com.tr\/index.php\/2017\/11\/20\/cumhurbaskani-erdogandan-gumushane-ve-bayburta-havaalani-mujdesi\/","title":{"rendered":"Cumhurba\u015fkan\u0131 Erdo\u011fan&#8217;dan G\u00fcm\u00fc\u015fhane ve Bayburt&#8217;a havaalan\u0131 m\u00fcjdesi"},"content":{"rendered":"<p>Cumhurba\u015fkan\u0131 ve AK Parti Genel Ba\u015fkan\u0131 Recep Tayyip Erdo\u011fan, \u00e7e\u015fitli temaslarda bulunmak ve partisinin 6&#8217;nc\u0131 ola\u011fan il kongresine kat\u0131lmak i\u00e7in Bayburt&#8217;a gitti.<\/p>\n<p><strong>Cumhurba\u015fkan\u0131 Erdo\u011fan&#8217;dan havaalan\u0131 m\u00fcjdesi<\/strong><\/p>\n<p>&#8220;Sizlere buradan bir m\u00fcjdeyi vermek istedim&#8221; diyen Erdo\u011fan, \u015f\u00f6yle devam etti:<\/p>\n<p>&#8220;Bir \u015feyi burada s\u00f6ylemeden ge\u00e7emeyece\u011fim. Biraz sonra i\u00e7eride bunlar\u0131 anlataca\u011f\u0131m ama sizlere de buradan bu m\u00fcjdeyi vermek istedim. \u0130n\u015fallah 2020&#8217;ye kadar G\u00fcm\u00fc\u015fhane ve Bayburt illerimize hizmet verecek olan havaalan\u0131m\u0131z\u0131 bitirece\u011fiz. Bu havaalan\u0131m\u0131zla da birlikte in\u015fallah art\u0131k G\u00fcm\u00fc\u015fhane&#8217;nin ve Bayburt&#8217;un uzun yol s\u0131k\u0131nt\u0131s\u0131 da a\u015f\u0131lm\u0131\u015f olacak ve Salyaz\u0131&#8217;daki bu havaalan\u0131 in\u015fallah uzun yollar\u0131 k\u0131sa edecek. Tabi baraj \u00e7al\u0131\u015fmalar\u0131m\u0131z devam ediyor. Bunun yan\u0131nda da in\u015fallah bir s\u00f6z\u00fcm daha vard\u0131 gelirken Gen\u00e7lik ve Spor Bakan\u0131m\u0131za da onun talimat\u0131n\u0131 \u00f6zellikle verdim. O da \u015fu, G\u00fcm\u00fc\u015fhane&#8217;ye ve Bayburt&#8217;a kapal\u0131 spor salonlar\u0131m\u0131z\u0131 s\u00fcratle yap\u0131lmas\u0131 konusu. \u015euanda biz Bayburt&#8217;ta ki bu kapal\u0131 spor salonunu yeterli bulmuyoruz, yak\u0131\u015fm\u0131yor Bayburt&#8217;a. \u015eimdi art\u0131k Bayburt&#8217;a yak\u0131\u015fan\u0131n\u0131 yapaca\u011f\u0131z. G\u00fcm\u00fc\u015fhane&#8217;nin ki de G\u00fcm\u00fc\u015fhane&#8217;ye yak\u0131\u015fm\u0131yor, oraya da in\u015fallah yak\u0131\u015fan\u0131n\u0131 yapaca\u011f\u0131z. Bu salonlar\u0131m\u0131zda in\u015fallah 3 bin ile 4 bin ki\u015fiyi rahatl\u0131kla alabilecek salonlar\u0131m\u0131z olacak.&#8221;<\/p>\n","protected":false},"excerpt":{"rendered":"<p>Cumhurba\u015fkan\u0131 ve AK Parti Genel Ba\u015fkan\u0131 Recep Tayyip Erdo\u011fan, partisinin 6&#8217;nc\u0131 ola\u011fan il kongresine kat\u0131lmak \u00fczere gitti\u011fi Bayburt&#8217;ta halka hitap etti.<\/p>\n","protected":false},"author":8,"featured_media":2007,"comment_status":"open","ping_status":"closed","sticky":false,"template":"","format":"standard","meta":[],"categories":[85],"tags":[],"_links":{"self":[{"href":"https:\/\/www.vizyon2023.com.tr\/index.php\/wp-json\/wp\/v2\/posts\/2006"}],"collection":[{"href":"https:\/\/www.vizyon2023.com.tr\/index.php\/wp-json\/wp\/v2\/posts"}],"about":[{"href":"https:\/\/www.vizyon2023.com.tr\/index.php\/wp-json\/wp\/v2\/types\/post"}],"author":[{"embeddable":true,"href":"https:\/\/www.vizyon2023.com.tr\/index.php\/wp-json\/wp\/v2\/users\/8"}],"replies":[{"embeddable":true,"href":"https:\/\/www.vizyon2023.com.tr\/index.php\/wp-json\/wp\/v2\/comments?post=2006"}],"version-history":[{"count":0,"href":"https:\/\/www.vizyon2023.com.tr\/index.php\/wp-json\/wp\/v2\/posts\/2006\/revisions"}],"wp:featuredmedia":[{"embeddable":true,"href":"https:\/\/www.vizyon2023.com.tr\/index.php\/wp-json\/wp\/v2\/media\/2007"}],"wp:attachment":[{"href":"https:\/\/www.vizyon2023.com.tr\/index.php\/wp-json\/wp\/v2\/media?parent=2006"}],"wp:term":[{"taxonomy":"category","embeddable":true,"href":"https:\/\/www.vizyon2023.com.tr\/index.php\/wp-json\/wp\/v2\/categories?post=2006"},{"taxonomy":"post_tag","embeddable":true,"href":"https:\/\/www.vizyon2023.com.tr\/index.php\/wp-json\/wp\/v2\/tags?post=2006"}],"curies":[{"name":"wp","href":"https:\/\/api.w.org\/{rel}","templated":true}]}}