{"id":2004,"date":"2017-11-20T09:17:16","date_gmt":"2017-11-20T07:17:16","guid":{"rendered":"http:\/\/www.vizyon2023.com.tr\/index.php\/2017\/11\/20\/bakan-sarieroglu-kamuda-taseron-olmamasi-icin-bir-hazirligimiz-var\/"},"modified":"2017-11-20T09:17:16","modified_gmt":"2017-11-20T07:17:16","slug":"bakan-sarieroglu-kamuda-taseron-olmamasi-icin-bir-hazirligimiz-var","status":"publish","type":"post","link":"https:\/\/www.vizyon2023.com.tr\/index.php\/2017\/11\/20\/bakan-sarieroglu-kamuda-taseron-olmamasi-icin-bir-hazirligimiz-var\/","title":{"rendered":"Bakan Sar\u0131ero\u011flu: Kamuda ta\u015feron olmamas\u0131 i\u00e7in bir haz\u0131rl\u0131\u011f\u0131m\u0131z var"},"content":{"rendered":"<p>\u00c7al\u0131\u015fma ve Sosyal G\u00fcvenlik Bakan\u0131 J\u00fclide Sar\u0131ero\u011flu, kat\u0131ld\u0131\u011f\u0131 bir canl\u0131 yay\u0131n program\u0131nda g\u00fcndeme ili\u015fkin a\u00e7\u0131klamalarda bulundu, sorular\u0131 yan\u0131tlad\u0131.<\/p>\n<p>&#8220;Ta\u015feron i\u015f\u00e7ilere kadro verilmesine y\u00f6nelik \u00e7al\u0131\u015fmalar\u0131n&#8221; soruldu\u011fu Sar\u0131ero\u011flu, ta\u015feronun AK Parti d\u00f6neminde ortaya \u00e7\u0131km\u0131\u015f bir \u00e7al\u0131\u015fma \u015fekli olmad\u0131\u011f\u0131n\u0131, ge\u00e7mi\u015ften beri T\u00fcrkiye&#8217;de uyguland\u0131\u011f\u0131n\u0131 hat\u0131rlatt\u0131.<\/p>\n<p>Sar\u0131ero\u011flu, bu \u00e7al\u0131\u015fma \u015feklinin AK Parti iktidara geldikten sonra disipline edildi\u011fini, kurallar\u0131n\u0131n netle\u015ftirildi\u011fini, ta\u015feronlara sendika \u00fcyeli\u011finin getirildi\u011fini belirterek, 7 Haziran&#8217;dan sonraki s\u00fcre\u00e7te, \u00f6zellikle 1 Kas\u0131m se\u00e7imlerinde &#8220;ta\u015feronlar\u0131n kamuda istihdam edilmesine&#8221; ili\u015fkin s\u00f6ylemlerin oldu\u011funu bildirdi.<\/p>\n<p>Bununla ilgili g\u00f6reve geldikleri ilk andan itibaren \u00e7al\u0131\u015fmalara ba\u015flad\u0131klar\u0131na de\u011finen Sar\u0131ero\u011flu, &#8220;Belli bir \u00e7al\u0131\u015fma vard\u0131, Say\u0131n Maliye Bakan\u0131m\u0131z taraf\u0131ndan b\u00fcy\u00fck bir hassasiyetle, titizlikle yap\u0131lm\u0131\u015f olan. \u00c7al\u0131\u015fma Bakanl\u0131\u011f\u0131 olarak biz de s\u00fcrece m\u00fcdahil olduk. \u0130ki bakanl\u0131k gece g\u00fcnd\u00fcz&#8230; \u00c7\u00fcnk\u00fc alan \u00e7ok geni\u015f bir alan, farkl\u0131 yans\u0131malar\u0131, farkl\u0131 \u015fekilde etkileri olacak bir alan. Biz talepleri, beklentileri en maksimum seviyede nas\u0131l kar\u015f\u0131layabilirizle ilgili \u00e7al\u0131\u015fmalar\u0131n i\u00e7erisinde olmaya gayret g\u00f6sterdik.&#8221; dedi.<\/p>\n<p>\u00c7al\u0131\u015fmalar\u0131n\u0131n belli bir a\u015famaya geldi\u011fine, bunlar\u0131n taslaklar\u0131n\u0131 Ba\u015fbakan Binali Y\u0131ld\u0131r\u0131m&#8217;a sunduklar\u0131na i\u015faret eden Sar\u0131ero\u011flu, \u015f\u00f6yle devam etti:<\/p>\n<p>&#8220;Ba\u015fbakan\u0131m\u0131z\u0131n baz\u0131 \u00f6nerileri, g\u00f6r\u00fc\u015fleri oldu. O \u00f6neriler ve g\u00f6r\u00fc\u015fler do\u011frultusunda \u015fimdi tekrar revize ediyoruz, d\u00fcn \u00e7al\u0131\u015ft\u0131k bununla ilgili Bakanl\u0131kta arkada\u015flar\u0131m\u0131zla. Maliye Bakanl\u0131\u011f\u0131 mali boyutuyla ilgili tekrardan bir \u00e7al\u0131\u015fma yap\u0131yor. K\u0131sa zaman i\u00e7erisinde in\u015fallah hatlar\u0131n\u0131 tamamen netle\u015ftirip tabii ki kamuoyuna sunaca\u011f\u0131z, burada bir tart\u0131\u015fma olacak, kendi i\u00e7 mekanizmam\u0131zda bunun de\u011ferlendirmelerini ger\u00e7ekle\u015ftirece\u011fiz ve sonras\u0131nda h\u0131zl\u0131 bir bi\u00e7imde Meclise getirmeyi arzu ediyoruz. Biz, ta\u015feronda olu\u015fan yap\u0131y\u0131 ortadan kald\u0131rmay\u0131 arzu ediyoruz, hedefimiz bu. Bundan sonra ta\u015feron \u015feklinde bir \u00e7al\u0131\u015fma \u015feklinin kamu kurum ve kurulu\u015flar\u0131m\u0131zda olmamas\u0131yla alakal\u0131 bir haz\u0131rl\u0131\u011f\u0131m\u0131z var.&#8221;<\/p>\n<p><strong>&#8220;\u0130stihdam konusu \u00f6ncelikli maddemiz&#8221;<\/strong><\/p>\n<p>Bakan Sar\u0131ero\u011flu, &#8220;Kadroya kademe kademe bir ge\u00e7i\u015f mi olacak?&#8221; sorusuna, &#8220;Bekleyen kitle \u00e7ok fazla oldu\u011fu i\u00e7in a\u011fz\u0131m\u0131zdan \u00e7\u0131kacak bir kelime farkl\u0131 yank\u0131lar uyand\u0131rabiliyor. Her \u015fey tam netle\u015fmeden payla\u015fmak burada do\u011fru de\u011fil. \u00c7\u00fcnk\u00fc tekrardan sunaca\u011f\u0131m\u0131z mekanizmalar\u0131m\u0131z var, onay alaca\u011f\u0131m\u0131z mekanizmalar\u0131m\u0131z var.&#8221; kar\u015f\u0131l\u0131\u011f\u0131n\u0131 verdi.<\/p>\n<p>&#8220;Kad\u0131nlar\u0131n istihdam\u0131na&#8221; y\u00f6nelik bir sorusu \u00fczerine Sar\u0131ero\u011flu, istihdam konusunun \u015fu an en \u00f6ncelikli g\u00fcndem maddeleri oldu\u011funu, kad\u0131nlar\u0131n, gen\u00e7lerin ve engellilerin istihdamlar\u0131na y\u00f6nelik hedefler koyduklar\u0131n\u0131 s\u00f6yledi.<\/p>\n<p>Sar\u0131ero\u011flu, ayr\u0131ca T\u00fcrkiye&#8217;nin atlatt\u0131\u011f\u0131 onca badireye ra\u011fmen son 10 y\u0131lda, Avrupa Birli\u011fi&#8217;nde en fazla istihdam art\u0131ran d\u00f6rd\u00fcnc\u00fc \u00fclke konumuna geldi\u011fini, istihdam seferberli\u011fi kapsam\u0131nda \u015fu anda 1 milyon 455 bin ki\u015fiye i\u015f imkan\u0131 yarat\u0131ld\u0131\u011f\u0131n\u0131 kaydetti.<\/p>\n<p>AA<\/p>\n","protected":false},"excerpt":{"rendered":"<p>\u00c7al\u0131\u015fma ve Sosyal G\u00fcvenlik Bakan\u0131 Sar\u0131ero\u011flu, &#8221;Bundan sonra ta\u015feron \u015feklinde bir \u00e7al\u0131\u015fma \u015feklinin kamu kurum ve kurulu\u015flar\u0131m\u0131zda olmamas\u0131yla alakal\u0131 bir haz\u0131rl\u0131\u011f\u0131m\u0131z var.&#8221; dedi.<\/p>\n","protected":false},"author":8,"featured_media":2005,"comment_status":"open","ping_status":"closed","sticky":false,"template":"","format":"standard","meta":[],"categories":[1],"tags":[],"_links":{"self":[{"href":"https:\/\/www.vizyon2023.com.tr\/index.php\/wp-json\/wp\/v2\/posts\/2004"}],"collection":[{"href":"https:\/\/www.vizyon2023.com.tr\/index.php\/wp-json\/wp\/v2\/posts"}],"about":[{"href":"https:\/\/www.vizyon2023.com.tr\/index.php\/wp-json\/wp\/v2\/types\/post"}],"author":[{"embeddable":true,"href":"https:\/\/www.vizyon2023.com.tr\/index.php\/wp-json\/wp\/v2\/users\/8"}],"replies":[{"embeddable":true,"href":"https:\/\/www.vizyon2023.com.tr\/index.php\/wp-json\/wp\/v2\/comments?post=2004"}],"version-history":[{"count":0,"href":"https:\/\/www.vizyon2023.com.tr\/index.php\/wp-json\/wp\/v2\/posts\/2004\/revisions"}],"wp:featuredmedia":[{"embeddable":true,"href":"https:\/\/www.vizyon2023.com.tr\/index.php\/wp-json\/wp\/v2\/media\/2005"}],"wp:attachment":[{"href":"https:\/\/www.vizyon2023.com.tr\/index.php\/wp-json\/wp\/v2\/media?parent=2004"}],"wp:term":[{"taxonomy":"category","embeddable":true,"href":"https:\/\/www.vizyon2023.com.tr\/index.php\/wp-json\/wp\/v2\/categories?post=2004"},{"taxonomy":"post_tag","embeddable":true,"href":"https:\/\/www.vizyon2023.com.tr\/index.php\/wp-json\/wp\/v2\/tags?post=2004"}],"curies":[{"name":"wp","href":"https:\/\/api.w.org\/{rel}","templated":true}]}}