{"id":2000,"date":"2017-11-18T10:13:36","date_gmt":"2017-11-18T08:13:36","guid":{"rendered":"http:\/\/www.vizyon2023.com.tr\/index.php\/2017\/11\/18\/basbakan-yildirim-irkcilik-yapan-bizden-degildir\/"},"modified":"2017-11-18T10:13:36","modified_gmt":"2017-11-18T08:13:36","slug":"basbakan-yildirim-irkcilik-yapan-bizden-degildir","status":"publish","type":"post","link":"https:\/\/www.vizyon2023.com.tr\/index.php\/2017\/11\/18\/basbakan-yildirim-irkcilik-yapan-bizden-degildir\/","title":{"rendered":"Ba\u015fbakan Y\u0131ld\u0131r\u0131m: Irk\u00e7\u0131l\u0131k yapan bizden de\u011fildir"},"content":{"rendered":"<p>Ba\u015fbakan Binali Y\u0131ld\u0131r\u0131m, \u015e\u0131rnak&#8217;taki temaslar\u0131n\u0131n ard\u0131ndan geldi\u011fi Hakkari&#8217;de Cumhuriyet Caddesi&#8217;nde halka hitap etti.<\/p>\n<p>Allah&#8217;tan bu birlik ve beraberli\u011fi daim etmesini dileyen Y\u0131ld\u0131r\u0131m, \u015f\u00f6yle devam etti:<\/p>\n<p>&#8220;Hakkari bu ak\u015fam muhte\u015fem co\u015fkuyla bir mesaj veriyor. Diyor ki &#8216;Ey al\u00e7ak ter\u00f6r \u00f6rg\u00fct\u00fc ne yaparsan yap bizi b\u00f6lemezsin. Biz biriz, beraberiz, biz bir ailesiyiz ve birlikte T\u00fcrkiye&#8217;yiz.&#8217; \u0130\u015fte kalk\u0131nan b\u00fcy\u00fcyen T\u00fcrkiye&#8217;nin foto\u011fraf\u0131 Hakkari&#8217;den y\u00fckseliyor. G\u00f6reve geldi\u011fimde bir \u015fey s\u00f6yledim. Dedim ki &#8216;Milletimizin i\u00e7i rahat olsun. Bu ter\u00f6r belas\u0131n\u0131 milletin g\u00fcndeminden \u00e7\u0131karaca\u011f\u0131z. Ter\u00f6r\u00fcn hayat\u0131m\u0131z\u0131 esir almas\u0131na izin vermeyece\u011fiz.&#8217; O g\u00fcn bug\u00fcn bu m\u00fccadele devam ediyor. Elhamd\u00fclillah g\u00fcn ge\u00e7tik\u00e7e ter\u00f6r\u00fcn belini k\u0131r\u0131yoruz, umudunu yok ediyoruz.&#8221; dedi.<\/p>\n<p><strong>&#8220;Ter\u00f6r art\u0131k \u00fclkemizde asla ve asla hayat bulamayacak&#8221;<\/strong><\/p>\n<p>Hakkari&#8217;nin bu meydandan y\u00fcksek sesle &#8220;Ey ter\u00f6r \u00f6rg\u00fct\u00fc bizim karde\u015fli\u011fimizi asla bozamazs\u0131n, bizim yavrular\u0131m\u0131z\u0131n gelece\u011fini karartamazs\u0131n. T\u00fcrkiye&#8217;nin b\u00fcy\u00fcme, kalk\u0131nma yolundaki emin ad\u0131mlarla y\u00fcr\u00fcy\u00fc\u015f\u00fcn\u00fc durduramazs\u0131n&#8221; dedi\u011fini vurgulayan Y\u0131ld\u0131r\u0131m, \u015f\u00f6yle konu\u015ftu:<\/p>\n<p>&#8220;40 y\u0131ld\u0131r bu ter\u00f6r belas\u0131yla u\u011fra\u015f\u0131yoruz. Binlerce insan\u0131m\u0131z\u0131 bu yolda kaybettik. Binlerce askerimizi, polisimizi ve jandarmam\u0131z\u0131, korucumuzu maalesef ter\u00f6rde kaybettik, \u015fehit verdik. Art\u0131k bu g\u00fcnler geride kald\u0131. Ter\u00f6r art\u0131k \u00fclkemizde asla ve asla hayat bulamayacak. Neredelerse inlerinde, da\u011fda, \u015fehirde, bay\u0131rda hepsini teker teker al\u0131p sizleri, milleti rahats\u0131z etmekten kurtaraca\u011f\u0131z. Bundan emin olabilirsiniz. \u015eu anda biz burada bu toplant\u0131y\u0131 yaparken, Hakkari&#8217;nin en y\u00fcksek da\u011flar\u0131nda ve en derin vadilerinde Mehmet\u00e7i\u011fimiz, jandarmam\u0131z eli tetikte, bizim g\u00fcvenli\u011fimiz i\u00e7in hepimizin gelece\u011fi i\u00e7in gece g\u00fcnd\u00fcz demeden gayret ediyor, \u00e7al\u0131\u015f\u0131yor, vatana ve millete sahip \u00e7\u0131k\u0131yor.&#8221; dedi.<\/p>\n<p><strong>&#8220;Irk\u00e7\u0131l\u0131k yapan bizden de\u011fildir&#8221;<\/strong><\/p>\n<p>Ba\u015fbakan Y\u0131ld\u0131r\u0131m, yapt\u0131\u011f\u0131 konu\u015fmada, &#8220;Merak etmeyin, biz al\u00e7aklar\u0131n \u00f6n\u00fcnde e\u011filmeyiz, sadece r\u00fckuda e\u011filiriz. Ter\u00f6r azald\u0131k\u00e7a kaynaklar\u0131m\u0131z, yat\u0131r\u0131mlar, yeni fabrikalar artacak. \u00c7ocuklar\u0131m\u0131z okula seve seve gidecek. B\u00f6yle olunca ne olacak? Kalk\u0131naca\u011f\u0131z. Avrupa \u00e7\u0131ld\u0131rs\u0131n, ne yaparsa yaps\u0131n, bu y\u00fcr\u00fcy\u00fc\u015f\u00fc durduramaz.&#8221; dedi.<\/p>\n<p>Ba\u015fbakan Y\u0131ld\u0131r\u0131m s\u00f6zlerine \u015f\u00f6yle devam etti:<\/p>\n<p>&#8220;T\u00fcrk ile K\u00fcrt birdir, karde\u015ftir, birlikte T\u00fcrkiyedir. Irk\u00e7\u0131l\u0131k yapan bizden de\u011fildir. Bizim dinimizin emri budur. Irk\u00e7\u0131l\u0131k yok, etnik milliyet\u00e7ilik yok, dini milliyet\u00e7ilik yok, b\u00f6lgesel ayr\u0131mc\u0131l\u0131k yok. Hakkari&#8217;yle, K\u0131rklareli&#8217;yle, Sinop&#8217;la, Hatay&#8217;la, 780 bin kilometrekare vatan topra\u011f\u0131yla hep biriz, beraberiz, karde\u015fiz, birlikte T\u00fcrkiyeyiz.&#8221; diye konu\u015ftu.<\/p>\n","protected":false},"excerpt":{"rendered":"<p>Ba\u015fbakan Y\u0131ld\u0131r\u0131m, &#8220;T\u00fcrk ile K\u00fcrt birdir, karde\u015ftir, birlikte T\u00fcrkiyedir. Irk\u00e7\u0131l\u0131k yapan bizden de\u011fildir. Bizim dinimizin emri budur.&#8221; dedi.<\/p>\n","protected":false},"author":8,"featured_media":2001,"comment_status":"open","ping_status":"closed","sticky":false,"template":"","format":"standard","meta":[],"categories":[58],"tags":[],"_links":{"self":[{"href":"https:\/\/www.vizyon2023.com.tr\/index.php\/wp-json\/wp\/v2\/posts\/2000"}],"collection":[{"href":"https:\/\/www.vizyon2023.com.tr\/index.php\/wp-json\/wp\/v2\/posts"}],"about":[{"href":"https:\/\/www.vizyon2023.com.tr\/index.php\/wp-json\/wp\/v2\/types\/post"}],"author":[{"embeddable":true,"href":"https:\/\/www.vizyon2023.com.tr\/index.php\/wp-json\/wp\/v2\/users\/8"}],"replies":[{"embeddable":true,"href":"https:\/\/www.vizyon2023.com.tr\/index.php\/wp-json\/wp\/v2\/comments?post=2000"}],"version-history":[{"count":0,"href":"https:\/\/www.vizyon2023.com.tr\/index.php\/wp-json\/wp\/v2\/posts\/2000\/revisions"}],"wp:featuredmedia":[{"embeddable":true,"href":"https:\/\/www.vizyon2023.com.tr\/index.php\/wp-json\/wp\/v2\/media\/2001"}],"wp:attachment":[{"href":"https:\/\/www.vizyon2023.com.tr\/index.php\/wp-json\/wp\/v2\/media?parent=2000"}],"wp:term":[{"taxonomy":"category","embeddable":true,"href":"https:\/\/www.vizyon2023.com.tr\/index.php\/wp-json\/wp\/v2\/categories?post=2000"},{"taxonomy":"post_tag","embeddable":true,"href":"https:\/\/www.vizyon2023.com.tr\/index.php\/wp-json\/wp\/v2\/tags?post=2000"}],"curies":[{"name":"wp","href":"https:\/\/api.w.org\/{rel}","templated":true}]}}