{"id":1992,"date":"2017-11-18T09:36:28","date_gmt":"2017-11-18T07:36:28","guid":{"rendered":"http:\/\/www.vizyon2023.com.tr\/index.php\/2017\/11\/18\/nato-genel-sekreteri-turkiyeden-ozur-diledi\/"},"modified":"2017-11-18T09:36:28","modified_gmt":"2017-11-18T07:36:28","slug":"nato-genel-sekreteri-turkiyeden-ozur-diledi","status":"publish","type":"post","link":"https:\/\/www.vizyon2023.com.tr\/index.php\/2017\/11\/18\/nato-genel-sekreteri-turkiyeden-ozur-diledi\/","title":{"rendered":"NATO Genel Sekreteri T\u00fcrkiye&#8217;den \u00f6z\u00fcr diledi"},"content":{"rendered":"<p>8-17 Kas\u0131m tarihleri aras\u0131nda Norve\u00e7&#8217;te ger\u00e7ekle\u015fen NATO tatbikat\u0131nda Atat\u00fcrk ve Cumhurba\u015fkan\u0131 Tayyip Erdo\u011fan&#8217;\u0131n hedef g\u00f6sterilmesi sonras\u0131nda NATO&#8217;dan bir a\u00e7\u0131klama yap\u0131ld\u0131.<\/p>\n<p>NATO tatbikat\u0131nda Cumhurba\u015fkan\u0131 Erdo\u011fan&#8217;\u0131 d\u00fc\u015fmanla i\u015fbirli\u011fi i\u00e7inde g\u00f6steren Norve\u00e7 ordusu personeli subay g\u00f6revden al\u0131nd\u0131. Norve\u00e7te&#8217;ki Ortak Harp Merkezi Komutanl\u0131\u011f\u0131 konuya ili\u015fkin \u00f6z\u00fcr mektubu yay\u0131nlad\u0131.<\/p>\n<p>Mustafa Kemal Atat\u00fcrk&#8217;\u00fc se\u00e7en ki\u015finin de teknisyen oldu\u011fu a\u00e7\u0131kland\u0131.<\/p>\n<p><strong>Stoltenberg \u00f6z\u00fcr diledi<\/strong><\/p>\n<p>NATO Genel Sekreteri Stoltenberg, Norve\u00e7&#8217;teki tatbikat skandal\u0131 nedeniyle T\u00fcrkiye&#8217;den \u00f6z\u00fcr diledi.<\/p>\n<p>Stoltenberg, NATO&#8217;nun Ortak Harp Merkezi&#8217;nde ger\u00e7ekle\u015fen tatbikatta meydana gelen skandala ili\u015fkin yaz\u0131l\u0131 a\u00e7\u0131klama yapt\u0131.<\/p>\n<p>A\u00e7\u0131klamada, Stoltenberg ,&#8221;NATO&#8217;nun Norve\u00e7, Stavanger kentinde bulunan Ortak Harp Merkezi&#8217;nin ger\u00e7ekle\u015ftirdi\u011fi tatbikat s\u0131ras\u0131nda vuku bulan olaylar hakk\u0131nda bilgilendirildim. Meydana gelen hatadan dolay\u0131 \u00f6z\u00fcr diliyorum. Olaylar, tek bir ki\u015finin eylemlerinden kaynaklan\u0131yor ve NATO&#8217;nun g\u00f6r\u00fc\u015flerini yans\u0131tm\u0131yor.&#8221; ifadelerini kulland\u0131.<\/p>\n<p><strong>&#8220;NATO \u00e7al\u0131\u015fan\u0131 de\u011fil&#8221;<\/strong><\/p>\n<p>Skandala neden olan ki\u015finin an\u0131nda g\u00f6revinden al\u0131nd\u0131\u011f\u0131n\u0131 ve ki\u015fi hakk\u0131nda soru\u015fturma ba\u015flat\u0131ld\u0131\u011f\u0131n\u0131 bildiren Stoltenberg, &#8220;Bu ki\u015fi, NATO \u00e7al\u0131\u015fan\u0131 de\u011fildir. Norve\u00e7 taraf\u0131ndan g\u00f6revlendirilen s\u00f6zle\u015fmeli sivil bir memurdur. Bundan sonra bu ki\u015fi hakk\u0131nda olas\u0131 cezaland\u0131rma karar\u0131 Norve\u00e7 yetkilileri taraf\u0131ndan verilecektir.&#8221; de\u011ferlendirmesinde bulundu.<\/p>\n<p>Stoltenberg, &#8220;T\u00fcrkiye, NATO i\u00e7in de\u011ferli bir m\u00fcttefiktir ve ittifak\u0131n g\u00fcvenli\u011fine \u00f6nemli katk\u0131larda bulunur.&#8221; vurgusunu yapt\u0131.<\/p>\n<p>NATO&#8217;da ger\u00e7ekle\u015fen skandal\u0131n iki boyutu bulunuyor.<\/p>\n<p>\u0130lk olay Atat\u00fcrk resmiyle ilgili olarak ger\u00e7ekle\u015fti. Bir teknisyen tatbikatta d\u00fc\u015fman saflar\u0131n\u0131 temsil etmek i\u00e7in internette buldu\u011fu Atat\u00fcrk foto\u011fraf\u0131n\u0131 kulland\u0131. Tatbikat esnas\u0131nda T\u00fcrk subaylar\u0131n\u0131n olay\u0131 tespit etmesi sonras\u0131nda teknisyenin g\u00f6revine son verildi.<\/p>\n<p>\u0130kinci olayda ise NATO i\u00e7indeki sosyal medya payla\u015f\u0131m sitesinde Cumhurba\u015fkan\u0131 Recep Tayyip Erdo\u011fan ad\u0131na a\u00e7\u0131lan sahte hesapta NATO aleyhine payla\u015f\u0131mlarda bulunuldu. Yine T\u00fcrk subaylar\u0131n tespiti sonras\u0131nda sahte hesap a\u00e7an ki\u015finin T\u00fcrk k\u00f6kenli bir Norve\u00e7 subay\u0131 oldu\u011fu ortaya \u00e7\u0131kt\u0131. S\u00f6z konusu subay ordudan at\u0131ld\u0131.<\/p>\n<p><strong>Cumhurba\u015fkan\u0131 Erdo\u011fan, konuyla ilgili bug\u00fcn \u015fu a\u00e7\u0131klamay\u0131 yapm\u0131\u015ft\u0131:<\/strong><\/p>\n<p>Cumhurba\u015fkan\u0131 ve AK Parti Genel Ba\u015fkan\u0131 Recep Tayyip Erdo\u011fan, partisinin genel merkezinde Geni\u015fletilmi\u015f \u0130l Ba\u015fkanlar\u0131 Toplant\u0131s\u0131&#8217;nda yapt\u0131\u011f\u0131 konu\u015fmada, &#8220;Amerika&#8217;n\u0131n bu \u00f6rg\u00fctler \u00fczerinden hayata ge\u00e7irmeye \u00e7al\u0131\u015ft\u0131\u011f\u0131 senaryonun fark\u0131nday\u0131z. \u0130ttifak ba\u015fka bir \u015fey ama bu m\u00fcttefikli\u011fe s\u0131\u011fmayacak hareketleri yapmak ba\u015fka bir \u015fey. Kusura bakmay\u0131n yanl\u0131\u015flar\u0131 s\u00f6yleyece\u011fiz. Son olarak d\u00fcn, Norve\u00e7&#8217;te bir durum oldu. D\u00fc\u015fman tablosu diye bir tablo koymu\u015flar ve Atat\u00fcrk&#8217;\u00fcn ismi bir tarafta da \u015fahs\u0131m\u0131n ismi var. Bu haber gelince Genelkurmay Ba\u015fkan\u0131m\u0131z ve AB&#8217;den sorumlu bakan\u0131m\u0131z da Kanada yolundayd\u0131lar. Bizi yoldan arad\u0131lar, b\u00f6yle b\u00f6yle dediler. Bu da NATO tatbikat\u0131. 40 askerimiz var. Biz bu askerimizi \u00e7ekme karar\u0131 verdik. \u00c7ekiyoruz dediler. Velev ki o hedefler kald\u0131r\u0131lsa dahi 40 askerimizi \u00e7ekin dedik.&#8221; diye konu\u015ftu.<\/p>\n<p><strong>\u00d6z\u00fcr mektubu yay\u0131nland\u0131<\/strong><\/p>\n<p>Norve\u00e7te&#8217;ki Ortak Harp Merkezi Komutanl\u0131\u011f\u0131 konuya ili\u015fkin \u00f6z\u00fcr mektubu yay\u0131nlad\u0131.<\/p>\n<p>Cumhurba\u015fkan\u0131 Erdo\u011fan bug\u00fcn yapt\u0131\u011f\u0131 a\u00e7\u0131klamada, Norve\u00e7&#8217;teki NATO tatbikat\u0131nda d\u00fc\u015fman tablosunda Atat\u00fcrk ve kendisinin isminin yer almas\u0131 nedeniyle 40 askeri geri \u00e7ektiklerini a\u00e7\u0131klam\u0131\u015ft\u0131.<\/p>\n<p>TRT HABER<\/p>\n","protected":false},"excerpt":{"rendered":"<p>NATO tatbikat\u0131nda Cumhurba\u015fkan\u0131 Erdo\u011fan&#8217;\u0131 d\u00fc\u015fmanla i\u015fbirli\u011fi i\u00e7inde g\u00f6steren Norve\u00e7 ordusu personeli g\u00f6revden al\u0131nd\u0131. NATO Genel Sekreteri, olay nedeniyle T\u00fcrkiye&#8217;den \u00f6z\u00fcr diledi.<\/p>\n","protected":false},"author":8,"featured_media":1993,"comment_status":"open","ping_status":"closed","sticky":false,"template":"","format":"standard","meta":[],"categories":[85],"tags":[],"_links":{"self":[{"href":"https:\/\/www.vizyon2023.com.tr\/index.php\/wp-json\/wp\/v2\/posts\/1992"}],"collection":[{"href":"https:\/\/www.vizyon2023.com.tr\/index.php\/wp-json\/wp\/v2\/posts"}],"about":[{"href":"https:\/\/www.vizyon2023.com.tr\/index.php\/wp-json\/wp\/v2\/types\/post"}],"author":[{"embeddable":true,"href":"https:\/\/www.vizyon2023.com.tr\/index.php\/wp-json\/wp\/v2\/users\/8"}],"replies":[{"embeddable":true,"href":"https:\/\/www.vizyon2023.com.tr\/index.php\/wp-json\/wp\/v2\/comments?post=1992"}],"version-history":[{"count":0,"href":"https:\/\/www.vizyon2023.com.tr\/index.php\/wp-json\/wp\/v2\/posts\/1992\/revisions"}],"wp:featuredmedia":[{"embeddable":true,"href":"https:\/\/www.vizyon2023.com.tr\/index.php\/wp-json\/wp\/v2\/media\/1993"}],"wp:attachment":[{"href":"https:\/\/www.vizyon2023.com.tr\/index.php\/wp-json\/wp\/v2\/media?parent=1992"}],"wp:term":[{"taxonomy":"category","embeddable":true,"href":"https:\/\/www.vizyon2023.com.tr\/index.php\/wp-json\/wp\/v2\/categories?post=1992"},{"taxonomy":"post_tag","embeddable":true,"href":"https:\/\/www.vizyon2023.com.tr\/index.php\/wp-json\/wp\/v2\/tags?post=1992"}],"curies":[{"name":"wp","href":"https:\/\/api.w.org\/{rel}","templated":true}]}}