{"id":1990,"date":"2017-11-18T09:34:46","date_gmt":"2017-11-18T07:34:46","guid":{"rendered":"http:\/\/www.vizyon2023.com.tr\/index.php\/2017\/11\/18\/bakan-celik-ile-nato-genel-sekreteri-kanadada-gorustu\/"},"modified":"2017-11-18T09:34:46","modified_gmt":"2017-11-18T07:34:46","slug":"bakan-celik-ile-nato-genel-sekreteri-kanadada-gorustu","status":"publish","type":"post","link":"https:\/\/www.vizyon2023.com.tr\/index.php\/2017\/11\/18\/bakan-celik-ile-nato-genel-sekreteri-kanadada-gorustu\/","title":{"rendered":"Bakan \u00c7elik ile NATO Genel Sekreteri Kanada&#8217;da g\u00f6r\u00fc\u015ft\u00fc"},"content":{"rendered":"<p>NATO tatbikat\u0131nda Atat\u00fcrk ve Cumhurba\u015fkan\u0131 Erdo\u011fan&#8217;\u0131n d\u00fc\u015fman liderler listesinde g\u00f6sterilmesine tepkiler devam ediyor.<\/p>\n<p>Uluslararas\u0131 Halifaks G\u00fcvenlik Forumu i\u00e7in Kanada&#8217;da bulunan AB Bakan\u0131 ve Ba\u015fm\u00fczakereci \u00d6mer \u00c7elik, NATO Genel Sekreteri Jen Stoltenberg ile biraraya geldi.<\/p>\n<p>Forumun ba\u015flang\u0131c\u0131ndan \u00f6nce meydana gelen k\u0131sa g\u00f6r\u00fc\u015fmede \u00c7elik T\u00fcrkiye&#8217;nin tepkisini bir kez daha NATO Genel Sekreteri\u2019ne iletti. Stoltenberg ise olaydan duydu\u011fu \u00fcz\u00fcnt\u00fcs\u00fc yineledi.<\/p>\n<p>Skandal olay, Halifaks G\u00fcvenlik Formunun ilk oturumunda da g\u00fcndemdeydi.<\/p>\n<p>Forumun ilk oturumuna kat\u0131lan NATO Genel Sekreteri olay\u0131 sonradan \u00f6\u011frendi\u011fini, bir hata oldu\u011funu ve konu kendisine intikal eder etmez sorumlu ki\u015finin g\u00f6revinden al\u0131nd\u0131\u011f\u0131n\u0131 belirtti.<\/p>\n<p>Olay\u0131n ard\u0131ndan derhal bir yaz\u0131l\u0131 a\u00e7\u0131klama yapt\u0131\u011f\u0131n\u0131, hat\u0131rlatan Stoltenberg, T\u00fcrkiye D\u0131\u015fi\u015fleri Bakan\u0131 Mevl\u00fct \u00c7avuso\u011flu&#8217;nu arad\u0131\u011f\u0131n\u0131 ve Genelkurmay Ba\u015fkan\u0131 Akar ile de Halifaks&#8217;ta g\u00f6r\u00fc\u015ferek bas\u0131n a\u00e7\u0131klamas\u0131ndaki hususlar\u0131 kendisine tekrarlad\u0131\u011f\u0131n\u0131 belirtti.<\/p>\n<p><strong>\u201cT\u00fcrkiye, anahtar bir m\u00fcttefik\u201d<\/strong><\/p>\n<p>Forumdaki konu\u015fmas\u0131nda T\u00fcrkiye&#8217;nin anahtar bir m\u00fcttefik oldu\u011funun alt\u0131n\u0131 \u00e7izen NATO Genel Sekreteri, T\u00fcrkiye&#8217;nin sadece NATO i\u00e7in de\u011fil, t\u00fcm kom\u015fu b\u00f6lgeler i\u00e7in \u00f6nemli bir rol oynad\u0131\u011f\u0131n\u0131 vurgulad\u0131.<\/p>\n<p>T\u00fcrkiye s\u0131n\u0131r\u0131n\u0131n NATO s\u0131n\u0131r\u0131 oldu\u011funu belirten Stoltenberg, T\u00fcrkiye&#8217;nin DAE\u015e&#8217;e kar\u015f\u0131 m\u00fccadelede ev sahipli\u011fi yapt\u0131\u011f\u0131n\u0131 belirterek T\u00fcrkiye&#8217;nin ayn\u0131 zamanda DAE\u015e ile m\u00fccadelede \u00f6nemli bir rol oynad\u0131\u011f\u0131n\u0131 s\u00f6yledi.<\/p>\n<p>TRT HABER<\/p>\n","protected":false},"excerpt":{"rendered":"<p>AB Bakan\u0131 ve Ba\u015fm\u00fczakereci \u00c7elik ile NATO Genel Sekreteri Stoltenberg Kanada\u2019da bir araya geldi. Stoltenberg, NATO tatbikat\u0131ndaki skandaldan dolay\u0131 \u00fcz\u00fcnt\u00fclerini yineledi.<\/p>\n","protected":false},"author":8,"featured_media":1991,"comment_status":"open","ping_status":"closed","sticky":false,"template":"","format":"standard","meta":[],"categories":[85],"tags":[],"_links":{"self":[{"href":"https:\/\/www.vizyon2023.com.tr\/index.php\/wp-json\/wp\/v2\/posts\/1990"}],"collection":[{"href":"https:\/\/www.vizyon2023.com.tr\/index.php\/wp-json\/wp\/v2\/posts"}],"about":[{"href":"https:\/\/www.vizyon2023.com.tr\/index.php\/wp-json\/wp\/v2\/types\/post"}],"author":[{"embeddable":true,"href":"https:\/\/www.vizyon2023.com.tr\/index.php\/wp-json\/wp\/v2\/users\/8"}],"replies":[{"embeddable":true,"href":"https:\/\/www.vizyon2023.com.tr\/index.php\/wp-json\/wp\/v2\/comments?post=1990"}],"version-history":[{"count":0,"href":"https:\/\/www.vizyon2023.com.tr\/index.php\/wp-json\/wp\/v2\/posts\/1990\/revisions"}],"wp:featuredmedia":[{"embeddable":true,"href":"https:\/\/www.vizyon2023.com.tr\/index.php\/wp-json\/wp\/v2\/media\/1991"}],"wp:attachment":[{"href":"https:\/\/www.vizyon2023.com.tr\/index.php\/wp-json\/wp\/v2\/media?parent=1990"}],"wp:term":[{"taxonomy":"category","embeddable":true,"href":"https:\/\/www.vizyon2023.com.tr\/index.php\/wp-json\/wp\/v2\/categories?post=1990"},{"taxonomy":"post_tag","embeddable":true,"href":"https:\/\/www.vizyon2023.com.tr\/index.php\/wp-json\/wp\/v2\/tags?post=1990"}],"curies":[{"name":"wp","href":"https:\/\/api.w.org\/{rel}","templated":true}]}}