{"id":1988,"date":"2017-11-18T09:34:20","date_gmt":"2017-11-18T07:34:20","guid":{"rendered":"http:\/\/www.vizyon2023.com.tr\/index.php\/2017\/11\/18\/disisleri-bakanligindan-nato-skandalina-iliskin-aciklama\/"},"modified":"2017-11-18T09:34:20","modified_gmt":"2017-11-18T07:34:20","slug":"disisleri-bakanligindan-nato-skandalina-iliskin-aciklama","status":"publish","type":"post","link":"https:\/\/www.vizyon2023.com.tr\/index.php\/2017\/11\/18\/disisleri-bakanligindan-nato-skandalina-iliskin-aciklama\/","title":{"rendered":"D\u0131\u015fi\u015fleri Bakanl\u0131\u011f\u0131ndan &#8216;NATO skandal\u0131&#8217;na ili\u015fkin a\u00e7\u0131klama"},"content":{"rendered":"<p>D\u0131\u015fi\u015fleri Bakanl\u0131\u011f\u0131ndan, Norve\u00e7&#8217;teki NATO tatbikat\u0131nda ya\u015fanan skandala ili\u015fkin, &#8220;Bu menfur hadisenin failleri hakk\u0131nda gerekli cezai i\u015flemlerin yap\u0131lmas\u0131 yak\u0131ndan izlenecektir.&#8221; de\u011ferlendirmesi yap\u0131ld\u0131.<\/p>\n<p>Bakanl\u0131ktan yap\u0131lan yaz\u0131l\u0131 a\u00e7\u0131klamada, &#8220;Norve\u00e7&#8217;te 8-17 Kas\u0131m 2017&#8217;de NATO M\u00fc\u015fterek Harp Merkezinde d\u00fczenlenmekte olan &#8216;Trident Javelin 2017&#8217; isimli masa \u00fcst\u00fc tatbikat\u0131nda Cumhuriyetimizin kurucusu b\u00fcy\u00fck \u00f6nder Mustafa Kemal Atat\u00fcrk&#8217;\u00fcn heykelinin foto\u011fraf\u0131n\u0131n, tatbikat kapsam\u0131ndaki kurgusal has\u0131m \u00fclkelerin liderleri aras\u0131nda g\u00f6sterilmesi ve yine tatbikat kapsam\u0131ndaki kapal\u0131 devre haberle\u015fme sisteminde Say\u0131n Cumhurba\u015fkan\u0131m\u0131z\u0131n (Recep Tayyip Erdo\u011fan) ismi kullan\u0131larak olu\u015fturulan sahte bir adres \u00fczerinden \u00fclkemizin has\u0131m \u00fclkelerle i\u015fbirli\u011fi yapt\u0131\u011f\u0131 y\u00f6n\u00fcnde bir izlenim yarat\u0131lmaya \u00e7al\u0131\u015f\u0131lmas\u0131 esef verici, gayriahlaki ve kabul edilmez bir durumdur.&#8221; ifadesine yer verildi.<\/p>\n<p>A\u00e7\u0131klamada, s\u00f6z konusu hadisenin \u00f6\u011frenilmesinin ard\u0131ndan tatbikata kat\u0131lan T\u00fcrk askerlerinin faaliyete kat\u0131l\u0131m\u0131n\u0131n iptal edildi\u011fi ve duyulan derin rahats\u0131zl\u0131\u011f\u0131n NATO ve Norve\u00e7 makamlar\u0131na s\u00fcratle bildirildi\u011fi vurguland\u0131.<\/p>\n<p>&#8220;NATO Daimi Temsilcimizin, NATO Genel Sekreter Vekiliyle ger\u00e7ekle\u015ftirdi\u011fi g\u00f6r\u00fc\u015fmenin ard\u0131ndan NATO Genel Sekreterince (Jens Stoltenberg) bir a\u00e7\u0131klama yap\u0131lm\u0131\u015ft\u0131r. Oslo B\u00fcy\u00fckel\u00e7ili\u011fimizce de Norve\u00e7 makamlar\u0131 ve Norve\u00e7&#8217;teki NATO askeri yetkilileri nezdinde gerekli giri\u015fimler yap\u0131lmaktad\u0131r.&#8221; g\u00f6r\u00fc\u015flerine yer verilen a\u00e7\u0131klamada, Stoltenberg&#8217;in de D\u0131\u015fi\u015fleri Bakan\u0131 Mevl\u00fct \u00c7avu\u015fo\u011flu ile temas ederek \u00f6z\u00fcr diledi\u011fi vurguland\u0131.<\/p>\n<p>A\u00e7\u0131klamada, &#8220;Bu menfur hadisenin failleri hakk\u0131nda gerekli cezai i\u015flemlerin yap\u0131lmas\u0131 yak\u0131ndan izlenecektir.&#8221; ifadesi kullan\u0131ld\u0131.<\/p>\n<p>Kaynak: AA<\/p>\n","protected":false},"excerpt":{"rendered":"<p>D\u0131\u015fi\u015fleri Bakanl\u0131\u011f\u0131ndan NATO skandal\u0131na ili\u015fkin a\u00e7\u0131klamada, &#8220;Bu menfur hadisenin failleri hakk\u0131nda gerekli cezai i\u015flemlerin yap\u0131lmas\u0131 yak\u0131ndan izlenecektir.&#8221; ifadesi kullan\u0131ld\u0131.<\/p>\n","protected":false},"author":8,"featured_media":1989,"comment_status":"open","ping_status":"closed","sticky":false,"template":"","format":"standard","meta":[],"categories":[85],"tags":[],"_links":{"self":[{"href":"https:\/\/www.vizyon2023.com.tr\/index.php\/wp-json\/wp\/v2\/posts\/1988"}],"collection":[{"href":"https:\/\/www.vizyon2023.com.tr\/index.php\/wp-json\/wp\/v2\/posts"}],"about":[{"href":"https:\/\/www.vizyon2023.com.tr\/index.php\/wp-json\/wp\/v2\/types\/post"}],"author":[{"embeddable":true,"href":"https:\/\/www.vizyon2023.com.tr\/index.php\/wp-json\/wp\/v2\/users\/8"}],"replies":[{"embeddable":true,"href":"https:\/\/www.vizyon2023.com.tr\/index.php\/wp-json\/wp\/v2\/comments?post=1988"}],"version-history":[{"count":0,"href":"https:\/\/www.vizyon2023.com.tr\/index.php\/wp-json\/wp\/v2\/posts\/1988\/revisions"}],"wp:featuredmedia":[{"embeddable":true,"href":"https:\/\/www.vizyon2023.com.tr\/index.php\/wp-json\/wp\/v2\/media\/1989"}],"wp:attachment":[{"href":"https:\/\/www.vizyon2023.com.tr\/index.php\/wp-json\/wp\/v2\/media?parent=1988"}],"wp:term":[{"taxonomy":"category","embeddable":true,"href":"https:\/\/www.vizyon2023.com.tr\/index.php\/wp-json\/wp\/v2\/categories?post=1988"},{"taxonomy":"post_tag","embeddable":true,"href":"https:\/\/www.vizyon2023.com.tr\/index.php\/wp-json\/wp\/v2\/tags?post=1988"}],"curies":[{"name":"wp","href":"https:\/\/api.w.org\/{rel}","templated":true}]}}