{"id":1986,"date":"2017-11-18T09:33:50","date_gmt":"2017-11-18T07:33:50","guid":{"rendered":"http:\/\/www.vizyon2023.com.tr\/index.php\/2017\/11\/18\/erdogan-nato-tatbikatindan-askerimizi-cekin-dedik\/"},"modified":"2017-11-18T09:33:50","modified_gmt":"2017-11-18T07:33:50","slug":"erdogan-nato-tatbikatindan-askerimizi-cekin-dedik","status":"publish","type":"post","link":"https:\/\/www.vizyon2023.com.tr\/index.php\/2017\/11\/18\/erdogan-nato-tatbikatindan-askerimizi-cekin-dedik\/","title":{"rendered":"Erdo\u011fan: NATO tatbikat\u0131ndan askerimizi \u00e7ekin dedik"},"content":{"rendered":"<p>Cumhurba\u015fkan\u0131 Recep Tayyip Erdo\u011fan, Norve\u00e7&#8217;teki hedef tablosu skandal\u0131na sert \u00e7\u0131kt\u0131. &#8220;B\u00f6yle bir ittifak olamaz, b\u00f6yle bir m\u00fcttefiklik olamaz&#8221; s\u00f6zleriyle tepki g\u00f6sterdi.<\/p>\n<p>NATO tatbikat\u0131nda g\u00f6rev alan 40 askerin geri \u00e7ekildi\u011fini a\u00e7\u0131klad\u0131.<\/p>\n<p>Cumhurba\u015fkan\u0131 ve AK Parti Genel Ba\u015fkan\u0131 Recep Tayyip Erdo\u011fan, partisinin genel merkezinde Geni\u015fletilmi\u015f \u0130l Ba\u015fkanlar\u0131 Toplant\u0131s\u0131&#8217;nda konu\u015ftu.<\/p>\n<p><strong>&#8220;\u0130n\u015fallah 2019&#8217;da da girece\u011fimiz t\u00fcm se\u00e7imlerden ba\u015far\u0131yla \u00e7\u0131kaca\u011f\u0131z&#8221;<\/strong><\/p>\n<p>Cumhurba\u015fkan\u0131 Erdo\u011fan&#8217;\u0131n konu\u015fmas\u0131nda \u00f6ne \u00e7\u0131kanlar \u015f\u00f6yle;<\/p>\n<p>&#8211; AK Parti&#8217;yi asla hiziplerin partisi haline getirmedik. Biz eser \u00fczerine eser koyduk\u00e7a milletimiz bize sahip \u00e7\u0131kmay\u0131 s\u00fcrd\u00fcrecektir. Bizi ay\u0131ran en \u00f6nemli \u00f6zellik budur. Sak\u0131n ha, dedikodulara, sa\u011fda soldaki fiskoslara kulak asmay\u0131n. Biz i\u015fimize bakaca\u011f\u0131z, yolumuza devam edece\u011fiz. Biz kendimize inand\u0131k\u00e7a g\u00fcvendik\u00e7e milletimizin bize olan sadakati de o derece artacakt\u0131r. \u0130n\u015fallah 2019&#8217;da da girece\u011fimiz t\u00fcm se\u00e7imlerden ba\u015far\u0131yla \u00e7\u0131kaca\u011f\u0131z. Yapmam\u0131z gereken kendi i\u00e7imizdeki birli\u011fi, karde\u015fli\u011fi ve milletimizle olan ba\u011f\u0131m\u0131z\u0131 g\u00fc\u00e7lendirmektir. \u00d6n\u00fcm\u00fczdeki 1-1,5 y\u0131l\u0131 \u00e7ok iyi de\u011ferlendirdi\u011fimizde hedeflerimize ula\u015fmamak i\u00e7in hi\u00e7bir sebep yoktur.<\/p>\n<p>&#8211; Ak Parti&#8217;nin genel ba\u015fkan\u0131 olarak ben sizlere g\u00fcveniyorum. T\u00fcrkye i\u00e7eride ve d\u0131\u015farda zorlu bir m\u00fccadele veriyor. Daha d\u00fcn iki askerimizi \u015fehit verdik. Aziz milletimize ba\u015fsa\u011fl\u0131\u011f\u0131 diliyorum.<\/p>\n<p>&#8211; Ter\u00f6r \u00f6rg\u00fct\u00fcn\u00fc s\u0131n\u0131r\u0131m\u0131z\u0131n her iki taraf\u0131nda da rahat b\u0131rakm\u0131yoruz. G\u00fcvenlik g\u00fc\u00e7lerimizin operasyonlar\u0131 kar k\u0131\u015f demeden s\u00fcr\u00fcyor. Son ter\u00f6rist de imha edilene veya teslim olana kadar bu operasyonlar devam edilecektir.<\/p>\n<p>&#8211; FET\u00d6 ile ilgili davalar yava\u015f yava\u015f sonu\u00e7lanmaya ba\u015flad\u0131. Bu ihanet \u00e7etesini \u00fclkemizden kaz\u0131yana kadar bize durmak yok. Ara vermek yok. Hangi kurumumuzda varsa, askerimiz, polisimizde nerede varsa bunlar\u0131 temizlemeye devam edece\u011fiz. Onlar\u0131n inlerine girdik zaten. DHKP-C gibi ter\u00f6r \u00f6rg\u00fctlerine nefes ald\u0131rmayaca\u011f\u0131z. Hep s\u00f6yl\u00fcyorum &#8216;Ac\u0131rsan\u0131z ac\u0131nacak hale gelirsiniz.&#8217; Ac\u0131mayaca\u011f\u0131z.<\/p>\n<p>Cumhurba\u015fkan\u0131 @RT_Erdogan, AK Parti \u0130l Ba\u015fkanlar\u0131 Toplant\u0131s\u0131&#8217;nda konu\u015fuyor https:\/\/t.co\/PRAsYIvFAm<\/p>\n<p>\u2014 TRT Haber Canl\u0131 (@trthabercanli) 17 Kas\u0131m 2017<\/p>\n<p><strong>&#8220;Afrin&#8217;de de ayn\u0131 oyuna gelmek istemiyoruz&#8221;<\/strong><\/p>\n<p>&#8211; Ay\u0131n 22&#8217;sinde So\u00e7i&#8217;de Putin ve \u0130ran Devlet Ba\u015fkan\u0131 Ruhani ile bir raya gelece\u011fiz. Daha \u00f6nce D\u0131\u015fi\u015fleri Bakanlar\u0131 bir araya gelecek. G\u00f6r\u00fc\u015fmenin ana nedeni hi\u00e7 \u015f\u00fcphesiz Afrin&#8217;dir. Afrin bizim i\u00e7in daha \u00f6nemli, Afrin bizim s\u0131n\u0131r\u0131m\u0131zda&#8230; Orada ya\u015fayan Arap ve k\u00fcrt, T\u00fcrkmen karde\u015flerimiz var. Buray\u0131 PYD&#8217;den temizlememiz gerekiyor. E\u011fer biz burada bulunmazsak, farkl\u0131 ter\u00f6r gruplar\u0131 buray\u0131 ilgal eder. ABD&#8217;nin verdi\u011fi s\u00f6zleri tutmamas\u0131 bizim i\u00e7in hayal k\u0131r\u0131kl\u0131\u011f\u0131 olmu\u015ftur. Afrin&#8217;de de ayn\u0131 oyuna gelmek istemiyoruz.<\/p>\n<p>&#8211; Rakka&#8217;da Menbi\u00e7&#8217;de gelin birlikte halledelim dedi\u011fimize ra\u011fmen, verdikleri s\u00f6zleri tutmam\u0131\u015flard\u0131r. Obama&#8217;n\u0131n ard\u0131ndan gelen y\u00f6netim de ter\u00f6r \u00f6rf\u00fct\u00fcn\u00fcn ismini de\u011fi\u015ftirdi. YPG yapt\u0131. Sizden \u00f6nce biz orada vard\u0131k.<\/p>\n<p>&#8211; \u015eu anda Suriye&#8217;de ABD&#8217;nin 14 hava \u00fcss\u00fc var. Siz 12 bin km uzakl\u0131ktan Suriye&#8217;ye ni\u00e7in geliyorsunuz? Bu sonu sorulmaz m\u0131? Vatanda\u015f\u0131m bana soruyor, ben de size soruyorum.<\/p>\n<p>&#8211; DEA\u015e&#8217;la m\u00fccadele&#8230; Ba\u015fl\u0131k bu. Peki DEA\u015e&#8217;le ne m\u00fccadele verdiniz? Benim askerim m\u00fccadele veriyor. Dolar \u00f6dediniz.<\/p>\n<p>&#8211; T\u00fcrkiye&#8217;nin hem DEA\u015e&#8217;a hem PYD&#8217;ye kar\u015f\u0131 operasyonlar\u0131n\u0131 baltalayan ABD&#8217;nin ne yapt\u0131\u011f\u0131n\u0131 biz iyi biliyoruz. Biz NATO&#8217;da beraberiz diye yanl\u0131\u015flar\u0131 s\u00f6ylemeyecek miyiz?<\/p>\n<p><strong>Norve\u00e7&#8217;teki NATO Tatbikat\u0131<\/strong><\/p>\n<p>&#8211; Son olarak d\u00fcn, Norve\u00e7&#8217;te bir durum oldu. D\u00fc\u015fman tablosu diye bir tablo koymu\u015flar ve Atat\u00fcrk&#8217;\u00fcn ismi bir tarafta da \u015fahs\u0131m\u0131n ismi var. Bu haber gelince Genelkurmay Ba\u015fkan\u0131m\u0131z ve AB&#8217;den sorumlu bakan\u0131m\u0131z da Kanada yolundayd\u0131lar. Bizi yoldan arad\u0131lar, b\u00f6yle b\u00f6yle dediler. Bu da NATO tatbikat\u0131. 40 askerimiz var. Biz bu askerimizi \u00e7ekme karar\u0131 verdik. \u00c7ekiyoruz dediler. Velev ki o hedefler kald\u0131r\u0131lsa dahi 40 askerimizi \u00e7ekin dedik. Gerekli ba\u011flant\u0131lar\u0131 vs yapt\u0131lar, yap\u0131yorlar. Oyun ba\u015fka. Zaman zaman de\u011fi\u015fik yerlerde de bunlar yap\u0131ld\u0131 yap\u0131l\u0131yor.<\/p>\n<p>&#8211; E\u011fer biz silah\u0131 g\u00fc\u00e7 olarak kullanacaksak, biz siyaseti b\u0131rakal\u0131m. Hak&#8217;tan daha b\u00fcy\u00fck bir g\u00fc\u00e7 olamaz. Galip gelecek g\u00fc\u00e7 Hak&#8217;t\u0131r.<\/p>\n<p>&#8211; DEA\u015e&#8217;\u0131n \u00e7ekirdek ekibi b\u00f6lgedeki hakim g\u00fc\u00e7ler taraf\u0131ndan oradan oraya ta\u015f\u0131narak b\u00f6lgedeki ate\u015f geni\u015fletilmi\u015ftir. DEA\u015e&#8217;\u0131 icat eden kimse, PYD&#8217;yi kuran da odur. PYD&#8217;yi parlatan kimse Irak&#8217;\u0131n istikrars\u0131zl\u0131\u011f\u0131n\u0131 isteyen de odur.<\/p>\n<p>&#8211; Kim nederse desin g\u00fcya DEA\u015e&#8217;a kar\u015f\u0131 sava\u015f\u0131yor denen PYD&#8217;nin madalyonun arka y\u00fcz\u00fc oldu\u011fu ortaya d\u00f6k\u00fclm\u00fc\u015ft\u00fcr. \u00d6n\u00fcm\u00fczdeki t\u00fcm bu ac\u0131 ger\u00e7eklere ra\u011fmen, bu ter\u00f6r \u00f6rg\u00fctleri i\u00e7in \u00f6zg\u00fcrl\u00fck\u00e7\u00fc diyenler var. PYD&#8217;yi parlatmalar\u0131n\u0131 sebebi de b\u00f6lgeyi dizayn etmek i\u00e7in kullanmalar\u0131d\u0131r. \u0130\u015fleri bitince palavra gibi atacaklar.<\/p>\n<p><strong>K\u0131l\u0131\u00e7daro\u011flu&#8217;na SGK tepkisi<\/strong><\/p>\n<p>&#8211; Ana muhalefet partisinin ba\u015f\u0131ndaki zat \u015fimdi de tutmu\u015f sosyal g\u00fcvenlik kurumumuza sald\u0131r\u0131yor. Senin d\u00f6neminde Sosyal Sigortalar Kurumu&#8217;nun ne hallere d\u00fc\u015ft\u00fc\u011f\u00fcn\u00fc biliyoruz. Ben \u015fimdi buradan t\u00fcm milletime, ekranlar\u0131 ba\u015f\u0131nda bizi izleyenlere rakamlarla bu zat\u0131n Sosyal Sigortalar Kurumu&#8217;nun ba\u015f\u0131nda oldu\u011fu d\u00f6nemi a\u00e7\u0131kl\u0131yorum. Bu zat birka\u00e7 g\u00fcnd\u00fcr &#8216;Ben SSK&#8217;y\u0131 2 milyar zarara u\u011fratm\u0131\u015ft\u0131m.&#8217; diyor. &#8216;Siz SGK&#8217;y\u0131 20 milyar zarara u\u011fratt\u0131n\u0131z.&#8217; diye bize \u015f\u00f6yle bir laf geveleyip duruyor. Kendisinin her a\u011fz\u0131n\u0131 a\u00e7t\u0131\u011f\u0131nda &#8216;hesap uzman\u0131y\u0131m&#8217; demesine bakmay\u0131n. Bu, hesap kitap falan bilmez.&#8221;<\/p>\n<p>&#8211; Hesap uzman\u0131 s\u0131fat\u0131 almak, bir ki\u015finin hesap uzman\u0131 olmas\u0131n\u0131 getirmiyor, uygulama getiriyor. Bat\u0131rd\u0131n m\u0131, \u00e7\u0131kard\u0131n m\u0131, as\u0131l olan budur. Hem de \u00f6yle bir bilmez ki, kendi d\u00f6nemindeki 2,5 milyarl\u0131k zarar\u0131n T\u00dcFE hesab\u0131yla bug\u00fcn 42 milyara denk geldi\u011finden dahi bu zat\u0131n haberi yoktur. \u015eimdi otursun bir de bunun hesab\u0131n\u0131 yaps\u0131n. Bunu da \u015fimdi farkl\u0131 yere do\u011fru \u00e7ekebilir. Hi\u00e7bir \u015fey bilmiyorsun ey K\u0131l\u0131\u00e7daro\u011flu. A\u00e7 interneti, orada bu hesab\u0131 otomatik olarak yapan programlar var, onu kullan.<\/p>\n","protected":false},"excerpt":{"rendered":"<p>Cumhurba\u015fkan\u0131 Erdo\u011fan, Norve\u00e7&#8217;teki NATO tatbikat\u0131nda d\u00fc\u015fman tablosunda Atat\u00fcrk ve kendisinin isminin bulunmas\u0131 nedeniyle 40 askeri geri \u00e7ektiklerini s\u00f6yledi.<\/p>\n","protected":false},"author":8,"featured_media":1987,"comment_status":"open","ping_status":"closed","sticky":false,"template":"","format":"standard","meta":[],"categories":[85],"tags":[],"_links":{"self":[{"href":"https:\/\/www.vizyon2023.com.tr\/index.php\/wp-json\/wp\/v2\/posts\/1986"}],"collection":[{"href":"https:\/\/www.vizyon2023.com.tr\/index.php\/wp-json\/wp\/v2\/posts"}],"about":[{"href":"https:\/\/www.vizyon2023.com.tr\/index.php\/wp-json\/wp\/v2\/types\/post"}],"author":[{"embeddable":true,"href":"https:\/\/www.vizyon2023.com.tr\/index.php\/wp-json\/wp\/v2\/users\/8"}],"replies":[{"embeddable":true,"href":"https:\/\/www.vizyon2023.com.tr\/index.php\/wp-json\/wp\/v2\/comments?post=1986"}],"version-history":[{"count":0,"href":"https:\/\/www.vizyon2023.com.tr\/index.php\/wp-json\/wp\/v2\/posts\/1986\/revisions"}],"wp:featuredmedia":[{"embeddable":true,"href":"https:\/\/www.vizyon2023.com.tr\/index.php\/wp-json\/wp\/v2\/media\/1987"}],"wp:attachment":[{"href":"https:\/\/www.vizyon2023.com.tr\/index.php\/wp-json\/wp\/v2\/media?parent=1986"}],"wp:term":[{"taxonomy":"category","embeddable":true,"href":"https:\/\/www.vizyon2023.com.tr\/index.php\/wp-json\/wp\/v2\/categories?post=1986"},{"taxonomy":"post_tag","embeddable":true,"href":"https:\/\/www.vizyon2023.com.tr\/index.php\/wp-json\/wp\/v2\/tags?post=1986"}],"curies":[{"name":"wp","href":"https:\/\/api.w.org\/{rel}","templated":true}]}}