{"id":1977,"date":"2017-11-14T09:01:27","date_gmt":"2017-11-14T07:01:27","guid":{"rendered":"http:\/\/www.vizyon2023.com.tr\/index.php\/2017\/11\/14\/ak-partinin-meclis-baskan-adayi-belli-oldu\/"},"modified":"2017-11-14T09:01:27","modified_gmt":"2017-11-14T07:01:27","slug":"ak-partinin-meclis-baskan-adayi-belli-oldu","status":"publish","type":"post","link":"https:\/\/www.vizyon2023.com.tr\/index.php\/2017\/11\/14\/ak-partinin-meclis-baskan-adayi-belli-oldu\/","title":{"rendered":"AK Parti&#8217;nin Meclis Ba\u015fkan aday\u0131 belli oldu"},"content":{"rendered":"<p>Meclis Ba\u015fkanl\u0131\u011f\u0131 i\u00e7in adayl\u0131k s\u00fcreci d\u00fcn ba\u015flad\u0131. Partilerin adaylar\u0131n\u0131 16 Kas\u0131m 2017 Per\u015fembe g\u00fcn\u00fc saat 24.00&#8217;e kadar bildirmeleri gerekiyor.<\/p>\n<p>AK Parti Meclis Ba\u015fkanl\u0131k se\u00e7imi i\u00e7in \u0130smail Kahraman&#8217;\u0131 aday g\u00f6sterdi.<\/p>\n<p>CHP, partilerinin \u0130zmir Milletvekili Zekeriya Temizel&#8217;in adayl\u0131\u011f\u0131 i\u00e7in Ba\u015fkanl\u0131k Divan\u0131na ba\u015fvuracaklar\u0131 a\u00e7\u0131klam\u0131\u015ft\u0131.<\/p>\n<p>CHP&#8217;den sonra MHP de Meclis Ba\u015fkan\u0131 aday\u0131n\u0131 belirlemi\u015fti. MHP&#8217;nin aday\u0131 Genel Ba\u015fkan Yard\u0131mc\u0131s\u0131 ve \u0130stanbul Milletvekili Celal Adan olmu\u015ftu.<\/p>\n<p>Meclis Ba\u015fkanl\u0131\u011f\u0131 se\u00e7iminin 20 Kas\u0131m Pazartesi g\u00fcn\u00fc yap\u0131lmas\u0131 planlan\u0131yor.<\/p>\n<p><strong>Kahraman, ba\u015fvuru dilek\u00e7esini verdi<\/strong><\/p>\n<p>\u00d6te yandan, TBMM Ba\u015fkan\u0131 Kahraman, Meclis ba\u015fkanl\u0131\u011f\u0131 adayl\u0131\u011f\u0131na ili\u015fkin ba\u015fvuru dilek\u00e7esini, TBMM Genel Sekreteri Mehmet Ali Kumbuzo\u011flu&#8217;na teslim etti.<\/p>\n<p>Kahraman, makam\u0131nda, &#8220;TBMM Ba\u015fkanl\u0131\u011f\u0131na, TBMM 26. Yasama D\u00f6nemi 2. Devresi i\u00e7in TBMM Ba\u015fkanl\u0131\u011f\u0131na aday\u0131m. Gere\u011fini arz ederim.&#8221; yaz\u0131l\u0131 dilek\u00e7eyi imzalad\u0131ktan sonra okudu ve &#8220;Meclisimiz i\u00e7in milletimiz i\u00e7in hay\u0131rl\u0131 \u00e7al\u0131\u015fmalar nasip etsin.&#8221; dedi.<\/p>\n<p>Meclis Ba\u015fkan\u0131 Kahraman, &#8220;Yeni d\u00f6nemde ilk icraat ne olacak?&#8221; sorusu \u00fczerine, 2019 y\u0131l\u0131nda T\u00fcrkiye&#8217;de yepyeni bir sistem olaca\u011f\u0131n\u0131 belirtti.<\/p>\n<p>\u00d6ncelikle \u00e7\u0131kar\u0131lmas\u0131 gereken uyum yasalar\u0131 oldu\u011funa i\u015faret eden Kahraman, &#8220;\u0130sterim ki yeni ba\u015ftan bir \u0130\u00e7t\u00fcz\u00fck haz\u0131rlayal\u0131m. Cumhurba\u015fkanl\u0131\u011f\u0131 sistemine g\u00f6re Meclis yasama yap\u0131yor, y\u00fcr\u00fctme Cumhurba\u015fkanl\u0131\u011f\u0131nda oluyor. Eskisi ile yenisi aras\u0131nda muhakkak ki de\u011fi\u015fiklikler olmas\u0131 laz\u0131m. Bunun, Mecliste grubu olan siyasi partilerimizin tamam\u0131n\u0131n kat\u0131l\u0131m\u0131yla ve kar\u015f\u0131l\u0131kl\u0131 anlay\u0131\u015f i\u00e7inde olmas\u0131n\u0131 sa\u011flamaya \u00e7al\u0131\u015fmal\u0131y\u0131z.&#8221; ifadesini kulland\u0131.<\/p>\n<p>Kaynak: TRT Haber<\/p>\n","protected":false},"excerpt":{"rendered":"<p>AK Parti, Meclis Ba\u015fkanl\u0131k se\u00e7imi i\u00e7in \u0130smail Kahraman&#8217;\u0131 aday g\u00f6sterdi.<\/p>\n","protected":false},"author":8,"featured_media":1978,"comment_status":"open","ping_status":"closed","sticky":false,"template":"","format":"standard","meta":[],"categories":[85],"tags":[],"_links":{"self":[{"href":"https:\/\/www.vizyon2023.com.tr\/index.php\/wp-json\/wp\/v2\/posts\/1977"}],"collection":[{"href":"https:\/\/www.vizyon2023.com.tr\/index.php\/wp-json\/wp\/v2\/posts"}],"about":[{"href":"https:\/\/www.vizyon2023.com.tr\/index.php\/wp-json\/wp\/v2\/types\/post"}],"author":[{"embeddable":true,"href":"https:\/\/www.vizyon2023.com.tr\/index.php\/wp-json\/wp\/v2\/users\/8"}],"replies":[{"embeddable":true,"href":"https:\/\/www.vizyon2023.com.tr\/index.php\/wp-json\/wp\/v2\/comments?post=1977"}],"version-history":[{"count":0,"href":"https:\/\/www.vizyon2023.com.tr\/index.php\/wp-json\/wp\/v2\/posts\/1977\/revisions"}],"wp:featuredmedia":[{"embeddable":true,"href":"https:\/\/www.vizyon2023.com.tr\/index.php\/wp-json\/wp\/v2\/media\/1978"}],"wp:attachment":[{"href":"https:\/\/www.vizyon2023.com.tr\/index.php\/wp-json\/wp\/v2\/media?parent=1977"}],"wp:term":[{"taxonomy":"category","embeddable":true,"href":"https:\/\/www.vizyon2023.com.tr\/index.php\/wp-json\/wp\/v2\/categories?post=1977"},{"taxonomy":"post_tag","embeddable":true,"href":"https:\/\/www.vizyon2023.com.tr\/index.php\/wp-json\/wp\/v2\/tags?post=1977"}],"curies":[{"name":"wp","href":"https:\/\/api.w.org\/{rel}","templated":true}]}}