{"id":1937,"date":"2017-11-10T16:46:16","date_gmt":"2017-11-10T14:46:16","guid":{"rendered":"http:\/\/www.vizyon2023.com.tr\/?p=1937"},"modified":"2017-11-10T16:46:16","modified_gmt":"2017-11-10T14:46:16","slug":"cumhurbaskani-erdogandan-afrin-cikisi-acikliyorum","status":"publish","type":"post","link":"https:\/\/www.vizyon2023.com.tr\/index.php\/2017\/11\/10\/cumhurbaskani-erdogandan-afrin-cikisi-acikliyorum\/","title":{"rendered":"Cumhurba\u015fkan\u0131 Erdo\u011fan&#8217;dan Afrin \u00e7\u0131k\u0131\u015f\u0131: A\u00e7\u0131kl\u0131yorum&#8230;."},"content":{"rendered":"<p><img loading=\"lazy\" class=\"alignnone size-full wp-image-1938\" src=\"http:\/\/www.vizyon2023.com.tr\/wp-content\/uploads\/2017\/11\/660x310-1510312676206.jpg\" alt=\"660x310-1510312676206\" width=\"660\" height=\"310\" \/><\/p>\n<p>Cumhurba\u015fkan\u0131 Recep Tayyip Erdo\u011fan bug\u00fcn 10 Kas\u0131m program\u0131nda yapt\u0131\u011f\u0131 konu\u015fmada Misak-\u0131 Milli&#8217;den bahsederken bir kritik geli\u015fmeyi de a\u00e7\u0131klad\u0131. Erdo\u011fan El Bab ve \u0130dlib&#8217;te yap\u0131ld\u0131\u011f\u0131 gibi merakla beklenen ve b\u00f6l\u00fcc\u00fc ter\u00f6r \u00f6rg\u00fct\u00fc PKK&#8217;ya vuraca\u011f\u0131 darbe a\u00e7\u0131s\u0131ndan \u00f6nem arz eden Afrin operasyonuna &#8220;\u015eimdiki zaman&#8221; vurgusuyla de\u011findi.<a class=\"backLink\" href=\"https:\/\/www.ahaber.com.tr\/gundem\/2017\/11\/10\/cumhurbaskani-erdogandan-afrin-cikisi-acikliyorum\">.<\/a><\/p>\n<p>\u0130\u015fte Cumhurba\u015fkan\u0131 Recep Tayyip Erdo\u011fan&#8217;\u0131n konu\u015fmas\u0131nda yer verdi\u011fi Afrin operasyonuna ili\u015fkin ifadeleri;<\/p>\n<p><strong>&#8220;M\u0130SAK-I M\u0130LL\u0130&#8217;YE SAH\u0130P \u00c7IKAMADIK&#8221;<\/strong><\/p>\n<p>&#8220;Biz Kurtulu\u015f Sava\u015f\u0131m\u0131za ba\u015flarken ilan etti\u011fimiz Misak-\u0131 Millimize de sahip \u00e7\u0131kamad\u0131k. Suriye ve Irak&#8217;taki geli\u015fmelerde zaman zaman dillendiriyorum. Biz Misak-\u0131 Millimize yeniden sahip \u00e7\u0131kmak zorunday\u0131z diyorum. E\u011fer o hudutlar i\u00e7inden \u00fclkemize sald\u0131r\u0131lar oluyorsa buradan buyurun devam edin deme l\u00fcks\u00fcm\u00fcz yoktur.<\/p>\n<p><strong>&#8220;AFR\u0130N&#8217;DE YAPILAN BUDUR&#8221;<\/strong><\/p>\n<p>Gere\u011fini, gerekti\u011fi \u015fekilde yapma zorunlulu\u011fumuz var. \u0130dlib&#8217;de yap\u0131lmakta olan budur, a\u00e7\u0131kl\u0131yorum. Afrin&#8217;de yap\u0131lmakta olan da budur. Orada olanlar bizim akrabam\u0131z, onlar\u0131n de\u011fil. \u00d6yle ise akrabalar\u0131m\u0131z\u0131n hukukuna da sahip \u00e7\u0131kmak zorunday\u0131z.<\/p>\n<p>&nbsp;<\/p>\n","protected":false},"excerpt":{"rendered":"<p>Cumhurba\u015fkan\u0131 Recep Tayyip Erdo\u011fan bug\u00fcn 10 Kas\u0131m program\u0131nda yapt\u0131\u011f\u0131 konu\u015fmada Misak-\u0131 Milli&#8217;den bahsederken bir kritik geli\u015fmeyi de a\u00e7\u0131klad\u0131. Erdo\u011fan El Bab ve \u0130dlib&#8217;te yap\u0131ld\u0131\u011f\u0131 gibi merakla beklenen ve b\u00f6l\u00fcc\u00fc ter\u00f6r \u00f6rg\u00fct\u00fc PKK&#8217;ya vuraca\u011f\u0131 darbe a\u00e7\u0131s\u0131ndan \u00f6nem arz eden Afrin operasyonuna &#8220;\u015eimdiki zaman&#8221; vurgusuyla de\u011findi.. \u0130\u015fte Cumhurba\u015fkan\u0131 Recep Tayyip Erdo\u011fan&#8217;\u0131n konu\u015fmas\u0131nda yer verdi\u011fi Afrin operasyonuna ili\u015fkin [&hellip;]<\/p>\n","protected":false},"author":8,"featured_media":1939,"comment_status":"open","ping_status":"closed","sticky":false,"template":"","format":"standard","meta":[],"categories":[85],"tags":[],"_links":{"self":[{"href":"https:\/\/www.vizyon2023.com.tr\/index.php\/wp-json\/wp\/v2\/posts\/1937"}],"collection":[{"href":"https:\/\/www.vizyon2023.com.tr\/index.php\/wp-json\/wp\/v2\/posts"}],"about":[{"href":"https:\/\/www.vizyon2023.com.tr\/index.php\/wp-json\/wp\/v2\/types\/post"}],"author":[{"embeddable":true,"href":"https:\/\/www.vizyon2023.com.tr\/index.php\/wp-json\/wp\/v2\/users\/8"}],"replies":[{"embeddable":true,"href":"https:\/\/www.vizyon2023.com.tr\/index.php\/wp-json\/wp\/v2\/comments?post=1937"}],"version-history":[{"count":1,"href":"https:\/\/www.vizyon2023.com.tr\/index.php\/wp-json\/wp\/v2\/posts\/1937\/revisions"}],"predecessor-version":[{"id":1940,"href":"https:\/\/www.vizyon2023.com.tr\/index.php\/wp-json\/wp\/v2\/posts\/1937\/revisions\/1940"}],"wp:featuredmedia":[{"embeddable":true,"href":"https:\/\/www.vizyon2023.com.tr\/index.php\/wp-json\/wp\/v2\/media\/1939"}],"wp:attachment":[{"href":"https:\/\/www.vizyon2023.com.tr\/index.php\/wp-json\/wp\/v2\/media?parent=1937"}],"wp:term":[{"taxonomy":"category","embeddable":true,"href":"https:\/\/www.vizyon2023.com.tr\/index.php\/wp-json\/wp\/v2\/categories?post=1937"},{"taxonomy":"post_tag","embeddable":true,"href":"https:\/\/www.vizyon2023.com.tr\/index.php\/wp-json\/wp\/v2\/tags?post=1937"}],"curies":[{"name":"wp","href":"https:\/\/api.w.org\/{rel}","templated":true}]}}