{"id":1933,"date":"2017-11-10T16:43:38","date_gmt":"2017-11-10T14:43:38","guid":{"rendered":"http:\/\/www.vizyon2023.com.tr\/?p=1933"},"modified":"2017-11-10T16:43:38","modified_gmt":"2017-11-10T14:43:38","slug":"cumhurbaskani-erdogan-islamin-ilimlisi-ilimsizi-olmaz","status":"publish","type":"post","link":"https:\/\/www.vizyon2023.com.tr\/index.php\/2017\/11\/10\/cumhurbaskani-erdogan-islamin-ilimlisi-ilimsizi-olmaz\/","title":{"rendered":"Cumhurba\u015fkan\u0131 Erdo\u011fan: \u0130slam&#8217;\u0131n \u0131l\u0131ml\u0131s\u0131, \u0131l\u0131ms\u0131z\u0131 olmaz."},"content":{"rendered":"<p><img loading=\"lazy\" class=\"alignnone size-full wp-image-1934\" src=\"http:\/\/www.vizyon2023.com.tr\/wp-content\/uploads\/2017\/11\/660x310-cumhurbaskani-erdogan-islamin-ilimlisi-ilimsizi-olmaz-1510318899601.jpg\" alt=\"660x310-cumhurbaskani-erdogan-islamin-ilimlisi-ilimsizi-olmaz-1510318899601\" width=\"660\" height=\"310\" \/><\/p>\n<p><strong>Cumhurba\u015fkan\u0131\u00a0<a class=\"tkktLnk\" href=\"https:\/\/www.ahaber.com.tr\/index\/erdogan\" target=\"_blank\" rel=\"tag\">Erdo\u011fan<\/a>, &#8220;Bir konuyu yeniden k\u00f6p\u00fcrtt\u00fcler: Il\u0131ml\u0131 \u0130slam. Bu \u0131l\u0131ml\u0131 \u0130slam kelimesinin patenti Bat\u0131&#8217;ya ait. Bunu s\u00f6yleyen ki\u015fi kendine ait oldu\u011funu d\u00fc\u015f\u00fcn\u00fcyor olabilir ama sana ait de\u011fil. \u0130slam&#8217;\u0131n \u0131l\u0131ml\u0131s\u0131, \u0131l\u0131ms\u0131z\u0131 olmaz. \u0130slam tektir. Kimse \u0130slam&#8217;\u0131 \u00e7e\u015fitlendirme gayreti i\u00e7ine giremez. Mesele \u015fu; \u0130slam&#8217;\u0131 zaafa d\u00fc\u015f\u00fcrmek.&#8221; dedi.<a class=\"backLink\" href=\"https:\/\/www.ahaber.com.tr\/gundem\/2017\/11\/10\/cumhurbaskani-erdogan-islamin-ilimlisi-ilimsizi-olmaz\">.<\/a><\/strong><\/p>\n<p>Cumhurba\u015fkan\u0131 Recep Tayyip\u00a0<a class=\"tkktLnk\" href=\"https:\/\/www.ahaber.com.tr\/index\/erdogan\" target=\"_blank\" rel=\"tag\">Erdo\u011fan<\/a>, Cumhurba\u015fkanl\u0131\u011f\u0131 K\u00fclliyesi&#8217;nde &#8220;\u0130slam \u0130\u015fbirli\u011fi Te\u015fkilat\u0131 Kad\u0131n Dan\u0131\u015fma Konseyi Gen\u00e7 Kad\u0131nlar Liderlik ve Giri\u015fimcilik Program\u0131 Sertifika T\u00f6reni&#8221;nde konu\u015ftu.<\/p>\n<p>\u0130\u015fte Cumhurba\u015fkan\u0131 Erdo\u011fan&#8217;\u0131n konu\u015fmas\u0131ndan sat\u0131r ba\u015flar\u0131:<\/p>\n<p><strong>BU KADAR BAS\u0130T M\u0130 BU \u0130\u015e<\/strong><br \/>\nM\u00fcsl\u00fcman karde\u015flerimiz \u00f6l\u00fcyor, umurlar\u0131nda de\u011fil. BM Genel Kurulu&#8217;nda bu i\u015fi g\u00fcndeme getirdik, 2 devlet ba\u015fkan\u0131 vard\u0131k, bir ben bir de \u0130ran ba\u015fkan\u0131 vard\u0131k. Ba\u015fbakan olarak sadece Banglade\u015f vard\u0131, bu kadar basit mi bu i\u015f? Biz kimse gelmese de g\u00fcc\u00fcm\u00fcz neyi gerektiriyorsa bunu yapmakta kararl\u0131y\u0131z.<\/p>\n<p><strong>T\u00dcRK\u0130YE \u0130K\u0130NC\u0130 SIRADA<\/strong><br \/>\n\u015eu anda d\u00fcnyada en az geli\u015fmi\u015f \u00fclkelere yard\u0131mda ABD bir numara. \u0130kinci s\u0131rada T\u00fcrkiye var.<\/p>\n<p><strong>\u0130SLAM&#8217;IN ILIMLISI ILIMSIZI OLMAZ<\/strong><br \/>\nBir konuyu yeniden k\u00f6p\u00fcrtt\u00fcler: Il\u0131ml\u0131 \u0130slam. Bu \u0131l\u0131ml\u0131 \u0130slam kelimesinin patenti Bat\u0131&#8217;ya ait. Bunu s\u00f6yleyen ki\u015fi kendine ait oldu\u011funu d\u00fc\u015f\u00fcn\u00fcyor olabilir ama sana ait de\u011fil. \u0130slam&#8217;\u0131n \u0131l\u0131ml\u0131s\u0131, \u0131l\u0131ms\u0131z\u0131 olmaz. \u0130slam tektir. Kimse \u0130slam&#8217;\u0131 \u00e7e\u015fitlendirme gayreti i\u00e7ine giremez. Mesele \u015fu; \u0130slam&#8217;\u0131 zaafa d\u00fc\u015f\u00fcrmek. \u0130slam Allah&#8217;tan ba\u015fka hi\u00e7bir g\u00fcc\u00fcn kullu\u011funa izin vermeyerek insan\u0131 \u00f6zg\u00fcrle\u015ftiren bir dindir.<\/p>\n<p>&nbsp;<\/p>\n","protected":false},"excerpt":{"rendered":"<p>Cumhurba\u015fkan\u0131\u00a0Erdo\u011fan, &#8220;Bir konuyu yeniden k\u00f6p\u00fcrtt\u00fcler: Il\u0131ml\u0131 \u0130slam. Bu \u0131l\u0131ml\u0131 \u0130slam kelimesinin patenti Bat\u0131&#8217;ya ait. Bunu s\u00f6yleyen ki\u015fi kendine ait oldu\u011funu d\u00fc\u015f\u00fcn\u00fcyor olabilir ama sana ait de\u011fil. \u0130slam&#8217;\u0131n \u0131l\u0131ml\u0131s\u0131, \u0131l\u0131ms\u0131z\u0131 olmaz. \u0130slam tektir. Kimse \u0130slam&#8217;\u0131 \u00e7e\u015fitlendirme gayreti i\u00e7ine giremez. Mesele \u015fu; \u0130slam&#8217;\u0131 zaafa d\u00fc\u015f\u00fcrmek.&#8221; dedi.. Cumhurba\u015fkan\u0131 Recep Tayyip\u00a0Erdo\u011fan, Cumhurba\u015fkanl\u0131\u011f\u0131 K\u00fclliyesi&#8217;nde &#8220;\u0130slam \u0130\u015fbirli\u011fi Te\u015fkilat\u0131 Kad\u0131n Dan\u0131\u015fma Konseyi [&hellip;]<\/p>\n","protected":false},"author":8,"featured_media":1935,"comment_status":"open","ping_status":"closed","sticky":false,"template":"","format":"standard","meta":[],"categories":[85],"tags":[],"_links":{"self":[{"href":"https:\/\/www.vizyon2023.com.tr\/index.php\/wp-json\/wp\/v2\/posts\/1933"}],"collection":[{"href":"https:\/\/www.vizyon2023.com.tr\/index.php\/wp-json\/wp\/v2\/posts"}],"about":[{"href":"https:\/\/www.vizyon2023.com.tr\/index.php\/wp-json\/wp\/v2\/types\/post"}],"author":[{"embeddable":true,"href":"https:\/\/www.vizyon2023.com.tr\/index.php\/wp-json\/wp\/v2\/users\/8"}],"replies":[{"embeddable":true,"href":"https:\/\/www.vizyon2023.com.tr\/index.php\/wp-json\/wp\/v2\/comments?post=1933"}],"version-history":[{"count":1,"href":"https:\/\/www.vizyon2023.com.tr\/index.php\/wp-json\/wp\/v2\/posts\/1933\/revisions"}],"predecessor-version":[{"id":1936,"href":"https:\/\/www.vizyon2023.com.tr\/index.php\/wp-json\/wp\/v2\/posts\/1933\/revisions\/1936"}],"wp:featuredmedia":[{"embeddable":true,"href":"https:\/\/www.vizyon2023.com.tr\/index.php\/wp-json\/wp\/v2\/media\/1935"}],"wp:attachment":[{"href":"https:\/\/www.vizyon2023.com.tr\/index.php\/wp-json\/wp\/v2\/media?parent=1933"}],"wp:term":[{"taxonomy":"category","embeddable":true,"href":"https:\/\/www.vizyon2023.com.tr\/index.php\/wp-json\/wp\/v2\/categories?post=1933"},{"taxonomy":"post_tag","embeddable":true,"href":"https:\/\/www.vizyon2023.com.tr\/index.php\/wp-json\/wp\/v2\/tags?post=1933"}],"curies":[{"name":"wp","href":"https:\/\/api.w.org\/{rel}","templated":true}]}}