{"id":1907,"date":"2017-11-08T21:59:23","date_gmt":"2017-11-08T19:59:23","guid":{"rendered":"http:\/\/www.vizyon2023.com.tr\/?p=1907"},"modified":"2017-11-08T21:59:23","modified_gmt":"2017-11-08T19:59:23","slug":"cumhurbaskani-erdogan-katkisi-olacak-herkese-kapimiz-acik","status":"publish","type":"post","link":"https:\/\/www.vizyon2023.com.tr\/index.php\/2017\/11\/08\/cumhurbaskani-erdogan-katkisi-olacak-herkese-kapimiz-acik\/","title":{"rendered":"Cumhurba\u015fkan\u0131 Erdo\u011fan: Katk\u0131s\u0131 olacak herkese kap\u0131m\u0131z a\u00e7\u0131k."},"content":{"rendered":"<p><img loading=\"lazy\" class=\"alignnone size-full wp-image-1908\" src=\"http:\/\/www.vizyon2023.com.tr\/wp-content\/uploads\/2017\/11\/660x310-cumhurbaskani-erdogan-katkisi-olacak-herkese-kapimiz-acik-1510166631746.jpg\" alt=\"660x310-cumhurbaskani-erdogan-katkisi-olacak-herkese-kapimiz-acik-1510166631746\" width=\"660\" height=\"310\" \/><\/p>\n<p><strong>Cumhurba\u015fkan\u0131 Recep Tayyip Erdo\u011fan, &#8220;Biz T\u00fcrkiye&#8217;nin gen\u00e7 ve dinamik n\u00fcfusu ve g\u00fc\u00e7l\u00fc ekonomisiyle teknoloji alan\u0131nda da d\u00fcnyayla yar\u0131\u015f\u0131r hale gelmesi i\u00e7in \u00e7al\u0131\u015f\u0131yoruz. Bu y\u00fczden \u00fclkemize katk\u0131s\u0131 olaca\u011f\u0131na inand\u0131\u011f\u0131m\u0131z herkese kap\u0131lar\u0131m\u0131z sonuna kadar a\u00e7\u0131kt\u0131r.&#8221; ifadesini kulland\u0131.<a class=\"backLink\" href=\"https:\/\/www.ahaber.com.tr\/gundem\/2017\/11\/08\/cumhurbaskani-erdogan-katkisi-olacak-herkese-kapimiz-acik\">.<\/a><\/strong><\/p>\n<div class=\"textFrame\">\n<p>Erdo\u011fan, Twitter&#8217;daki hesab\u0131ndan yapt\u0131\u011f\u0131 de\u011ferlendirmede, T\u00fcrkiye olarak ba\u015fta 2023 olmak \u00fczere hedeflere ula\u015fmak i\u00e7in hem kurumsal, hem bireysel anlamda inovasyon k\u00fclt\u00fcr\u00fcn\u00fc geli\u015ftirmek, teknolojide s\u00fcrekli daha ileri gitmenin yollar\u0131n\u0131 aramak gerekti\u011fine vurgu yapt\u0131.<\/p>\n<p>Cumhurba\u015fkan\u0131 Erdo\u011fan, \u015funlar\u0131 kaydetti:<\/p>\n<p>&#8220;Biz T\u00fcrkiye&#8217;nin gen\u00e7 ve dinamik n\u00fcfusu ve g\u00fc\u00e7l\u00fc ekonomisiyle teknoloji alan\u0131nda da d\u00fcnyayla yar\u0131\u015f\u0131r hale gelmesi i\u00e7in \u00e7al\u0131\u015f\u0131yoruz. Bu y\u00fczden \u00fclkemize katk\u0131s\u0131 olaca\u011f\u0131na inand\u0131\u011f\u0131m\u0131z herkese kap\u0131lar\u0131m\u0131z sonuna kadar a\u00e7\u0131kt\u0131r. Otomotivden uzay teknolojilerine kadar bir\u00e7ok alanda y\u00fcr\u00fctt\u00fc\u011f\u00fcm\u00fcz \u00e7al\u0131\u015fmalara d\u00fcnya ile daha fazla entegrasyon halinde devam edecek, milletimizin de deste\u011fi ile in\u015fallah T\u00fcrkiye&#8217;yi muas\u0131r medeniyetler seviyesinin \u00fczerine \u00e7\u0131karaca\u011f\u0131z.<\/p>\n<\/div>\n<div class=\"pageTools\"><\/div>\n","protected":false},"excerpt":{"rendered":"<p>Cumhurba\u015fkan\u0131 Recep Tayyip Erdo\u011fan, &#8220;Biz T\u00fcrkiye&#8217;nin gen\u00e7 ve dinamik n\u00fcfusu ve g\u00fc\u00e7l\u00fc ekonomisiyle teknoloji alan\u0131nda da d\u00fcnyayla yar\u0131\u015f\u0131r hale gelmesi i\u00e7in \u00e7al\u0131\u015f\u0131yoruz. Bu y\u00fczden \u00fclkemize katk\u0131s\u0131 olaca\u011f\u0131na inand\u0131\u011f\u0131m\u0131z herkese kap\u0131lar\u0131m\u0131z sonuna kadar a\u00e7\u0131kt\u0131r.&#8221; ifadesini kulland\u0131.. Erdo\u011fan, Twitter&#8217;daki hesab\u0131ndan yapt\u0131\u011f\u0131 de\u011ferlendirmede, T\u00fcrkiye olarak ba\u015fta 2023 olmak \u00fczere hedeflere ula\u015fmak i\u00e7in hem kurumsal, hem bireysel anlamda inovasyon [&hellip;]<\/p>\n","protected":false},"author":8,"featured_media":1909,"comment_status":"open","ping_status":"closed","sticky":false,"template":"","format":"standard","meta":[],"categories":[85],"tags":[],"_links":{"self":[{"href":"https:\/\/www.vizyon2023.com.tr\/index.php\/wp-json\/wp\/v2\/posts\/1907"}],"collection":[{"href":"https:\/\/www.vizyon2023.com.tr\/index.php\/wp-json\/wp\/v2\/posts"}],"about":[{"href":"https:\/\/www.vizyon2023.com.tr\/index.php\/wp-json\/wp\/v2\/types\/post"}],"author":[{"embeddable":true,"href":"https:\/\/www.vizyon2023.com.tr\/index.php\/wp-json\/wp\/v2\/users\/8"}],"replies":[{"embeddable":true,"href":"https:\/\/www.vizyon2023.com.tr\/index.php\/wp-json\/wp\/v2\/comments?post=1907"}],"version-history":[{"count":1,"href":"https:\/\/www.vizyon2023.com.tr\/index.php\/wp-json\/wp\/v2\/posts\/1907\/revisions"}],"predecessor-version":[{"id":1910,"href":"https:\/\/www.vizyon2023.com.tr\/index.php\/wp-json\/wp\/v2\/posts\/1907\/revisions\/1910"}],"wp:featuredmedia":[{"embeddable":true,"href":"https:\/\/www.vizyon2023.com.tr\/index.php\/wp-json\/wp\/v2\/media\/1909"}],"wp:attachment":[{"href":"https:\/\/www.vizyon2023.com.tr\/index.php\/wp-json\/wp\/v2\/media?parent=1907"}],"wp:term":[{"taxonomy":"category","embeddable":true,"href":"https:\/\/www.vizyon2023.com.tr\/index.php\/wp-json\/wp\/v2\/categories?post=1907"},{"taxonomy":"post_tag","embeddable":true,"href":"https:\/\/www.vizyon2023.com.tr\/index.php\/wp-json\/wp\/v2\/tags?post=1907"}],"curies":[{"name":"wp","href":"https:\/\/api.w.org\/{rel}","templated":true}]}}