{"id":1897,"date":"2017-11-08T15:01:37","date_gmt":"2017-11-08T13:01:37","guid":{"rendered":"http:\/\/www.vizyon2023.com.tr\/?p=1897"},"modified":"2017-11-08T15:01:37","modified_gmt":"2017-11-08T13:01:37","slug":"ankaranin-yeni-belediye-baskani-mustafa-tuna-tum-mudurlerin-istifasini-istedi","status":"publish","type":"post","link":"https:\/\/www.vizyon2023.com.tr\/index.php\/2017\/11\/08\/ankaranin-yeni-belediye-baskani-mustafa-tuna-tum-mudurlerin-istifasini-istedi\/","title":{"rendered":"Ankara&#8217;n\u0131n yeni Belediye Ba\u015fkan\u0131 Mustafa Tuna t\u00fcm m\u00fcd\u00fcrlerin istifas\u0131n\u0131 istedi."},"content":{"rendered":"<p><img loading=\"lazy\" class=\"alignnone size-full wp-image-1898\" src=\"http:\/\/www.vizyon2023.com.tr\/wp-content\/uploads\/2017\/11\/660x310-ankaranin-yeni-belediye-baskani-mustafa-tuna-tum-mudurlerin-istifasini-istedi-1510131848662.jpg\" alt=\"660x310-ankaranin-yeni-belediye-baskani-mustafa-tuna-tum-mudurlerin-istifasini-istedi-1510131848662\" width=\"660\" height=\"310\" \/><\/p>\n<p>Melih G\u00f6k\u00e7ek&#8217;in yerine se\u00e7ilen Ankara&#8217;n\u0131n yeni B\u00fcy\u00fck\u015fehir Belediye Ba\u015fkan\u0131 Mustafa Tuna, Ankara B\u00fcy\u00fck\u015fehir Belediyesindeki t\u00fcm genel m\u00fcd\u00fcr ve b\u00fcrokratlar\u0131n istifas\u0131n\u0131 istedi.<a class=\"backLink\" href=\"https:\/\/www.ahaber.com.tr\/gundem\/2017\/11\/08\/ankaranin-yeni-belediye-baskani-mustafa-tuna-tum-mudurlerin-istifasini-istedi\">.<\/a><\/p>\n<p>\u00d6nceki g\u00fcnlerde meclis taraf\u0131ndan se\u00e7ilerek Melih G\u00f6k\u00e7ek&#8217;ten bo\u015falan Ankara B\u00fcy\u00fck\u015fehir Belediye Ba\u015fkanl\u0131\u011f\u0131na se\u00e7ilen Mustafa Tuna, Sincan Belediyesindeki mesai arkada\u015flar\u0131yla vedala\u015ft\u0131.<\/p>\n<p><strong>\u0130ST\u0130FALARINI \u0130STED\u0130<\/strong><\/p>\n<p>Melih G\u00f6k\u00e7ek&#8217;in istifas\u0131n\u0131n ard\u0131ndan bo\u015falan Ankara B\u00fcy\u00fck\u015fehir Belediye Ba\u015fkanl\u0131\u011f\u0131 g\u00f6revine se\u00e7ilen eski Sincan Belediye Ba\u015fkan\u0131 Mustafa Tuna, Sincan Belediyesindeki mesai arkada\u015flar\u0131yla vedala\u015ft\u0131. Bina \u00f6n\u00fcnde d\u00fczenlenen t\u00f6rende belediye \u00e7al\u0131\u015fanlar\u0131yla tek tek vedala\u015fan Tuna, duygusal anlar ya\u015fad\u0131. Melih G\u00f6k\u00e7ek&#8217;ten bo\u015falan koltu\u011fu devralan Tuna&#8217;n\u0131n Ankara B\u00fcy\u00fck\u015fehir Belediyesinde g\u00f6rev yapan b\u00fcrokratlar\u0131n ve genel m\u00fcd\u00fcrlerin istifas\u0131n\u0131 istedi\u011fi \u00f6\u011frenildi.<\/p>\n<p><a class=\"backLink\" href=\"https:\/\/www.ahaber.com.tr\/gundem\/2017\/11\/08\/ankaranin-yeni-belediye-baskani-mustafa-tuna-tum-mudurlerin-istifasini-istedi\">.<\/a><\/p>\n","protected":false},"excerpt":{"rendered":"<p>Melih G\u00f6k\u00e7ek&#8217;in yerine se\u00e7ilen Ankara&#8217;n\u0131n yeni B\u00fcy\u00fck\u015fehir Belediye Ba\u015fkan\u0131 Mustafa Tuna, Ankara B\u00fcy\u00fck\u015fehir Belediyesindeki t\u00fcm genel m\u00fcd\u00fcr ve b\u00fcrokratlar\u0131n istifas\u0131n\u0131 istedi.. \u00d6nceki g\u00fcnlerde meclis taraf\u0131ndan se\u00e7ilerek Melih G\u00f6k\u00e7ek&#8217;ten bo\u015falan Ankara B\u00fcy\u00fck\u015fehir Belediye Ba\u015fkanl\u0131\u011f\u0131na se\u00e7ilen Mustafa Tuna, Sincan Belediyesindeki mesai arkada\u015flar\u0131yla vedala\u015ft\u0131. \u0130ST\u0130FALARINI \u0130STED\u0130 Melih G\u00f6k\u00e7ek&#8217;in istifas\u0131n\u0131n ard\u0131ndan bo\u015falan Ankara B\u00fcy\u00fck\u015fehir Belediye Ba\u015fkanl\u0131\u011f\u0131 g\u00f6revine se\u00e7ilen eski [&hellip;]<\/p>\n","protected":false},"author":8,"featured_media":1899,"comment_status":"open","ping_status":"closed","sticky":false,"template":"","format":"standard","meta":[],"categories":[85],"tags":[],"_links":{"self":[{"href":"https:\/\/www.vizyon2023.com.tr\/index.php\/wp-json\/wp\/v2\/posts\/1897"}],"collection":[{"href":"https:\/\/www.vizyon2023.com.tr\/index.php\/wp-json\/wp\/v2\/posts"}],"about":[{"href":"https:\/\/www.vizyon2023.com.tr\/index.php\/wp-json\/wp\/v2\/types\/post"}],"author":[{"embeddable":true,"href":"https:\/\/www.vizyon2023.com.tr\/index.php\/wp-json\/wp\/v2\/users\/8"}],"replies":[{"embeddable":true,"href":"https:\/\/www.vizyon2023.com.tr\/index.php\/wp-json\/wp\/v2\/comments?post=1897"}],"version-history":[{"count":1,"href":"https:\/\/www.vizyon2023.com.tr\/index.php\/wp-json\/wp\/v2\/posts\/1897\/revisions"}],"predecessor-version":[{"id":1900,"href":"https:\/\/www.vizyon2023.com.tr\/index.php\/wp-json\/wp\/v2\/posts\/1897\/revisions\/1900"}],"wp:featuredmedia":[{"embeddable":true,"href":"https:\/\/www.vizyon2023.com.tr\/index.php\/wp-json\/wp\/v2\/media\/1899"}],"wp:attachment":[{"href":"https:\/\/www.vizyon2023.com.tr\/index.php\/wp-json\/wp\/v2\/media?parent=1897"}],"wp:term":[{"taxonomy":"category","embeddable":true,"href":"https:\/\/www.vizyon2023.com.tr\/index.php\/wp-json\/wp\/v2\/categories?post=1897"},{"taxonomy":"post_tag","embeddable":true,"href":"https:\/\/www.vizyon2023.com.tr\/index.php\/wp-json\/wp\/v2\/tags?post=1897"}],"curies":[{"name":"wp","href":"https:\/\/api.w.org\/{rel}","templated":true}]}}