{"id":1893,"date":"2017-11-08T14:59:02","date_gmt":"2017-11-08T12:59:02","guid":{"rendered":"http:\/\/www.vizyon2023.com.tr\/?p=1893"},"modified":"2017-11-08T14:59:02","modified_gmt":"2017-11-08T12:59:02","slug":"teslanin-kurucu-elon-musk-cumhurbaskani-erdogan-ile-gorusecek","status":"publish","type":"post","link":"https:\/\/www.vizyon2023.com.tr\/index.php\/2017\/11\/08\/teslanin-kurucu-elon-musk-cumhurbaskani-erdogan-ile-gorusecek\/","title":{"rendered":"Tesla&#8217;n\u0131n kurucu Elon Musk, Cumhurba\u015fkan\u0131 Erdo\u011fan ile g\u00f6r\u00fc\u015fecek."},"content":{"rendered":"<p>Cumhurba\u015fkan\u0131 Recep Tayyip Erdo\u011fan, Space X \u015firketinin kurucusu Elon Musk&#8217;u Cumhurba\u015fkanl\u0131\u011f\u0131 K\u00fclliyesi&#8217;nde kabul edecek.<a class=\"backLink\" href=\"https:\/\/www.ahaber.com.tr\/galeri\/turkiye\/teslanin-kurucu-elon-musk-cumhurbaskani-erdogan-ile-gorusecek\">.<\/a><\/p>\n<p><img loading=\"lazy\" class=\"alignnone size-full wp-image-1894\" src=\"http:\/\/www.vizyon2023.com.tr\/wp-content\/uploads\/2017\/11\/0x0-teslanin-kurucu-elon-musk-cumhurbaskani-erdogan-ile-gorusecek-1510131504953.jpg\" alt=\"0x0-teslanin-kurucu-elon-musk-cumhurbaskani-erdogan-ile-gorusecek-1510131504953\" width=\"620\" height=\"410\" \/><\/p>\n<p>Tesla ile elektrikli otomobil \u00fcreten, SpaceX ile uzay seyahatlerin seyrini de\u011fi\u015ftirmeye \u00e7al\u0131\u015fan ve Hyperloop ile toplu ta\u015f\u0131mada \u00e7\u0131\u011f\u0131r a\u00e7may\u0131 planlayan Elon Musk, T\u00fcrkiye&#8217;ye geliyor<a class=\"backLink\" href=\"https:\/\/www.ahaber.com.tr\/galeri\/turkiye\/teslanin-kurucu-elon-musk-cumhurbaskani-erdogan-ile-gorusecek\">.<\/a><\/p>\n<p>Cumhurba\u015fkan\u0131 Recep Tayyip Erdo\u011fan, Space X \u015firketinin kurucusu Musk&#8217;\u0131 Cumhurba\u015fkanl\u0131\u011f\u0131 K\u00fclliyesi&#8217;nde kabul edecek.<a class=\"backLink\" href=\"https:\/\/www.ahaber.com.tr\/galeri\/turkiye\/teslanin-kurucu-elon-musk-cumhurbaskani-erdogan-ile-gorusecek\/3\">.<\/a><\/p>\n<p>Cumhurba\u015fkan\u0131 Erdo\u011fan, Musk ile bug\u00fcn 15:30&#8217;da g\u00f6r\u00fc\u015fecek. G\u00f6r\u00fc\u015fme Cumhurba\u015fkanl\u0131\u011f\u0131 takviminde de g\u00f6r\u00fcl\u00fcyor.<a class=\"backLink\" href=\"https:\/\/www.ahaber.com.tr\/galeri\/turkiye\/teslanin-kurucu-elon-musk-cumhurbaskani-erdogan-ile-gorusecek\/3\">.<\/a><\/p>\n<p><strong>ELON MUSK K\u0130MD\u0130R?<\/strong><br \/>\nPeki teknoloji d\u00fcnyas\u0131n\u0131n son g\u00fcnlerde en \u00e7ok ki\u015filerinden biri olan Elon Musk kimdir?<a class=\"backLink\" href=\"https:\/\/www.ahaber.com.tr\/galeri\/turkiye\/teslanin-kurucu-elon-musk-cumhurbaskani-erdogan-ile-gorusecek\/5\">.<\/a><\/p>\n<p>G\u00fcney Afrika as\u0131ll\u0131 ABD&#8217;li mucit ve giri\u015fimci olan Elon Musk Kanadal\u0131 bir anne Haldeman ve G\u00fcney Afrikal\u0131 bir baba Errol&#8217;un o\u011flu olarak d\u00fcnyaya geldi.<a class=\"backLink\" href=\"https:\/\/www.ahaber.com.tr\/galeri\/turkiye\/teslanin-kurucu-elon-musk-cumhurbaskani-erdogan-ile-gorusecek\/6\">.<\/a><\/p>\n<p>Elon Musk kendi kendine yaz\u0131l\u0131m programlay\u0131p kodlamay\u0131 \u00f6\u011frendi ve 12 ya\u015f\u0131ndayken kendi yazd\u0131\u011f\u0131 Blastar isimli oyunu tasarlad\u0131 ve daha sonra bu oyunu o zaman\u0131n paras\u0131 ile 500 dolara satarak bili\u015fim sekt\u00f6r\u00fcndeki ilk paras\u0131n\u0131 kazand\u0131.<a class=\"backLink\" href=\"https:\/\/www.ahaber.com.tr\/galeri\/turkiye\/teslanin-kurucu-elon-musk-cumhurbaskani-erdogan-ile-gorusecek\/6\">.<\/a><\/p>\n<p>1992&#8217;de, Kingston, Ontario&#8217;daki Queen&#8217;s University&#8217;de iki y\u0131l e\u011fitim ald\u0131ktan sonra ABD&#8217;nin \u00f6nde gelen \u00fcniversitelerinden birisi olarak kabul g\u00f6ren University of Pennsylvania&#8217;da i\u015fletme ve fizik okumak i\u00e7in Kanada&#8217;dan ayr\u0131ld\u0131.<a class=\"backLink\" href=\"https:\/\/www.ahaber.com.tr\/galeri\/turkiye\/teslanin-kurucu-elon-musk-cumhurbaskani-erdogan-ile-gorusecek\/8\">.<\/a><\/p>\n<p>Bu \u00fcniversiteden ekonomi alan\u0131nda lisans diplomas\u0131 alan Musk, fizik alan\u0131nda da yan dal diplomas\u0131n\u0131n sahibi oldu.<a class=\"backLink\" href=\"https:\/\/www.ahaber.com.tr\/galeri\/turkiye\/teslanin-kurucu-elon-musk-cumhurbaskani-erdogan-ile-gorusecek\/8\">.<\/a><\/p>\n<p>Karde\u015fi Kimbal Musk&#8217;la beraber yeni organizasyonlar i\u00e7in bir \u00e7evrimi\u00e7i i\u00e7erik yay\u0131nlama yaz\u0131l\u0131m\u0131 olan Zip2 projesini hayata ge\u00e7iren Musk,1999 y\u0131l\u0131nda bu giri\u015fimi 307 milyon dolar nakit ve 34 milyon dolar hisse senedi kar\u015f\u0131l\u0131\u011f\u0131nda AltaVista&#8217;ya satt\u0131.<a class=\"backLink\" href=\"https:\/\/www.ahaber.com.tr\/galeri\/turkiye\/teslanin-kurucu-elon-musk-cumhurbaskani-erdogan-ile-gorusecek\/9\">.<\/a><\/p>\n<p>Ayn\u0131 y\u0131l\u0131n Mart ay\u0131nda \u00e7evrimi\u00e7i finans ve \u00f6deme servisi olan X.com&#8217;un ortak kuruculu\u011funu yapt\u0131 ve ilerleyen aylarda PayPal&#8217;i olu\u015fturdu .<a class=\"backLink\" href=\"https:\/\/www.ahaber.com.tr\/galeri\/turkiye\/teslanin-kurucu-elon-musk-cumhurbaskani-erdogan-ile-gorusecek\/10\">.<\/a><\/p>\n<p>2002 y\u0131l\u0131nda bu giri\u015fimini ise 1.5 milyar dolara online al\u0131\u015fveri\u015f devi eBay&#8217;e satt\u0131.<\/p>\n<p>Musk belki de ad\u0131n\u0131 en \u00e7ok duymam\u0131za vesile olan \u015firketi SpaceX&#8217;i 2002 y\u0131l\u0131nda kurdu. Musk uzay ara\u015ft\u0131rmalar\u0131 yapan \u015firketin CEO&#8217;su ve CTO&#8217;su olarak g\u00f6revine devam ediyor.<a class=\"backLink\" href=\"https:\/\/www.ahaber.com.tr\/galeri\/turkiye\/teslanin-kurucu-elon-musk-cumhurbaskani-erdogan-ile-gorusecek\/13\">.<\/a><\/p>\n<p>SpaceX ISS&#8217;ye bir ara\u00e7 g\u00f6nderen ve yana\u015ft\u0131ran ilk ticari \u015firket olarak tarihe ge\u00e7ti.<a class=\"backLink\" href=\"https:\/\/www.ahaber.com.tr\/galeri\/turkiye\/teslanin-kurucu-elon-musk-cumhurbaskani-erdogan-ile-gorusecek\/14\">.<\/a><\/p>\n<p>&nbsp;<\/p>\n<p>&nbsp;<\/p>\n","protected":false},"excerpt":{"rendered":"<p>Cumhurba\u015fkan\u0131 Recep Tayyip Erdo\u011fan, Space X \u015firketinin kurucusu Elon Musk&#8217;u Cumhurba\u015fkanl\u0131\u011f\u0131 K\u00fclliyesi&#8217;nde kabul edecek.. Tesla ile elektrikli otomobil \u00fcreten, SpaceX ile uzay seyahatlerin seyrini de\u011fi\u015ftirmeye \u00e7al\u0131\u015fan ve Hyperloop ile toplu ta\u015f\u0131mada \u00e7\u0131\u011f\u0131r a\u00e7may\u0131 planlayan Elon Musk, T\u00fcrkiye&#8217;ye geliyor. Cumhurba\u015fkan\u0131 Recep Tayyip Erdo\u011fan, Space X \u015firketinin kurucusu Musk&#8217;\u0131 Cumhurba\u015fkanl\u0131\u011f\u0131 K\u00fclliyesi&#8217;nde kabul edecek.. Cumhurba\u015fkan\u0131 Erdo\u011fan, Musk ile [&hellip;]<\/p>\n","protected":false},"author":8,"featured_media":1895,"comment_status":"open","ping_status":"closed","sticky":false,"template":"","format":"standard","meta":[],"categories":[85],"tags":[],"_links":{"self":[{"href":"https:\/\/www.vizyon2023.com.tr\/index.php\/wp-json\/wp\/v2\/posts\/1893"}],"collection":[{"href":"https:\/\/www.vizyon2023.com.tr\/index.php\/wp-json\/wp\/v2\/posts"}],"about":[{"href":"https:\/\/www.vizyon2023.com.tr\/index.php\/wp-json\/wp\/v2\/types\/post"}],"author":[{"embeddable":true,"href":"https:\/\/www.vizyon2023.com.tr\/index.php\/wp-json\/wp\/v2\/users\/8"}],"replies":[{"embeddable":true,"href":"https:\/\/www.vizyon2023.com.tr\/index.php\/wp-json\/wp\/v2\/comments?post=1893"}],"version-history":[{"count":1,"href":"https:\/\/www.vizyon2023.com.tr\/index.php\/wp-json\/wp\/v2\/posts\/1893\/revisions"}],"predecessor-version":[{"id":1896,"href":"https:\/\/www.vizyon2023.com.tr\/index.php\/wp-json\/wp\/v2\/posts\/1893\/revisions\/1896"}],"wp:featuredmedia":[{"embeddable":true,"href":"https:\/\/www.vizyon2023.com.tr\/index.php\/wp-json\/wp\/v2\/media\/1895"}],"wp:attachment":[{"href":"https:\/\/www.vizyon2023.com.tr\/index.php\/wp-json\/wp\/v2\/media?parent=1893"}],"wp:term":[{"taxonomy":"category","embeddable":true,"href":"https:\/\/www.vizyon2023.com.tr\/index.php\/wp-json\/wp\/v2\/categories?post=1893"},{"taxonomy":"post_tag","embeddable":true,"href":"https:\/\/www.vizyon2023.com.tr\/index.php\/wp-json\/wp\/v2\/tags?post=1893"}],"curies":[{"name":"wp","href":"https:\/\/api.w.org\/{rel}","templated":true}]}}