{"id":1889,"date":"2017-11-08T14:50:06","date_gmt":"2017-11-08T12:50:06","guid":{"rendered":"http:\/\/www.vizyon2023.com.tr\/?p=1889"},"modified":"2017-11-08T14:50:06","modified_gmt":"2017-11-08T12:50:06","slug":"cumhurbaskani-recep-tayyip-erdogandan-belediyelere-onemli-mesaj","status":"publish","type":"post","link":"https:\/\/www.vizyon2023.com.tr\/index.php\/2017\/11\/08\/cumhurbaskani-recep-tayyip-erdogandan-belediyelere-onemli-mesaj\/","title":{"rendered":"Cumhurba\u015fkan\u0131 Recep Tayyip Erdo\u011fan\u2019dan belediyelere \u00f6nemli mesaj."},"content":{"rendered":"<p><img loading=\"lazy\" class=\"alignnone size-full wp-image-1890\" src=\"http:\/\/www.vizyon2023.com.tr\/wp-content\/uploads\/2017\/11\/660x310-cumhurbaskani-erdogandan-belediyelere-onemli-mesaj-1510140741013.jpg\" alt=\"660x310-cumhurbaskani-erdogandan-belediyelere-onemli-mesaj-1510140741013\" width=\"660\" height=\"310\" \/><\/p>\n<p>Cumhurba\u015fkanl\u0131\u011f\u0131 K\u00fclliyesi\u2019nde \u015eehircilik \u015euras\u0131\u2019nda a\u00e7\u0131klamalarda bulunan Cumhurba\u015fkan\u0131 Recep Tayyip Erdo\u011fan\u2019dan belediyelere \u00f6nemli mesajlar geldi.<a class=\"backLink\" href=\"https:\/\/www.ahaber.com.tr\/gundem\/2017\/11\/08\/cumhurbaskani-recep-tayyip-erdogandan-belediyelere-onemli-mesaj\">.<\/a><\/p>\n<div class=\"textFrame\">\n<p><strong>Cumhurba\u015fkan\u0131 Erdo\u011fan, \u015eehircilik \u015euras\u0131&#8217;nda yapt\u0131\u011f\u0131 konu\u015fmada \u015funlar\u0131 kaydetti:<\/strong><\/p>\n<p><strong>\u015eEH\u0130R KURMAK \u0130\u00c7\u0130N G\u00d6N\u00dcL BA\u011eI GEREK\u0130R<\/strong><\/p>\n<p>&#8220;\u0130nsan bir yere yerle\u015fece\u011fi zaman, \u00f6nce mescidini yapar, yan\u0131na hamam\u0131n\u0131 kondurur sonra da mezar\u0131n\u0131 se\u00e7erdi. B\u00f6ylece toprak imana gelirdi&#8221; diyor. Ye\u015fillik ar\u0131yorsan\u0131z mezarl\u0131klar\u0131n oldu\u011fu yerde bulursunuz. \u0130stanbul&#8217;da da selviyi bulacaksan Karacaahmet Mezarl\u0131\u011f\u0131&#8217;nda bulursunuz. Onun d\u0131\u015f\u0131nda bulamazs\u0131n\u0131z. Bizim k\u00fclt\u00fcr\u00fcm\u00fczde \u015fehirler b\u00f6yle kurulur. Ye\u015fillik ar\u0131yorsan\u0131z mezarl\u0131klarda bulursunuz, bunun d\u0131\u015f\u0131nda maalesef, bu t\u00fcr s\u0131k\u0131nt\u0131lar\u0131 ya\u015f\u0131yoruz. \u015eehir kurmak i\u00e7in g\u00f6n\u00fcl ba\u011f\u0131 gerekir. \u0130nsan\u0131n var olu\u015f gayesini unutarak yer y\u00fcz\u00fcnde mutlak hakimiyeti hedefleyen mevcut paradigma var. Bug\u00fcnk\u00fc \u015fehirlerimiz maalesef bireysel h\u0131rslar\u0131 merkeze alan bir bak\u0131\u015f a\u00e7\u0131s\u0131yla in\u015faa ediliyor. Bu sebeple g\u00fcn\u00fcm\u00fcz \u015fehirleri insana huzur vermiyor. Orada ruh yok, huzur yok, bu huzuru yeniden bulmak i\u00e7in biz y\u00f6neticiler ba\u015fta olmak \u00fczere belediyelere \u00e7ok ciddi i\u015fler d\u00fc\u015f\u00fcyor. \u0130n\u015fallah haz\u0131rlanacak projelerde ve planlarda bunlar ihmal edilmezse inan\u0131yorum ki \u015fehirlerimiz \u00e7ok daha farkl\u0131 olacakt\u0131r.<\/p>\n<p><strong>TAR\u0130H\u0130 ADIMLAR ATTIK<\/strong><\/p>\n<p>\u015eehircilik konusunda b\u00fcy\u00fck bir gelene\u011fe sahibiz. \u015eairlere ilham olmu\u015f \u015fehirlerimiz var. Kadim \u015fehirlerimiz ya\u015fad\u0131\u011f\u0131 a\u015f\u0131r\u0131 g\u00f6\u00e7e ra\u011fmen ayakta kalmay\u0131 s\u00fcrd\u00fcr\u00fcyor. 81 vilayetimizin sorunlar\u0131 noktas\u0131nda tarihi nitelikte ad\u0131mlar att\u0131k. D\u00fczensiz g\u00f6\u00e7 ve \u00e7arp\u0131k kentle\u015fme gibi sorunlar\u0131 \u00f6nemli oranda ortadan kald\u0131rd\u0131k. Trafik sorununu b\u00fcy\u00fck \u00f6l\u00e7\u00fcde azaltt\u0131k. Ancak b\u00f6ylesine k\u00f6kl\u00fc sorunlar\u0131n k\u0131sa s\u00fcrede \u00e7\u00f6z\u00fcm\u00fc m\u00fcmk\u00fcn de\u011fil. T\u00fcrkiye&#8217;nin pek \u00e7ok yerinde oldu\u011fu gibi \u0130stanbul ve Ankara&#8217;da \u015fairin ifadesiyle \u00fczerine usul usul karbonmonoksit ya\u011fan \u015fehirler durumundayd\u0131. Hamdolsun \u015fehirle\u015fme h\u0131z\u0131ndaki b\u00fcy\u00fck art\u0131\u015fa ra\u011fmen b\u00fct\u00fcn s\u0131k\u0131nt\u0131lar\u0131 b\u00fcy\u00fck \u00f6l\u00e7\u00fcde \u00e7\u00f6zd\u00fck. Daha da iyi olacak, kontroll\u00fc bir \u015fekilde s\u00fcrd\u00fcr\u00fcyoruz.<\/p>\n<\/div>\n","protected":false},"excerpt":{"rendered":"<p>Cumhurba\u015fkanl\u0131\u011f\u0131 K\u00fclliyesi\u2019nde \u015eehircilik \u015euras\u0131\u2019nda a\u00e7\u0131klamalarda bulunan Cumhurba\u015fkan\u0131 Recep Tayyip Erdo\u011fan\u2019dan belediyelere \u00f6nemli mesajlar geldi.. Cumhurba\u015fkan\u0131 Erdo\u011fan, \u015eehircilik \u015euras\u0131&#8217;nda yapt\u0131\u011f\u0131 konu\u015fmada \u015funlar\u0131 kaydetti: \u015eEH\u0130R KURMAK \u0130\u00c7\u0130N G\u00d6N\u00dcL BA\u011eI GEREK\u0130R &#8220;\u0130nsan bir yere yerle\u015fece\u011fi zaman, \u00f6nce mescidini yapar, yan\u0131na hamam\u0131n\u0131 kondurur sonra da mezar\u0131n\u0131 se\u00e7erdi. B\u00f6ylece toprak imana gelirdi&#8221; diyor. Ye\u015fillik ar\u0131yorsan\u0131z mezarl\u0131klar\u0131n oldu\u011fu yerde bulursunuz. \u0130stanbul&#8217;da [&hellip;]<\/p>\n","protected":false},"author":8,"featured_media":1891,"comment_status":"open","ping_status":"closed","sticky":false,"template":"","format":"standard","meta":[],"categories":[85],"tags":[],"_links":{"self":[{"href":"https:\/\/www.vizyon2023.com.tr\/index.php\/wp-json\/wp\/v2\/posts\/1889"}],"collection":[{"href":"https:\/\/www.vizyon2023.com.tr\/index.php\/wp-json\/wp\/v2\/posts"}],"about":[{"href":"https:\/\/www.vizyon2023.com.tr\/index.php\/wp-json\/wp\/v2\/types\/post"}],"author":[{"embeddable":true,"href":"https:\/\/www.vizyon2023.com.tr\/index.php\/wp-json\/wp\/v2\/users\/8"}],"replies":[{"embeddable":true,"href":"https:\/\/www.vizyon2023.com.tr\/index.php\/wp-json\/wp\/v2\/comments?post=1889"}],"version-history":[{"count":1,"href":"https:\/\/www.vizyon2023.com.tr\/index.php\/wp-json\/wp\/v2\/posts\/1889\/revisions"}],"predecessor-version":[{"id":1892,"href":"https:\/\/www.vizyon2023.com.tr\/index.php\/wp-json\/wp\/v2\/posts\/1889\/revisions\/1892"}],"wp:featuredmedia":[{"embeddable":true,"href":"https:\/\/www.vizyon2023.com.tr\/index.php\/wp-json\/wp\/v2\/media\/1891"}],"wp:attachment":[{"href":"https:\/\/www.vizyon2023.com.tr\/index.php\/wp-json\/wp\/v2\/media?parent=1889"}],"wp:term":[{"taxonomy":"category","embeddable":true,"href":"https:\/\/www.vizyon2023.com.tr\/index.php\/wp-json\/wp\/v2\/categories?post=1889"},{"taxonomy":"post_tag","embeddable":true,"href":"https:\/\/www.vizyon2023.com.tr\/index.php\/wp-json\/wp\/v2\/tags?post=1889"}],"curies":[{"name":"wp","href":"https:\/\/api.w.org\/{rel}","templated":true}]}}