{"id":1861,"date":"2017-11-07T10:04:03","date_gmt":"2017-11-07T08:04:03","guid":{"rendered":"http:\/\/www.vizyon2023.com.tr\/?p=1861"},"modified":"2017-11-07T10:04:03","modified_gmt":"2017-11-07T08:04:03","slug":"son-dakika-basbakan-ogullarinin-sirketleri-ile-ilgili-iddialara-yanit-verdi","status":"publish","type":"post","link":"https:\/\/www.vizyon2023.com.tr\/index.php\/2017\/11\/07\/son-dakika-basbakan-ogullarinin-sirketleri-ile-ilgili-iddialara-yanit-verdi\/","title":{"rendered":"Son dakika!.. Ba\u015fbakan o\u011fullar\u0131n\u0131n \u015firketleri ile ilgili iddialara yan\u0131t verdi"},"content":{"rendered":"<h2>Ba\u015fbakan Binali Y\u0131ld\u0131r\u0131m, ABD ziyareti \u00f6ncesinde yapt\u0131\u011f\u0131 bas\u0131n toplant\u0131s\u0131nda o\u011fullar\u0131na ait Malta&#8217;daki off shore \u015firketleri ile ilgili iddialar\u0131 da yan\u0131tlad\u0131.<\/h2>\n<p><a class=\"inline-keyword\" href=\"http:\/\/www.hurriyet.com.tr\/haberleri\/basbakan\" target=\"_blank\" rel=\"\">Ba\u015fbakan<\/a>\u00a0<a class=\"inline-keyword\" href=\"http:\/\/www.hurriyet.com.tr\/haberleri\/yildirim\" target=\"_blank\" rel=\"\">Y\u0131ld\u0131r\u0131m<\/a>&#8216;\u0131n a\u00e7\u0131klamalar\u0131ndan sat\u0131r ba\u015flar\u0131 \u015f\u00f6yle:<\/p>\n<p>\u00d6zellikle\u00a0<a class=\"inline-keyword\" href=\"http:\/\/www.hurriyet.com.tr\/haberleri\/abd\" target=\"_blank\" rel=\"\">ABD<\/a>\u00a0Ba\u015fkan\u0131 Uzakdo\u011fu ziyaretinde oldu\u011fu i\u00e7in Say\u0131n Pence ile T\u00fcrkiye ABD aras\u0131ndaki b\u00fct\u00fcn konular\u0131 ele alaca\u011f\u0131z. \u0130kili ili\u015fkiler ba\u015fta olmak \u00fczere b\u00f6lgesel konularda ya\u015fanan geli\u015fmeleri de de\u011ferlendirme imkan\u0131 bulaca\u011f\u0131z. \u00d6zellikle T\u00fcrkiye ABD aras\u0131ndaki Suriye, \u0131rak meseleleri, FET\u00d6 konusundaki ABD ile ilgili taleplerimiz ve bu konuda bundan sonraki a\u015fama kapsaml\u0131 bir \u015fekilde dile getirilecek. Ayr\u0131ca PYD, YPG ve DEA\u015e ile m\u00fccadele konusunda da aram\u0131zda mevcut olan baz\u0131 sorunlar\u0131n a\u00e7\u0131kl\u0131kla iki m\u00fcttefikin hukukuna uygun bir \u015fekilde ele almay\u0131 planl\u0131yoruz.<\/p>\n<p>Ziyaretimin \u00f6ncesinde ABD ile T\u00fcrkiye aras\u0131nda bir s\u00fcre \u00f6nce ask\u0131ya al\u0131nan vize i\u015flemlerinin ba\u015flamas\u0131 olumlu bir geli\u015fme olarak nitelendirilebilir. B\u00fct\u00fcn bunlar\u0131 yaparken bizim vazge\u00e7emeyece\u011fimiz \u015fey \u00fclkemizin, milletimizin hassasiyetleridir. Bu hassasiyetlere kar\u015f\u0131 taraf\u0131n da sayg\u0131 g\u00f6sterece\u011fini umut ediyoruz.<\/p>\n<p><strong>ABD&#8217;YE G\u00dcVENCE VERMES\u0130 HUKUK DEVLET\u0130 \u0130LKES\u0130NE UYMAZ<\/strong><\/p>\n<p>(ABD\u2019den yap\u0131lan vize a\u00e7\u0131klamas\u0131ndaki g\u00fcvence verildi ibaresi \u00fczerine) ABD B\u00fcy\u00fckel\u00e7ili\u011fi&#8217;nin yapt\u0131\u011f\u0131 a\u00e7\u0131klama \u00fczerine T\u00fcrk B\u00fcy\u00fckel\u00e7ili\u011fi de kar\u015f\u0131 a\u00e7\u0131klamay\u0131 yapm\u0131\u015ft\u0131r ve orada her \u015fey a\u00e7\u0131k se\u00e7ik herhangi bir yoruma gerek kalmayacak \u015fekilde izah edilmi\u015ftir. \u0130ki \u00fclke aras\u0131nda baz\u0131 yarg\u0131lamalar, baz\u0131 tutuklamalar var. Bu T\u00fcrkiye\u2019de de var. Her iki \u00fclke de hukuk devleti. Hukuk devleti ilkelerine g\u00f6re i\u015flem yap\u0131lmaktad\u0131r. T\u00fcrkiye\u2019nin ABD\u2019ye g\u00fcvence vermesi hukuk devleti ilkelerine uymaz.<\/p>\n<p>Bizim 15 Temmuz darbesiyle ilgili bu darbenin arkas\u0131nda Fetullah G\u00fclen\u2019in oldu\u011fu y\u00f6n\u00fcnde \u00e7ok kuvvetli delillerimiz var. Onun iade edilmesini istiyoruz. Ayr\u0131ca baz\u0131 nedenlerle tutuklanm\u0131\u015f olan vatanda\u015flar\u0131m\u0131zla ilgili endi\u015felerimizin giderilmesini istiyoruz. Onlar da benzer taleplerde bulunuyoruz.<\/p>\n<p>(FET\u00d6 liderinin iadesi) \u0130ade konusunda yap\u0131lacak her \u015fey yap\u0131lm\u0131\u015ft\u0131r. Art\u0131k dosya odalara s\u0131\u011fmayacak hale gelmi\u015ftir. E\u011fer bu kadar dosya, belge i\u015f g\u00f6rm\u00fcyorsa o zaman i\u015fin i\u00e7inde ba\u015fka bir mesele var diye d\u00fc\u015f\u00fcnmek insan\u0131n akl\u0131na geliyor. Biz belki haddinden fazla da dosya verdi\u011fimizi d\u00fc\u015f\u00fcn\u00fcyoruz. ABD yarg\u0131s\u0131n\u0131n bir an \u00f6nce bunun gere\u011fini yapmas\u0131n\u0131 bekliyoruz.<\/p>\n<p><strong>&#8216;\u00c7OCUKLARIMIN \u015e\u0130RKET\u0130 \u0130LE \u0130LG\u0130L\u0130 SORU\u015eTURMA A\u00c7ILMASINI \u00d6ZELL\u0130KLE \u0130ST\u0130YORUM&#8217;<\/strong><\/p>\n<p>(Malta&#8217;daki off shore \u015firketleri sorusu \u00fczerine) D\u00fcn bug\u00fcn bir gazete \u015fahs\u0131m ve ailem hakk\u0131nda off shore \u015firketleri var. Yerli de\u011fil milli de\u011fil gibi haberler yap\u0131yor. Ben gemi in\u015fa y\u00fcksek m\u00fchendisiyim, makine m\u00fchendisiyim. Hayat\u0131m boyunca denizcilikle u\u011fra\u015ft\u0131m. Siyasete ba\u015flay\u0131nca da i\u015flerimi evlatlar\u0131ma b\u0131rakt\u0131m. Dolay\u0131s\u0131yla onlar kendi i\u015fini yap\u0131yor ben de kendi i\u015fimi yap\u0131yorum. \u0130kincisi siyasete ba\u015flarken \u00e7ocuklar\u0131ma bir tavsiyem oldu, devletle hi\u00e7bir zaman i\u015f yapmayacaks\u0131n\u0131z. Devletin bankalar\u0131ndan kaynak kullanmayacaks\u0131n\u0131z. Denizcilik k\u00fcresel bir i\u015ftir. Dolay\u0131s\u0131yla d\u00fcnyan\u0131n her taraf\u0131nda i\u015f yap\u0131yorlar. Bunun gizli sakl\u0131 bir taraf\u0131 da yok. Sanki burada gizli bir i\u015f yap\u0131yormu\u015f gibi benim foto\u011fraf\u0131m\u0131 da bas\u0131p bir alg\u0131 olu\u015fturmaya \u00e7al\u0131\u015f\u0131yorlar. T\u00fcrkiye\u2019(de ya da ba\u015fka bir yerde bir ki\u015finin ticari faaliyetleri hakk\u0131nda bilgi almak i\u00e7in ticaret siciline girip bilgi al\u0131rs\u0131n\u0131z. Olmad\u0131 Malta\u2019da da 2 dolar \u00f6deyip internet \u00fczerinden her t\u00fcrl\u00fc bilgiyi alabilirsiniz. Bunun b\u00f6yle bilinmesi laz\u0131m. BU iddia yeni de de\u011fil. Bu gazete ilk defa 2008\u2019de bunlar\u0131 g\u00fcndeme getirdi. Ben \u0130zmir\u2019de belediye ba\u015fkan\u0131yken yine g\u00fcndeme getirdi. \u015eimdi de ayn\u0131 haberi tekrar b\u00fcy\u00fck bir i\u015f, b\u00fcy\u00fck bir usuls\u00fczl\u00fck bulmu\u015f gibi servis ediyorlar. Milletim beni bilir. Benim dokunulmazl\u0131\u011f\u0131m var ama \u00e7ocuklar\u0131n yok. Buradan davet ediyorum. Her t\u00fcrl\u00fc soru\u015fturma yap\u0131labilir. Bunu \u00f6zellikle de istiyorum. Hi\u00e7 kimsenin yanl\u0131\u015f bir i\u015f yap\u0131yor gibi g\u00f6sterilmesi kabul edilemez.<\/p>\n<p>Bak\u0131n vergi verilmiyor diye itham ediyorlar. Bu haberi yapt\u0131klar\u0131nda benim \u00e7ocuklar\u0131m\u0131n \u015firketi en \u00e7ok vergi veren \u015firketler aras\u0131nda yer al\u0131yor \u0130stanbul\u2019da. Ve bu \u015fekilde belge veriyorlar. Bana yerli de\u011fil milli de\u011fil diyenlerin apar topar memleketten ka\u00e7anlar oldu\u011funu da milletimizin bilmesi laz\u0131m.<\/p>\n","protected":false},"excerpt":{"rendered":"<p>Ba\u015fbakan Binali Y\u0131ld\u0131r\u0131m, ABD ziyareti \u00f6ncesinde yapt\u0131\u011f\u0131 bas\u0131n toplant\u0131s\u0131nda o\u011fullar\u0131na ait Malta&#8217;daki off shore \u015firketleri ile ilgili iddialar\u0131 da yan\u0131tlad\u0131. Ba\u015fbakan\u00a0Y\u0131ld\u0131r\u0131m&#8216;\u0131n a\u00e7\u0131klamalar\u0131ndan sat\u0131r ba\u015flar\u0131 \u015f\u00f6yle: \u00d6zellikle\u00a0ABD\u00a0Ba\u015fkan\u0131 Uzakdo\u011fu ziyaretinde oldu\u011fu i\u00e7in Say\u0131n Pence ile T\u00fcrkiye ABD aras\u0131ndaki b\u00fct\u00fcn konular\u0131 ele alaca\u011f\u0131z. \u0130kili ili\u015fkiler ba\u015fta olmak \u00fczere b\u00f6lgesel konularda ya\u015fanan geli\u015fmeleri de de\u011ferlendirme imkan\u0131 bulaca\u011f\u0131z. \u00d6zellikle T\u00fcrkiye [&hellip;]<\/p>\n","protected":false},"author":8,"featured_media":1862,"comment_status":"open","ping_status":"closed","sticky":false,"template":"","format":"standard","meta":[],"categories":[85],"tags":[],"_links":{"self":[{"href":"https:\/\/www.vizyon2023.com.tr\/index.php\/wp-json\/wp\/v2\/posts\/1861"}],"collection":[{"href":"https:\/\/www.vizyon2023.com.tr\/index.php\/wp-json\/wp\/v2\/posts"}],"about":[{"href":"https:\/\/www.vizyon2023.com.tr\/index.php\/wp-json\/wp\/v2\/types\/post"}],"author":[{"embeddable":true,"href":"https:\/\/www.vizyon2023.com.tr\/index.php\/wp-json\/wp\/v2\/users\/8"}],"replies":[{"embeddable":true,"href":"https:\/\/www.vizyon2023.com.tr\/index.php\/wp-json\/wp\/v2\/comments?post=1861"}],"version-history":[{"count":1,"href":"https:\/\/www.vizyon2023.com.tr\/index.php\/wp-json\/wp\/v2\/posts\/1861\/revisions"}],"predecessor-version":[{"id":1863,"href":"https:\/\/www.vizyon2023.com.tr\/index.php\/wp-json\/wp\/v2\/posts\/1861\/revisions\/1863"}],"wp:featuredmedia":[{"embeddable":true,"href":"https:\/\/www.vizyon2023.com.tr\/index.php\/wp-json\/wp\/v2\/media\/1862"}],"wp:attachment":[{"href":"https:\/\/www.vizyon2023.com.tr\/index.php\/wp-json\/wp\/v2\/media?parent=1861"}],"wp:term":[{"taxonomy":"category","embeddable":true,"href":"https:\/\/www.vizyon2023.com.tr\/index.php\/wp-json\/wp\/v2\/categories?post=1861"},{"taxonomy":"post_tag","embeddable":true,"href":"https:\/\/www.vizyon2023.com.tr\/index.php\/wp-json\/wp\/v2\/tags?post=1861"}],"curies":[{"name":"wp","href":"https:\/\/api.w.org\/{rel}","templated":true}]}}