{"id":1857,"date":"2017-11-07T09:59:09","date_gmt":"2017-11-07T07:59:09","guid":{"rendered":"http:\/\/www.vizyon2023.com.tr\/?p=1857"},"modified":"2017-11-07T09:59:09","modified_gmt":"2017-11-07T07:59:09","slug":"bakan-prof-sengore-hak-verdi-katiliyorum-bagimsizligimiz-gider","status":"publish","type":"post","link":"https:\/\/www.vizyon2023.com.tr\/index.php\/2017\/11\/07\/bakan-prof-sengore-hak-verdi-katiliyorum-bagimsizligimiz-gider\/","title":{"rendered":"Bakan, Prof. \u015eeng\u00f6r&#8217;e hak verdi: &#8216;Kat\u0131l\u0131yorum, ba\u011f\u0131ms\u0131zl\u0131\u011f\u0131m\u0131z gider&#8217;"},"content":{"rendered":"<p><strong><\/strong><\/p>\n<h2>2030&#8217;a kadar \u0130stanbul&#8217;da \u00e7ok ciddi bir deprem olaca\u011f\u0131n\u0131 hat\u0131rlatan ve bu depremin sonu\u00e7lar\u0131na dair Prof. Dr. Celal \u015eeng\u00f6r&#8217;\u00fcn &#8221; T\u00fcrkiye&#8217;nin ba\u011f\u0131ms\u0131zl\u0131\u011f\u0131 gider&#8221; tespitine kat\u0131ld\u0131\u011f\u0131n\u0131 s\u00f6yleyen \u00c7evre ve \u015eehircilik Bakan\u0131 Mehmet \u00d6zhaseki, &#8220;Kentsel d\u00f6n\u00fc\u015f\u00fcm\u00fc h\u0131zland\u0131rmam\u0131z laz\u0131m&#8221; dedi. \u00d6zhaseki ayr\u0131ca, bina bazl\u0131 d\u00f6n\u00fc\u015f\u00fcm yerine mahalle konseptine ge\u00e7ilmesi gerekti\u011fini de belirtti.<\/h2>\n<p><img loading=\"lazy\" class=\"alignnone size-full wp-image-1858\" src=\"http:\/\/www.vizyon2023.com.tr\/wp-content\/uploads\/2017\/11\/5a015f4267b0a9d9e4967fdd.jpg\" alt=\"5a015f4267b0a9d9e4967fdd\" width=\"590\" height=\"332\" \/><\/p>\n<p>\u00c7evre ve \u015eehircilik Bakan\u0131 Mehmet \u00d6zhaseki, \u00c7evre ve \u015eehircilik Bakanl\u0131\u011f\u0131n\u0131n 2018 y\u0131l\u0131 b\u00fct\u00e7esinin g\u00f6r\u00fc\u015f\u00fcld\u00fc\u011f\u00fc TBMM Plan ve B\u00fct\u00e7e Komisyonunda milletvekillerinin sorular\u0131n\u0131 yan\u0131tlad\u0131. Olas\u0131 \u0130stanbul depremine de\u011finen\u00a0<a class=\"inline-keyword\" href=\"http:\/\/www.hurriyet.com.tr\/haberleri\/bakan-ozhaseki\" target=\"_blank\" rel=\"\">Bakan \u00d6zhaseki<\/a>\u00a0\u015f\u00f6yle konu\u015ftu:<\/p>\n<p>&#8220;Hocalar\u0131n ortak g\u00f6r\u00fc\u015f\u00fc, Kuzey Anadolu Fay Hatt\u0131 geldi, bo\u011fazlarda Adalar\u0131n \u00f6n\u00fcnde bekliyor. &#8216;Adalar segmenti&#8217; deniyor. Adalar segmentinde belli s\u00fcrelerde olan depremselli\u011fe bakt\u0131\u011f\u0131m\u0131zda do\u011frusu 2000&#8217;li y\u0131llar\u0131n ba\u015f\u0131nda s\u00fcre de dolmu\u015f gibi g\u00f6z\u00fck\u00fcyor. Hocalar\u0131n ortak ittifak etti\u011fi, bir iki ki\u015fi istisna koymu\u015flar s\u00fcreyi daha uzun veriyorlar ama genelinin s\u00f6yledi\u011fi \u015fu, 2030&#8217;a kadar \u0130stanbul&#8217;da \u00e7ok ciddi bir\u00a0<a class=\"inline-keyword\" href=\"http:\/\/www.hurriyet.com.tr\/haberleri\/deprem\" target=\"_blank\" rel=\"\">deprem<\/a>olacak.&#8221; de\u011ferlendirmesini yapt\u0131.&#8221;<\/p>\n<p>Bu depremin b\u00fcy\u00fckl\u00fc\u011f\u00fcn\u00fcn de 7 ve \u00fczerinde olmas\u0131n\u0131n \u00f6ng\u00f6r\u00fcld\u00fc\u011f\u00fcne dikkati \u00e7eken \u00d6zhaseki, \u0130stanbul&#8217;un \u00f6zellikle sahil kesiminde 2000 y\u0131l\u0131ndan \u00f6nce in\u015fa edilen 3-4 katl\u0131 yap\u0131lar\u0131n buna haz\u0131r olmad\u0131\u011f\u0131n\u0131 vurgulad\u0131.<\/p>\n<div class=\"adv-main-container collapsed-adv-area inlineAd\"><\/div>\n<p><strong>&#8216;HASAR 100 M\u0130LYAR DOLAR C\u0130VARINDA OLUR&#8217;<\/strong><\/p>\n<p>Prof. Dr.\u00a0<a class=\"inline-keyword\" href=\"http:\/\/www.hurriyet.com.tr\/haberleri\/celal-sengor\" target=\"_blank\" rel=\"\">Celal \u015eeng\u00f6r<\/a>&#8216;\u00fcn b\u00f6yle bir deprem kar\u015f\u0131s\u0131nda T\u00fcrkiye&#8217;nin ba\u011f\u0131ms\u0131zl\u0131\u011f\u0131n\u0131n gidece\u011fini s\u00f6yledi\u011fini aktaran \u00d6zhaseki, &#8220;Ben kat\u0131l\u0131yorum. Hasar\u0131 \u00f6l\u00e7\u00fcyorum, 100 milyar dolar civar\u0131nda. O zaman bir an \u00f6nce bizim bu ger\u00e7ekleri bilerek hareket edip kentsel d\u00f6n\u00fc\u015f\u00fcm\u00fc h\u0131zland\u0131rmam\u0131z laz\u0131m. Ad\u0131 k\u00f6t\u00fc, amiyane tabirle herkes g\u0131c\u0131k kapt\u0131 bundan, &#8216;rantsal d\u00f6n\u00fc\u015f\u00fcm&#8217; denildi, bir \u015fey denildi.&#8221; a\u00e7\u0131klamas\u0131nda bulundu.<\/p>\n<p><strong>ALAN BAZLI D\u00d6N\u00dc\u015e\u00dcM<\/strong><\/p>\n<p>Bakan Mehmet \u00d6zhaseki, kentsel d\u00f6n\u00fc\u015f\u00fcmde k\u00f6t\u00fc uygulamalara \u00f6rnek olarak belediyelerin, mahalle d\u00f6n\u00fc\u015f\u00fcme girdi\u011fi zaman yo\u011funlu\u011fu bir yerine iki yaparak ve birini m\u00fcteahhide birini de vatanda\u015fa verip \u00e7\u00f6zmeye \u00e7al\u0131\u015fmas\u0131n\u0131 g\u00f6sterdi. Bu noktada sosyal donat\u0131, altyap\u0131, ye\u015fil alan ve otopark\u0131n hesaplanmad\u0131\u011f\u0131n\u0131 anlatan \u00d6zhaseki, bu durumda \u0130stanbul&#8217;un n\u00fcfusunun da iki misline \u00e7\u0131kaca\u011f\u0131n\u0131 vurgulad\u0131.<\/p>\n<p>\u00d6zhaseki, bina bazl\u0131 d\u00f6n\u00fc\u015f\u00fcmlerde \u00f6rne\u011fin \u0130stanbul&#8217;daki Ba\u011fdat Caddesi&#8217;nin rant y\u00fcksek oldu\u011fu i\u00e7in iki kat \u00fcste konularak d\u00f6n\u00fc\u015ft\u00fc\u011f\u00fcn\u00fc ancak yoksul vatanda\u015flar\u0131n oturdu\u011fu yerlerin ise d\u00f6n\u00fc\u015fmedi\u011fini belirtti.<\/p>\n<p>Bunlar\u0131n tamam\u0131n\u0131n, \u015fimdiye kadar yap\u0131lan kentsel d\u00f6n\u00fc\u015f\u00fcm \u00e7al\u0131\u015fmalar\u0131n\u0131n yanl\u0131\u015fl\u0131klar\u0131 oldu\u011funu dile getiren \u00d6zhaseki, \u015f\u00f6yle konu\u015ftu:<\/p>\n<p>&#8220;Biri de yasadaki bo\u015fluklardan; \u00f6yle davalar a\u00e7\u0131lm\u0131\u015f ki o davalar da bir s\u00fcr\u00fc engelleme arac\u0131 olmu\u015f. Ben arkada\u015flardan \u015fu ana kadar T\u00fcrkiye \u00e7ap\u0131nda ne kadar alan\u0131 ve ka\u00e7 konutu ilgilendiren bir \u00e7al\u0131\u015fma oldu\u011funu sordum; 1 milyon 100 bin. Ger\u00e7ekle\u015fme oran\u0131 ne? Bina bazl\u0131larda y\u00fczde 76, alan bazl\u0131larda y\u00fczde 11-12. Alan bazl\u0131larda t\u0131kan\u0131yoruz. O zaman bizim yapmam\u0131z gereken do\u011fru bir \u015fekilde bu i\u015fi yeniden planlamak. 5 sene i\u00e7erisinde eksi\u011fimizi fazlam\u0131z\u0131 g\u00f6rd\u00fck. Hatam\u0131z\u0131 da anlad\u0131k, iyi olan y\u00f6nlerini de g\u00f6rd\u00fck. O zaman bundan ders alarak bizim yeni bir planlamaya ge\u00e7memiz laz\u0131m.<\/p>\n<p>Bina bazl\u0131 d\u00f6n\u00fc\u015f\u00fcmlere biraz frene bas\u0131p alan bazl\u0131 d\u00f6n\u00fc\u015f\u00fcme ge\u00e7memiz laz\u0131m. Alan bazl\u0131 d\u00f6n\u00fc\u015f\u00fcm yap\u0131l\u0131rken her t\u00fcrl\u00fc sosyal donat\u0131 hesaplan\u0131yor. \u0130\u015fte yeni planlamalarda, her arkada\u015f\u0131n belki de ittifak etti\u011fi bir konu, mahalle konseptine ge\u00e7ilmesi. Mahallenin bir merkezinin, sokaklar\u0131n\u0131n olmas\u0131, esnafa gidip gelirken selam vermek, kom\u015fular\u0131n birbirini bilmesi, hat\u0131r sormas\u0131. \u00c7ok y\u00fcksek yap\u0131lardan vazge\u00e7ilmesi, altyap\u0131s\u0131n\u0131n d\u00fczg\u00fcn bir \u015fekilde konulmas\u0131.&#8221;<\/p>\n<p><strong>KILI\u00c7DARO\u011eLU&#8217;NA YANIT<\/strong><\/p>\n<p>\u00d6zhaseki, CHP Genel Ba\u015fkan\u0131 Kemal K\u0131l\u0131\u00e7daro\u011flu&#8217;nun kendisini Bak\u0131rk\u00f6y sahilindeki y\u00fcksek katl\u0131 binalarla ilgili imzas\u0131n\u0131n olmas\u0131yla su\u00e7lad\u0131\u011f\u0131n\u0131 ancak bu yap\u0131lar in\u015fa edildi\u011finde Kayseri B\u00fcy\u00fck\u015fehir Belediye Ba\u015fkan\u0131 oldu\u011funu hat\u0131rlatt\u0131.<\/p>\n<p>&#8220;Su\u00e7u birbirimize atmayal\u0131m, atacak olursak \u00e7ok s\u00f6yleyeceklerim var. M\u00fc\u015fterek bir sorumluluk s\u00f6z konusu.&#8221; diyen \u00d6zhaseki, \u015fehircilikte ya\u015fanan s\u0131k\u0131nt\u0131larla ilgili hem belediyeler hem bakanl\u0131klar hem de vatanda\u015flar\u0131n sorumlulu\u011funun bulundu\u011funu kaydetti. Milletvekillerinin &#8220;15 senedir siz y\u00f6netiyorsunuz.&#8221; y\u00f6n\u00fcndeki ele\u015ftirilerine kar\u015f\u0131l\u0131k Bakan \u00d6zhaseki, &#8220;\u0130lle de bu konular a\u00e7\u0131lacak ve konu\u015fulacaksa \u015funu s\u00f6yleyebilirim; AK Parti&#8217;nin e\u011fer varsa bir su\u00e7u g\u00fcnah\u0131, bunu Say\u0131n Cumhurba\u015fkan\u0131 da ifade etmi\u015ftir, sil\u00fcette var. Peki bu ka\u00e7ak yap\u0131lar yap\u0131l\u0131rken kim vard\u0131? 1994 \u00f6ncesi 4 d\u00f6nem CHP vard\u0131.&#8221; ifadelerini kulland\u0131.<\/p>\n<p>&nbsp;<\/p>\n","protected":false},"excerpt":{"rendered":"<p>2030&#8217;a kadar \u0130stanbul&#8217;da \u00e7ok ciddi bir deprem olaca\u011f\u0131n\u0131 hat\u0131rlatan ve bu depremin sonu\u00e7lar\u0131na dair Prof. Dr. Celal \u015eeng\u00f6r&#8217;\u00fcn &#8221; T\u00fcrkiye&#8217;nin ba\u011f\u0131ms\u0131zl\u0131\u011f\u0131 gider&#8221; tespitine kat\u0131ld\u0131\u011f\u0131n\u0131 s\u00f6yleyen \u00c7evre ve \u015eehircilik Bakan\u0131 Mehmet \u00d6zhaseki, &#8220;Kentsel d\u00f6n\u00fc\u015f\u00fcm\u00fc h\u0131zland\u0131rmam\u0131z laz\u0131m&#8221; dedi. \u00d6zhaseki ayr\u0131ca, bina bazl\u0131 d\u00f6n\u00fc\u015f\u00fcm yerine mahalle konseptine ge\u00e7ilmesi gerekti\u011fini de belirtti. \u00c7evre ve \u015eehircilik Bakan\u0131 Mehmet \u00d6zhaseki, \u00c7evre [&hellip;]<\/p>\n","protected":false},"author":8,"featured_media":1859,"comment_status":"open","ping_status":"closed","sticky":false,"template":"","format":"standard","meta":[],"categories":[85],"tags":[],"_links":{"self":[{"href":"https:\/\/www.vizyon2023.com.tr\/index.php\/wp-json\/wp\/v2\/posts\/1857"}],"collection":[{"href":"https:\/\/www.vizyon2023.com.tr\/index.php\/wp-json\/wp\/v2\/posts"}],"about":[{"href":"https:\/\/www.vizyon2023.com.tr\/index.php\/wp-json\/wp\/v2\/types\/post"}],"author":[{"embeddable":true,"href":"https:\/\/www.vizyon2023.com.tr\/index.php\/wp-json\/wp\/v2\/users\/8"}],"replies":[{"embeddable":true,"href":"https:\/\/www.vizyon2023.com.tr\/index.php\/wp-json\/wp\/v2\/comments?post=1857"}],"version-history":[{"count":1,"href":"https:\/\/www.vizyon2023.com.tr\/index.php\/wp-json\/wp\/v2\/posts\/1857\/revisions"}],"predecessor-version":[{"id":1860,"href":"https:\/\/www.vizyon2023.com.tr\/index.php\/wp-json\/wp\/v2\/posts\/1857\/revisions\/1860"}],"wp:featuredmedia":[{"embeddable":true,"href":"https:\/\/www.vizyon2023.com.tr\/index.php\/wp-json\/wp\/v2\/media\/1859"}],"wp:attachment":[{"href":"https:\/\/www.vizyon2023.com.tr\/index.php\/wp-json\/wp\/v2\/media?parent=1857"}],"wp:term":[{"taxonomy":"category","embeddable":true,"href":"https:\/\/www.vizyon2023.com.tr\/index.php\/wp-json\/wp\/v2\/categories?post=1857"},{"taxonomy":"post_tag","embeddable":true,"href":"https:\/\/www.vizyon2023.com.tr\/index.php\/wp-json\/wp\/v2\/tags?post=1857"}],"curies":[{"name":"wp","href":"https:\/\/api.w.org\/{rel}","templated":true}]}}