{"id":1853,"date":"2017-11-07T09:43:38","date_gmt":"2017-11-07T07:43:38","guid":{"rendered":"http:\/\/www.vizyon2023.com.tr\/?p=1853"},"modified":"2017-11-07T09:43:38","modified_gmt":"2017-11-07T07:43:38","slug":"oyuncu-selin-sekerci-emine-erdogandan-ozur-diledi","status":"publish","type":"post","link":"https:\/\/www.vizyon2023.com.tr\/index.php\/2017\/11\/07\/oyuncu-selin-sekerci-emine-erdogandan-ozur-diledi\/","title":{"rendered":"Oyuncu Selin \u015eekerci, Emine Erdo\u011fan&#8217;dan \u00f6z\u00fcr diledi"},"content":{"rendered":"<p><strong>Oyuncu Selin \u015eekerci, 2016 y\u0131l\u0131nda Cumhurba\u015fkan\u0131 Erdo\u011fan&#8217;\u0131n e\u015fi Emine Erdo\u011fan hakk\u0131nda s\u00f6ylediklerinden \u00f6t\u00fcr\u00fc \u00f6z\u00fcr mesaj\u0131 yay\u0131mlad\u0131.<\/strong><\/p>\n<p><img loading=\"lazy\" class=\"alignnone size-full wp-image-1854\" src=\"http:\/\/www.vizyon2023.com.tr\/wp-content\/uploads\/2017\/11\/5a00ddcdc03c0e227881bb38.jpg\" alt=\"5a00ddcdc03c0e227881bb38\" width=\"620\" height=\"350\" \/><\/p>\n<p>Dizi oyuncusu\u00a0<a class=\"inline-keyword\" href=\"http:\/\/www.hurriyet.com.tr\/haberleri\/selin-sekerci\" target=\"_blank\" rel=\"\">Selin \u015eekerci<\/a>, Cumhurba\u015fkan\u0131 Recep Tayyip\u00a0<a class=\"inline-keyword\" href=\"http:\/\/www.hurriyet.com.tr\/haberleri\/recep-tayyip-erdogan\" target=\"_blank\" rel=\"\">Erdo\u011fan<\/a>&#8216;\u0131n e\u015fi Emine Erdo\u011fan&#8217;dan\u00a0<a class=\"inline-keyword\" href=\"http:\/\/www.hurriyet.com.tr\/haberleri\/ozur\" target=\"_blank\" rel=\"\">\u00f6z\u00fcr<\/a>\u00a0diledi.<\/p>\n<p>\u015eekerci, sosyal payla\u015f\u0131m sitesi Twitter \u00fczerinden yapt\u0131\u011f\u0131 a\u00e7\u0131klamada Emine Erdo\u011fan&#8217;dan \u00f6z\u00fcr dileyen payla\u015f\u0131mlarda bulundu.<\/p>\n<p>\u015eekerci, payla\u015f\u0131m\u0131nda &#8220;Birka\u00e7 y\u0131l \u00f6nce yapt\u0131\u011f\u0131m bir sosyal mecra payla\u015f\u0131m\u0131 ile ilgili Say\u0131n Emine Erdo\u011fan Han\u0131m&#8217;a kendimi ifade etme \u015fans\u0131 buldum, kendisinden \u00f6z\u00fcr diledim. \u00d6zr\u00fcm\u00fc kabul etti\u011fi ve beni anlay\u0131\u015fla kar\u015f\u0131lad\u0131\u011f\u0131 i\u00e7in yine bu mecradan kendisine te\u015fekk\u00fcrlerimi ve sayg\u0131lar\u0131m\u0131 iletmek isterim&#8221; ifadelerini kulland\u0131.<\/p>\n<p>&nbsp;<\/p>\n","protected":false},"excerpt":{"rendered":"<p>Oyuncu Selin \u015eekerci, 2016 y\u0131l\u0131nda Cumhurba\u015fkan\u0131 Erdo\u011fan&#8217;\u0131n e\u015fi Emine Erdo\u011fan hakk\u0131nda s\u00f6ylediklerinden \u00f6t\u00fcr\u00fc \u00f6z\u00fcr mesaj\u0131 yay\u0131mlad\u0131. Dizi oyuncusu\u00a0Selin \u015eekerci, Cumhurba\u015fkan\u0131 Recep Tayyip\u00a0Erdo\u011fan&#8216;\u0131n e\u015fi Emine Erdo\u011fan&#8217;dan\u00a0\u00f6z\u00fcr\u00a0diledi. \u015eekerci, sosyal payla\u015f\u0131m sitesi Twitter \u00fczerinden yapt\u0131\u011f\u0131 a\u00e7\u0131klamada Emine Erdo\u011fan&#8217;dan \u00f6z\u00fcr dileyen payla\u015f\u0131mlarda bulundu. \u015eekerci, payla\u015f\u0131m\u0131nda &#8220;Birka\u00e7 y\u0131l \u00f6nce yapt\u0131\u011f\u0131m bir sosyal mecra payla\u015f\u0131m\u0131 ile ilgili Say\u0131n Emine Erdo\u011fan Han\u0131m&#8217;a [&hellip;]<\/p>\n","protected":false},"author":8,"featured_media":1855,"comment_status":"open","ping_status":"closed","sticky":false,"template":"","format":"standard","meta":[],"categories":[85],"tags":[],"_links":{"self":[{"href":"https:\/\/www.vizyon2023.com.tr\/index.php\/wp-json\/wp\/v2\/posts\/1853"}],"collection":[{"href":"https:\/\/www.vizyon2023.com.tr\/index.php\/wp-json\/wp\/v2\/posts"}],"about":[{"href":"https:\/\/www.vizyon2023.com.tr\/index.php\/wp-json\/wp\/v2\/types\/post"}],"author":[{"embeddable":true,"href":"https:\/\/www.vizyon2023.com.tr\/index.php\/wp-json\/wp\/v2\/users\/8"}],"replies":[{"embeddable":true,"href":"https:\/\/www.vizyon2023.com.tr\/index.php\/wp-json\/wp\/v2\/comments?post=1853"}],"version-history":[{"count":1,"href":"https:\/\/www.vizyon2023.com.tr\/index.php\/wp-json\/wp\/v2\/posts\/1853\/revisions"}],"predecessor-version":[{"id":1856,"href":"https:\/\/www.vizyon2023.com.tr\/index.php\/wp-json\/wp\/v2\/posts\/1853\/revisions\/1856"}],"wp:featuredmedia":[{"embeddable":true,"href":"https:\/\/www.vizyon2023.com.tr\/index.php\/wp-json\/wp\/v2\/media\/1855"}],"wp:attachment":[{"href":"https:\/\/www.vizyon2023.com.tr\/index.php\/wp-json\/wp\/v2\/media?parent=1853"}],"wp:term":[{"taxonomy":"category","embeddable":true,"href":"https:\/\/www.vizyon2023.com.tr\/index.php\/wp-json\/wp\/v2\/categories?post=1853"},{"taxonomy":"post_tag","embeddable":true,"href":"https:\/\/www.vizyon2023.com.tr\/index.php\/wp-json\/wp\/v2\/tags?post=1853"}],"curies":[{"name":"wp","href":"https:\/\/api.w.org\/{rel}","templated":true}]}}