{"id":1833,"date":"2017-11-07T08:59:23","date_gmt":"2017-11-07T06:59:23","guid":{"rendered":"http:\/\/www.vizyon2023.com.tr\/?p=1833"},"modified":"2017-11-07T08:59:23","modified_gmt":"2017-11-07T06:59:23","slug":"hassas-gudum-kiti-1nin-seri-uretimine-baslandi","status":"publish","type":"post","link":"https:\/\/www.vizyon2023.com.tr\/index.php\/2017\/11\/07\/hassas-gudum-kiti-1nin-seri-uretimine-baslandi\/","title":{"rendered":"Hassas G\u00fcd\u00fcm Kiti-1&#8217;nin seri \u00fcretimine ba\u015fland\u0131."},"content":{"rendered":"<p><strong>T\u00dcB\u0130TAK&#8217;\u0131n geli\u015ftirdi\u011fi Hassas G\u00fcd\u00fcm Kiti-1&#8217;nin seri \u00fcretimine ba\u015fland\u0131.<a class=\"backLink\" href=\"https:\/\/www.ahaber.com.tr\/galeri\/turkiye\/hassas-gudum-kiti-1nin-seri-uretimine-baslandi\">.<\/a><\/strong><\/p>\n<p><img loading=\"lazy\" class=\"alignnone size-full wp-image-1834\" src=\"http:\/\/www.vizyon2023.com.tr\/wp-content\/uploads\/2017\/11\/0x0-teroristlerin-korkulu-ruyasi-olacak-silah-envantere-girdi-1510030404404.jpg\" alt=\"0x0-teroristlerin-korkulu-ruyasi-olacak-silah-envantere-girdi-1510030404404\" width=\"635\" height=\"423\" \/><\/p>\n<p>N\u00fcfuz Edici Bomba&#8217;n\u0131n da ba\u015far\u0131yla tamamland\u0131\u011f\u0131 \u00f6\u011frenildi. Da\u011f ta\u015f demeden ter\u00f6ristler imha edilecek.<a class=\"backLink\" href=\"https:\/\/www.ahaber.com.tr\/galeri\/turkiye\/hassas-gudum-kiti-1nin-seri-uretimine-baslandi\/2\">.<\/a><\/p>\n<p>Bilim, Sanayi ve Teknoloji Bakan\u0131 Faruk \u00d6zl\u00fc, TBMM Plan ve B\u00fct\u00e7e Komisyonu&#8217;nda savunma sanayideki geli\u015fmelerle ilgili bilgi verdi. T\u00fcrkiye&#8217;nin otomotiv \u00fcretiminde Avrupa&#8217;da be\u015f, d\u00fcnyada 15. s\u0131rada yer ald\u0131\u011f\u0131n\u0131 belirterek, otomotiv sanayii cirosunu gelecek 10 y\u0131lda 2 kat\u0131na \u00e7\u0131kar\u0131lmas\u0131n\u0131 hedeflediklerini s\u00f6yleyen \u00d6zl\u00fc \u015f\u00f6yle devam etti:<a class=\"backLink\" href=\"https:\/\/www.ahaber.com.tr\/galeri\/turkiye\/hassas-gudum-kiti-1nin-seri-uretimine-baslandi\/2\">.<\/a><\/p>\n<p><img loading=\"lazy\" class=\"alignnone size-full wp-image-1835\" src=\"http:\/\/www.vizyon2023.com.tr\/wp-content\/uploads\/2017\/11\/0x0-teroristlerin-korkulu-ruyasi-olacak-silah-envantere-girdi-1510030408273.jpg\" alt=\"0x0-teroristlerin-korkulu-ruyasi-olacak-silah-envantere-girdi-1510030408273\" width=\"635\" height=\"209\" \/><\/p>\n<p>&#8220;Projenin i\u00e7inde yer alan firmalar\u0131n hepsi, kendi alanlar\u0131nda r\u00fc\u015ftlerini ispat etmi\u015f, y\u00fcksek teknoloji \u00fcretme kapasitesine sahip firmalard\u0131r. 2019&#8217;da ilk prototipi \u00fcretmeyi, 2021&#8217;de ise ticari sat\u0131\u015f yapmay\u0131 planl\u0131yoruz. Otomobilin standartlar\u0131, motoru ve \u00f6zellikleriyle ilgili giri\u015fimci grubun tercihleri belirleyici olacak.&#8221;<a class=\"backLink\" href=\"https:\/\/www.ahaber.com.tr\/galeri\/turkiye\/hassas-gudum-kiti-1nin-seri-uretimine-baslandi\/4\">.<\/a><\/p>\n<p>\u00d6zl\u00fc&#8217;n\u00fcn verdi\u011fi bilgilere g\u00f6re; T\u00dcB\u0130TAK Savunma Sanayii Ara\u015ft\u0131rma ve Geli\u015ftirme Enstit\u00fcs\u00fc&#8217;nde (SAGE) geli\u015ftirilen Hassas G\u00fcd\u00fcm Kiti-1 (HGK-1) m\u00fchimmat\u0131n\u0131n seri \u00fcretimine ba\u015fland\u0131.<a class=\"backLink\" href=\"https:\/\/www.ahaber.com.tr\/galeri\/turkiye\/hassas-gudum-kiti-1nin-seri-uretimine-baslandi\/4\">.<\/a><\/p>\n<p><img loading=\"lazy\" class=\"alignnone size-full wp-image-1836\" src=\"http:\/\/www.vizyon2023.com.tr\/wp-content\/uploads\/2017\/11\/0x0-teroristlerin-korkulu-ruyasi-olacak-silah-envantere-girdi-1510030402490.jpg\" alt=\"0x0-teroristlerin-korkulu-ruyasi-olacak-silah-envantere-girdi-1510030402490\" width=\"635\" height=\"449\" \/><\/p>\n<p>Envantere giren HGK-1&#8217;ler Hava Kuvvetleri taraf\u0131ndan G\u00fcneydo\u011fu ve Suriye&#8217;deki operasyonlarda kullan\u0131lmaya ba\u015fland\u0131. F-16 sava\u015f u\u00e7aklar\u0131ndan tekli ve \u00e7oklu at\u0131\u015f yap\u0131lmas\u0131na olanak sa\u011flayacak, daha k\u00fc\u00e7\u00fck harp ba\u015fl\u0131\u011f\u0131na sahip Hassas G\u00fcd\u00fcm Kiti-3 (HGK-3) ve Hassas G\u00fcd\u00fcm Kiti-4 (HGK-4) i\u00e7in geli\u015ftirme ve at\u0131\u015fl\u0131 test \u00e7al\u0131\u015fmalar\u0131 ise s\u00fcr\u00fcyor.<a class=\"backLink\" href=\"https:\/\/www.ahaber.com.tr\/galeri\/turkiye\/hassas-gudum-kiti-1nin-seri-uretimine-baslandi\/5\">.<\/a><\/p>\n<p><img loading=\"lazy\" class=\"alignnone size-full wp-image-1837\" src=\"http:\/\/www.vizyon2023.com.tr\/wp-content\/uploads\/2017\/11\/0x0-teroristlerin-korkulu-ruyasi-olacak-silah-envantere-girdi-1510030405979.jpg\" alt=\"0x0-teroristlerin-korkulu-ruyasi-olacak-silah-envantere-girdi-1510030405979\" width=\"635\" height=\"378\" \/><\/p>\n<p>N\u00fcfuz Edici Bomba (NEB) Geli\u015ftirme Projesi ile y\u00fcksek korunakl\u0131 hedeflere ve ma\u011faralara taarruz yetene\u011fi kazand\u0131r\u0131l\u0131rken bu m\u00fchimmat da envantere al\u0131narak seri \u00fcretimine ba\u015fland\u0131.<a class=\"backLink\" href=\"https:\/\/www.ahaber.com.tr\/galeri\/turkiye\/hassas-gudum-kiti-1nin-seri-uretimine-baslandi\/6\">.<\/a><\/p>\n<p>T\u00dcB\u0130TAK SAGE taraf\u0131ndan geli\u015ftirilen ve satha at\u0131lan orta menzilli m\u00fchimmat olan &#8220;SOM&#8221; ile T\u00fcrk Hava Kuvvetleri&#8217;ne 250 km. mesafeden y\u00fcksek hassasiyetle hedefleri imha yetene\u011fi kazand\u0131r\u0131ld\u0131. M\u00fchimmat\u0131n seri \u00fcretiminin devam etti\u011fi belirtildi. Kaynak: Milliyet<a class=\"backLink\" href=\"https:\/\/www.ahaber.com.tr\/galeri\/turkiye\/hassas-gudum-kiti-1nin-seri-uretimine-baslandi\/7\">.<\/a><\/p>\n<p>&nbsp;<\/p>\n<p>&nbsp;<\/p>\n","protected":false},"excerpt":{"rendered":"<p>T\u00dcB\u0130TAK&#8217;\u0131n geli\u015ftirdi\u011fi Hassas G\u00fcd\u00fcm Kiti-1&#8217;nin seri \u00fcretimine ba\u015fland\u0131.. N\u00fcfuz Edici Bomba&#8217;n\u0131n da ba\u015far\u0131yla tamamland\u0131\u011f\u0131 \u00f6\u011frenildi. Da\u011f ta\u015f demeden ter\u00f6ristler imha edilecek.. Bilim, Sanayi ve Teknoloji Bakan\u0131 Faruk \u00d6zl\u00fc, TBMM Plan ve B\u00fct\u00e7e Komisyonu&#8217;nda savunma sanayideki geli\u015fmelerle ilgili bilgi verdi. T\u00fcrkiye&#8217;nin otomotiv \u00fcretiminde Avrupa&#8217;da be\u015f, d\u00fcnyada 15. s\u0131rada yer ald\u0131\u011f\u0131n\u0131 belirterek, otomotiv sanayii cirosunu gelecek 10 [&hellip;]<\/p>\n","protected":false},"author":8,"featured_media":1838,"comment_status":"open","ping_status":"closed","sticky":false,"template":"","format":"standard","meta":[],"categories":[85],"tags":[],"_links":{"self":[{"href":"https:\/\/www.vizyon2023.com.tr\/index.php\/wp-json\/wp\/v2\/posts\/1833"}],"collection":[{"href":"https:\/\/www.vizyon2023.com.tr\/index.php\/wp-json\/wp\/v2\/posts"}],"about":[{"href":"https:\/\/www.vizyon2023.com.tr\/index.php\/wp-json\/wp\/v2\/types\/post"}],"author":[{"embeddable":true,"href":"https:\/\/www.vizyon2023.com.tr\/index.php\/wp-json\/wp\/v2\/users\/8"}],"replies":[{"embeddable":true,"href":"https:\/\/www.vizyon2023.com.tr\/index.php\/wp-json\/wp\/v2\/comments?post=1833"}],"version-history":[{"count":1,"href":"https:\/\/www.vizyon2023.com.tr\/index.php\/wp-json\/wp\/v2\/posts\/1833\/revisions"}],"predecessor-version":[{"id":1839,"href":"https:\/\/www.vizyon2023.com.tr\/index.php\/wp-json\/wp\/v2\/posts\/1833\/revisions\/1839"}],"wp:featuredmedia":[{"embeddable":true,"href":"https:\/\/www.vizyon2023.com.tr\/index.php\/wp-json\/wp\/v2\/media\/1838"}],"wp:attachment":[{"href":"https:\/\/www.vizyon2023.com.tr\/index.php\/wp-json\/wp\/v2\/media?parent=1833"}],"wp:term":[{"taxonomy":"category","embeddable":true,"href":"https:\/\/www.vizyon2023.com.tr\/index.php\/wp-json\/wp\/v2\/categories?post=1833"},{"taxonomy":"post_tag","embeddable":true,"href":"https:\/\/www.vizyon2023.com.tr\/index.php\/wp-json\/wp\/v2\/tags?post=1833"}],"curies":[{"name":"wp","href":"https:\/\/api.w.org\/{rel}","templated":true}]}}