{"id":1830,"date":"2017-11-06T20:50:09","date_gmt":"2017-11-06T18:50:09","guid":{"rendered":"http:\/\/www.vizyon2023.com.tr\/?p=1830"},"modified":"2017-11-06T20:50:09","modified_gmt":"2017-11-06T18:50:09","slug":"ak-parti-myk-toplantisi-basladi","status":"publish","type":"post","link":"https:\/\/www.vizyon2023.com.tr\/index.php\/2017\/11\/06\/ak-parti-myk-toplantisi-basladi\/","title":{"rendered":"AK Parti MYK toplant\u0131s\u0131 ba\u015flad\u0131!."},"content":{"rendered":"<p><strong>AK Parti\u00a0Merkez Y\u00fcr\u00fctme Kurulu (MYK), Cumhurba\u015fkan\u0131 ve AK Parti Genel Ba\u015fkan\u0131\u00a0Recep Tayyip Erdo\u011fan\u00a0ba\u015fkanl\u0131\u011f\u0131nda topland\u0131.<a class=\"backLink\" href=\"https:\/\/www.ahaber.com.tr\/gundem\/2017\/11\/06\/ak-partimyktoplantisi-basladi\">.<\/a><\/strong><\/p>\n<p>AK Parti Merkez Y\u00fcr\u00fctme Kurulu, AK Parti Genel Ba\u015fkan\u0131 ve Cumhurba\u015fkan\u0131 Recep Tayyip Erdo\u011fan ba\u015fkanl\u0131\u011f\u0131nda parti genel merkezinde topland\u0131. B\u00fcy\u00fck\u015fehir belediye ba\u015fkanl\u0131klar\u0131ndaki istifalar\u0131n ard\u0131ndan geli\u015fen s\u00fcre\u00e7, yakla\u015fan Meclis Ba\u015fkanl\u0131\u011f\u0131 se\u00e7imleri ve AK Parti&#8217;nin kongre s\u00fcreci masada olacak.<a class=\"backLink\" href=\"https:\/\/www.ahaber.com.tr\/gundem\/2017\/11\/06\/ak-partimyktoplantisi-basladi\">.<\/a><\/p>\n<p>&nbsp;<\/p>\n","protected":false},"excerpt":{"rendered":"<p>AK Parti\u00a0Merkez Y\u00fcr\u00fctme Kurulu (MYK), Cumhurba\u015fkan\u0131 ve AK Parti Genel Ba\u015fkan\u0131\u00a0Recep Tayyip Erdo\u011fan\u00a0ba\u015fkanl\u0131\u011f\u0131nda topland\u0131.. AK Parti Merkez Y\u00fcr\u00fctme Kurulu, AK Parti Genel Ba\u015fkan\u0131 ve Cumhurba\u015fkan\u0131 Recep Tayyip Erdo\u011fan ba\u015fkanl\u0131\u011f\u0131nda parti genel merkezinde topland\u0131. B\u00fcy\u00fck\u015fehir belediye ba\u015fkanl\u0131klar\u0131ndaki istifalar\u0131n ard\u0131ndan geli\u015fen s\u00fcre\u00e7, yakla\u015fan Meclis Ba\u015fkanl\u0131\u011f\u0131 se\u00e7imleri ve AK Parti&#8217;nin kongre s\u00fcreci masada olacak.. &nbsp;<\/p>\n","protected":false},"author":8,"featured_media":1831,"comment_status":"open","ping_status":"closed","sticky":false,"template":"","format":"standard","meta":[],"categories":[58],"tags":[],"_links":{"self":[{"href":"https:\/\/www.vizyon2023.com.tr\/index.php\/wp-json\/wp\/v2\/posts\/1830"}],"collection":[{"href":"https:\/\/www.vizyon2023.com.tr\/index.php\/wp-json\/wp\/v2\/posts"}],"about":[{"href":"https:\/\/www.vizyon2023.com.tr\/index.php\/wp-json\/wp\/v2\/types\/post"}],"author":[{"embeddable":true,"href":"https:\/\/www.vizyon2023.com.tr\/index.php\/wp-json\/wp\/v2\/users\/8"}],"replies":[{"embeddable":true,"href":"https:\/\/www.vizyon2023.com.tr\/index.php\/wp-json\/wp\/v2\/comments?post=1830"}],"version-history":[{"count":1,"href":"https:\/\/www.vizyon2023.com.tr\/index.php\/wp-json\/wp\/v2\/posts\/1830\/revisions"}],"predecessor-version":[{"id":1832,"href":"https:\/\/www.vizyon2023.com.tr\/index.php\/wp-json\/wp\/v2\/posts\/1830\/revisions\/1832"}],"wp:featuredmedia":[{"embeddable":true,"href":"https:\/\/www.vizyon2023.com.tr\/index.php\/wp-json\/wp\/v2\/media\/1831"}],"wp:attachment":[{"href":"https:\/\/www.vizyon2023.com.tr\/index.php\/wp-json\/wp\/v2\/media?parent=1830"}],"wp:term":[{"taxonomy":"category","embeddable":true,"href":"https:\/\/www.vizyon2023.com.tr\/index.php\/wp-json\/wp\/v2\/categories?post=1830"},{"taxonomy":"post_tag","embeddable":true,"href":"https:\/\/www.vizyon2023.com.tr\/index.php\/wp-json\/wp\/v2\/tags?post=1830"}],"curies":[{"name":"wp","href":"https:\/\/api.w.org\/{rel}","templated":true}]}}