{"id":1824,"date":"2017-11-06T20:41:56","date_gmt":"2017-11-06T18:41:56","guid":{"rendered":"http:\/\/www.vizyon2023.com.tr\/?p=1824"},"modified":"2017-11-06T20:41:56","modified_gmt":"2017-11-06T18:41:56","slug":"ak-partinin-balikesir-baskan-adayi-belli-oldu","status":"publish","type":"post","link":"https:\/\/www.vizyon2023.com.tr\/index.php\/2017\/11\/06\/ak-partinin-balikesir-baskan-adayi-belli-oldu\/","title":{"rendered":"AK Parti&#8217;nin Bal\u0131kesir ba\u015fkan aday\u0131 belli oldu."},"content":{"rendered":"<p><img loading=\"lazy\" class=\"alignnone size-full wp-image-1825\" src=\"http:\/\/www.vizyon2023.com.tr\/wp-content\/uploads\/2017\/11\/660x310-ak-partinin-balikesir-baskan-adayi-belli-oldu-1509989926428.jpg\" alt=\"660x310-ak-partinin-balikesir-baskan-adayi-belli-oldu-1509989926428\" width=\"660\" height=\"310\" \/><\/p>\n<p>Bal\u0131kesir B\u00fcy\u00fck\u015fehir Belediye Ba\u015fkan\u0131 Edip U\u011fur&#8217;un istifas\u0131n\u0131 a\u00e7\u0131klamas\u0131 sonras\u0131nda AK Parti\u2019nin belediye ba\u015fkan aday\u0131 olarak Alt\u0131eyl\u00fcl Belediye Ba\u015fkan\u0131 Zekai Kafao\u011flu g\u00f6sterildi.<a class=\"backLink\" href=\"https:\/\/www.ahaber.com.tr\/gundem\/2017\/11\/06\/ak-partinin-balikesir-baskan-adayi-belli-oldu\">.<\/a><\/p>\n<p>Bal\u0131kesir B\u00fcy\u00fck\u015fehir Belediye Ba\u015fkan\u0131 Edip U\u011fur&#8217;un istifas\u0131 sonras\u0131nda Cuma g\u00fcn\u00fc yap\u0131lan temay\u00fcl yoklamas\u0131n\u0131n ard\u0131ndan AK Parti Bal\u0131kesir \u0130l Te\u015fkilat\u0131 y\u00f6netimi, bug\u00fcn Ankara&#8217;da Cumhurba\u015fkan\u0131 Recep Tayyip Erdo\u011fan ile g\u00f6r\u00fc\u015ft\u00fc. Toplant\u0131da AK Parti&#8217;nin Bal\u0131kesir B\u00fcy\u00fck\u015fehir Belediye Ba\u015fkan aday\u0131 olarak Alt\u0131eyl\u00fcl Belediye Ba\u015fkan\u0131 Zekai Kafao\u011flu&#8217;nun g\u00f6sterilmesi karar\u0131 \u00e7\u0131kt\u0131.<a class=\"backLink\" href=\"https:\/\/www.ahaber.com.tr\/gundem\/2017\/11\/06\/ak-partinin-balikesir-baskan-adayi-belli-oldu\">.<\/a><\/p>\n<p><strong>ZEKA\u0130\u00a0<span class=\"SCAYT-M\u0130SSPELL-WORD\" data-scayt-lang=\"TR_TR\" data-scayt-word=\"KAFAO\u011eLU\">KAFAO\u011eLU<\/span>\u00a0K\u0130MD\u0130R?<\/strong><\/p>\n<p>Zekai Kafao\u011flu, 1961 y\u0131l\u0131nda Bal\u0131kesir&#8217;in G\u00f6k\u00e7eyaz\u0131 beldesinde do\u011fdu. \u0130lk ve ortaokulu burada tamamlayan Kafao\u011flu, lise e\u011fitimini Bal\u0131kesir \u0130mam Hatip Lisesinde tamamlad\u0131. \u0130stanbul \u00dcniversitesi Di\u015f Hekimli\u011fi Fak\u00fcltesinden mezun olan ve kamu hastanelerinde di\u015f hekimi olarak g\u00f6rev yapan Kafao\u011flu, Sa\u011fl\u0131k Bakanl\u0131\u011f\u0131 Bakan M\u00fc\u015favirli\u011finden sonra Bal\u0131kesir A\u011f\u0131z ve Di\u015f Sa\u011fl\u0131\u011f\u0131 Merkezi Kurucu Ba\u015fhekimli\u011fi g\u00f6revinde bulundu. Refah Partisi&#8217;nde \u0130l M\u00fcfetti\u015fli\u011fi, Fazilet Partisi&#8217;nde \u0130l Ba\u015fkanl\u0131\u011f\u0131 yapan Kafao\u011flu, AK Parti Bal\u0131kesir Kurucu \u0130l Ba\u015fkan Yard\u0131mc\u0131l\u0131\u011f\u0131 g\u00f6revini de \u00fcstlendi. Kafao\u011flu, 1999 y\u0131l\u0131nda Fazilet Partisi, 2002 ve 2007 y\u0131llar\u0131nda AK Parti&#8217;den milletvekili aday\u0131 oldu. 30 Mart 2014 yerel se\u00e7iminde AK Parti&#8217;den Alt\u0131eyl\u00fcl Belediye Ba\u015fkan\u0131 se\u00e7ildi. Zekai Kafao\u011flu, evli, 3 \u00e7ocuk babas\u0131 ve 1 torun sahibidir<a class=\"backLink\" href=\"https:\/\/www.ahaber.com.tr\/gundem\/2017\/11\/06\/ak-partinin-balikesir-baskan-adayi-belli-oldu\">.<\/a><\/p>\n<p>&nbsp;<\/p>\n","protected":false},"excerpt":{"rendered":"<p>Bal\u0131kesir B\u00fcy\u00fck\u015fehir Belediye Ba\u015fkan\u0131 Edip U\u011fur&#8217;un istifas\u0131n\u0131 a\u00e7\u0131klamas\u0131 sonras\u0131nda AK Parti\u2019nin belediye ba\u015fkan aday\u0131 olarak Alt\u0131eyl\u00fcl Belediye Ba\u015fkan\u0131 Zekai Kafao\u011flu g\u00f6sterildi.. Bal\u0131kesir B\u00fcy\u00fck\u015fehir Belediye Ba\u015fkan\u0131 Edip U\u011fur&#8217;un istifas\u0131 sonras\u0131nda Cuma g\u00fcn\u00fc yap\u0131lan temay\u00fcl yoklamas\u0131n\u0131n ard\u0131ndan AK Parti Bal\u0131kesir \u0130l Te\u015fkilat\u0131 y\u00f6netimi, bug\u00fcn Ankara&#8217;da Cumhurba\u015fkan\u0131 Recep Tayyip Erdo\u011fan ile g\u00f6r\u00fc\u015ft\u00fc. Toplant\u0131da AK Parti&#8217;nin Bal\u0131kesir B\u00fcy\u00fck\u015fehir Belediye [&hellip;]<\/p>\n","protected":false},"author":8,"featured_media":1826,"comment_status":"open","ping_status":"closed","sticky":false,"template":"","format":"standard","meta":[],"categories":[85],"tags":[],"_links":{"self":[{"href":"https:\/\/www.vizyon2023.com.tr\/index.php\/wp-json\/wp\/v2\/posts\/1824"}],"collection":[{"href":"https:\/\/www.vizyon2023.com.tr\/index.php\/wp-json\/wp\/v2\/posts"}],"about":[{"href":"https:\/\/www.vizyon2023.com.tr\/index.php\/wp-json\/wp\/v2\/types\/post"}],"author":[{"embeddable":true,"href":"https:\/\/www.vizyon2023.com.tr\/index.php\/wp-json\/wp\/v2\/users\/8"}],"replies":[{"embeddable":true,"href":"https:\/\/www.vizyon2023.com.tr\/index.php\/wp-json\/wp\/v2\/comments?post=1824"}],"version-history":[{"count":1,"href":"https:\/\/www.vizyon2023.com.tr\/index.php\/wp-json\/wp\/v2\/posts\/1824\/revisions"}],"predecessor-version":[{"id":1827,"href":"https:\/\/www.vizyon2023.com.tr\/index.php\/wp-json\/wp\/v2\/posts\/1824\/revisions\/1827"}],"wp:featuredmedia":[{"embeddable":true,"href":"https:\/\/www.vizyon2023.com.tr\/index.php\/wp-json\/wp\/v2\/media\/1826"}],"wp:attachment":[{"href":"https:\/\/www.vizyon2023.com.tr\/index.php\/wp-json\/wp\/v2\/media?parent=1824"}],"wp:term":[{"taxonomy":"category","embeddable":true,"href":"https:\/\/www.vizyon2023.com.tr\/index.php\/wp-json\/wp\/v2\/categories?post=1824"},{"taxonomy":"post_tag","embeddable":true,"href":"https:\/\/www.vizyon2023.com.tr\/index.php\/wp-json\/wp\/v2\/tags?post=1824"}],"curies":[{"name":"wp","href":"https:\/\/api.w.org\/{rel}","templated":true}]}}