{"id":1806,"date":"2017-11-06T16:39:52","date_gmt":"2017-11-06T14:39:52","guid":{"rendered":"http:\/\/www.vizyon2023.com.tr\/?p=1806"},"modified":"2017-11-06T16:39:52","modified_gmt":"2017-11-06T14:39:52","slug":"ankara-buyuksehir-belediye-baskanligina-mustafa-tuna-secildi","status":"publish","type":"post","link":"https:\/\/www.vizyon2023.com.tr\/index.php\/2017\/11\/06\/ankara-buyuksehir-belediye-baskanligina-mustafa-tuna-secildi\/","title":{"rendered":"Ankara B\u00fcy\u00fck\u015fehir Belediye Ba\u015fkanl\u0131\u011f\u0131na Mustafa Tuna se\u00e7ildi"},"content":{"rendered":"<p><img loading=\"lazy\" class=\"alignnone size-full wp-image-1807\" src=\"http:\/\/www.vizyon2023.com.tr\/wp-content\/uploads\/2017\/11\/1702089_940x531.jpg\" alt=\"1702089_940x531\" width=\"940\" height=\"531\" \/><\/p>\n<h2>Ankara B\u00fcy\u00fck\u015fehir Belediye Ba\u015fkanl\u0131\u011f\u0131&#8217;na AK Parti&#8217;nin aday\u0131 Mustafa Tuna se\u00e7ildi. Tuna, 136 oyun 104&#8217;\u00fcn\u00fc alarak se\u00e7ildi<\/h2>\n<p><a class=\"LinkBodyKeywords tag\" href=\"http:\/\/www.haberturk.com\/kurum\/ankara\">Ankara<\/a>&#8216;da\u00a0<a class=\"LinkBodyKeywords tag\" href=\"http:\/\/www.haberturk.com\/kisi\/melih-gokcek\">Melih G\u00f6k\u00e7ek<\/a>&#8216;in istifas\u0131n\u0131 a\u00e7\u0131klamas\u0131n\u0131n ard\u0131ndan yeni ba\u015fkan bug\u00fcn belli oldu. Muhalefetin aday g\u00f6stermedi\u011fi se\u00e7imde AK Parti&#8217;nin aday\u0131 Sincan Belediye Ba\u015fkan\u0131 Mustafa Tuna, yeni belediye ba\u015fkan\u0131 se\u00e7ildi. Tuna, 136 oyun 104&#8217;\u00fcn\u00fc ald\u0131.\u00a0Se\u00e7imde, 29 bo\u015f oy kullan\u0131l\u0131rken, ge\u00e7ersiz oy say\u0131s\u0131 ise 3 oldu.<\/p>\n<p>Ankara&#8217;n\u0131n yeni B\u00fcy\u00fck\u015fehir Belediye Ba\u015fkan\u0131 Mustafa Tuna&#8217;n\u0131n se\u00e7ilmesinin ard\u0131ndan ilk a\u00e7\u0131klamas\u0131:<\/p>\n<p>&#8220;B\u00fct\u00fcn ki\u015fi ve kurumlar\u0131n, herkesin g\u00f6r\u00fc\u015fmeleri ve kanaatleri \u015fehrimizin daha iyi noktaya gelmesi y\u00f6n\u00fcndedir. Ortak ak\u0131lla g\u00fczel hizmetlere vesile olaca\u011f\u0131m\u0131za inan\u0131yorum. Bana verdi\u011finiz oylara, g\u00fcvene lay\u0131k olmaya \u00e7al\u0131\u015faca\u011f\u0131m. Sa\u011folun, varolun Allah&#8217;a emanet olsun.&#8221;<\/p>\n<p><strong>AK PART\u0130 TEMAY\u00dcL YOKLAMASINDA \u0130SM\u0130 \u00d6NE \u00c7IKMI\u015eTI<\/strong><\/p>\n<p>AK Parti&#8217;de ge\u00e7en cumartesi g\u00fcn\u00fc ger\u00e7ekle\u015fen temay\u00fcl yoklamas\u0131nda Mustafa Tuna ile birlikte Kazan Belediye Ba\u015fkan\u0131 Lokman Ert\u00fcrk ve Alt\u0131nda\u011f Belediye Ba\u015fkan\u0131 Veysel Tiryaki&#8217;nin ad\u0131 \u00f6ne \u00e7\u0131km\u0131\u015ft\u0131.<\/p>\n<p>B\u00fcy\u00fck\u015fehir Belediye Meclisi&#8217;nde yap\u0131lan se\u00e7imde ba\u015fkan\u0131n se\u00e7ilmesi i\u00e7in ilk turda aranan salt \u00e7o\u011funluk, yani 94 oy sa\u011fland\u0131. Tuna, 136 oyun, 104&#8217;\u00fcn\u00fc ald\u0131.\u00a0\u00a0Belediye meclisinde, AK Parti&#8217;nin 100, CHP&#8217;nin 21, MHP&#8217;nin 15, ba\u011f\u0131ms\u0131z 3 ve BBP&#8217;nin ise 1 sandalyesi bulunuyor.<\/p>\n<p><img loading=\"lazy\" class=\"alignnone size-full wp-image-1808\" src=\"http:\/\/www.vizyon2023.com.tr\/wp-content\/uploads\/2017\/11\/1702089_4e5b07cb5b5329a788298622d5d1d2d0.jpg\" alt=\"1702089_4e5b07cb5b5329a788298622d5d1d2d0\" width=\"600\" height=\"316\" \/><\/p>\n<p><strong>Mustafa Tuna<\/strong><\/p>\n<p>Ankara B\u00fcy\u00fck\u015fehir Belediye Ba\u015fkanl\u0131\u011f\u0131&#8217;na 28 Ekim&#8217;de istifas\u0131n\u0131 a\u00e7\u0131klayan Melih G\u00f6k\u00e7ek&#8217;in yerine Ali \u0130hsan \u00d6lmez vekalet ediyordu.<\/p>\n<h2><strong>&#8220;HEP\u0130N\u0130ZE AYRI AYRI TE\u015eEKK\u00dcR ED\u0130YORUM&#8221;<\/strong><\/h2>\n<p>Adayl\u0131\u011f\u0131 a\u00e7\u0131klanan Tuna&#8217;dan ilk a\u00e7\u0131klama:<\/p>\n<p>Bu g\u00fcvene lay\u0131k olmak \u00fczere bundan sonra da hep beraber el ele \u00e7al\u0131\u015faca\u011f\u0131z. Melih ba\u015fkana hizmetlerinden dolay\u0131 te\u015fekk\u00fcr ediyoruz. Ben tekrar hepinize ayr\u0131 ayr\u0131 te\u015fekk\u00fcr ediyorum. Sa\u011folun varolun.<\/p>\n<h2><strong>MUSTAFA TUNA K\u0130MD\u0130R?<\/strong><\/h2>\n<p>Mustafa Tuna, 1957 y\u0131l\u0131nda Sivas&#8217;\u0131n \u015eark\u0131\u015fla il\u00e7esinde do\u011fdu. 1980 y\u0131l\u0131nda \u0130stanbul Teknik \u00dcniversitesi \u0130n\u015faat M\u00fchendisli\u011fi B\u00f6l\u00fcm\u00fc&#8217;nden mezun oldu. 1982 y\u0131l\u0131nda \u0130stanbul Teknik \u00dcniversitesi \u0130n\u015faat Fak\u00fcltesi \u00c7evre M\u00fchendisli\u011fi B\u00f6l\u00fcm\u00fc&#8217;nden Y\u00fcksek M\u00fchendis \u00fcnvan\u0131n\u0131 alan Tuna, 1982-1983 y\u0131llar\u0131 aras\u0131nda e\u011fitim i\u00e7in ABD&#8217;de bulundu. Akademik gereklilikleri yerine getireren &#8220;At\u0131ksu Ar\u0131tma Tesisleri Maliyet \u0130ndeksi ve Debi &#8211; Maliyet \u0130li\u015fkileri&#8221; konusundaki tez \u00e7al\u0131\u015fmas\u0131n\u0131 tamamlad\u0131. Tezinin ard\u0131ndan kendisine \u0130T\u00dc Fen Bilimleri Enstit\u00fcs\u00fc taraf\u0131ndan 1995 y\u0131l\u0131nda Doktor Y\u00fcksek M\u00fchendis unvan\u0131 verilmi\u015ftir.<\/p>\n<div id=\"zone_auto_1\" class=\"ads-zone habericireklam300x250left\" data-width=\"300\" data-height=\"250\" data-multi=\"1\"><\/div>\n<p>1998 y\u0131l\u0131nda Su Kirlenmesi ve Kontrol\u00fc Bilim Dal\u0131&#8217;nda \u00dcniversiteleraras\u0131 Kurul taraf\u0131ndan &#8220;Do\u00e7ent&#8221; \u00fcnvan\u0131n\u0131 elde eden Mustafa Tuna, \u00f6zel sekt\u00f6r \u00e7al\u0131\u015fmalar\u0131yla birlikte \u00e7evre teknolojisi, altyap\u0131 planlamas\u0131 ve m\u00fchendislik ekonomisi alanlar\u0131nda da akademik \u00e7al\u0131\u015fmalar\u0131n\u0131 s\u00fcrd\u00fcrd\u00fc.<br \/>\nYapt\u0131\u011f\u0131 ulusal ve uluslararas\u0131 bilimsel yay\u0131nlar nedeniyle kendisine T\u00dcB\u0130TAK taraf\u0131ndan &#8220;Yay\u0131n Te\u015fvik \u00d6d\u00fcl\u00fc&#8221; verilmi\u015ftir.<\/p>\n<p>29 Mart 2009 y\u0131l\u0131nda Ankara Sincan Belediye Ba\u015fkan\u0131 olarak se\u00e7ilen Mustafa Tuna, 2014 yerel se\u00e7imlerinde bir kere daha Sincan Belediye Ba\u015fkan\u0131 olarak se\u00e7ilmi\u015ftir.<\/p>\n","protected":false},"excerpt":{"rendered":"<p>Ankara B\u00fcy\u00fck\u015fehir Belediye Ba\u015fkanl\u0131\u011f\u0131&#8217;na AK Parti&#8217;nin aday\u0131 Mustafa Tuna se\u00e7ildi. Tuna, 136 oyun 104&#8217;\u00fcn\u00fc alarak se\u00e7ildi Ankara&#8216;da\u00a0Melih G\u00f6k\u00e7ek&#8216;in istifas\u0131n\u0131 a\u00e7\u0131klamas\u0131n\u0131n ard\u0131ndan yeni ba\u015fkan bug\u00fcn belli oldu. Muhalefetin aday g\u00f6stermedi\u011fi se\u00e7imde AK Parti&#8217;nin aday\u0131 Sincan Belediye Ba\u015fkan\u0131 Mustafa Tuna, yeni belediye ba\u015fkan\u0131 se\u00e7ildi. Tuna, 136 oyun 104&#8217;\u00fcn\u00fc ald\u0131.\u00a0Se\u00e7imde, 29 bo\u015f oy kullan\u0131l\u0131rken, ge\u00e7ersiz oy say\u0131s\u0131 ise [&hellip;]<\/p>\n","protected":false},"author":8,"featured_media":1809,"comment_status":"open","ping_status":"closed","sticky":false,"template":"","format":"standard","meta":[],"categories":[85],"tags":[],"_links":{"self":[{"href":"https:\/\/www.vizyon2023.com.tr\/index.php\/wp-json\/wp\/v2\/posts\/1806"}],"collection":[{"href":"https:\/\/www.vizyon2023.com.tr\/index.php\/wp-json\/wp\/v2\/posts"}],"about":[{"href":"https:\/\/www.vizyon2023.com.tr\/index.php\/wp-json\/wp\/v2\/types\/post"}],"author":[{"embeddable":true,"href":"https:\/\/www.vizyon2023.com.tr\/index.php\/wp-json\/wp\/v2\/users\/8"}],"replies":[{"embeddable":true,"href":"https:\/\/www.vizyon2023.com.tr\/index.php\/wp-json\/wp\/v2\/comments?post=1806"}],"version-history":[{"count":1,"href":"https:\/\/www.vizyon2023.com.tr\/index.php\/wp-json\/wp\/v2\/posts\/1806\/revisions"}],"predecessor-version":[{"id":1810,"href":"https:\/\/www.vizyon2023.com.tr\/index.php\/wp-json\/wp\/v2\/posts\/1806\/revisions\/1810"}],"wp:featuredmedia":[{"embeddable":true,"href":"https:\/\/www.vizyon2023.com.tr\/index.php\/wp-json\/wp\/v2\/media\/1809"}],"wp:attachment":[{"href":"https:\/\/www.vizyon2023.com.tr\/index.php\/wp-json\/wp\/v2\/media?parent=1806"}],"wp:term":[{"taxonomy":"category","embeddable":true,"href":"https:\/\/www.vizyon2023.com.tr\/index.php\/wp-json\/wp\/v2\/categories?post=1806"},{"taxonomy":"post_tag","embeddable":true,"href":"https:\/\/www.vizyon2023.com.tr\/index.php\/wp-json\/wp\/v2\/tags?post=1806"}],"curies":[{"name":"wp","href":"https:\/\/api.w.org\/{rel}","templated":true}]}}