{"id":1772,"date":"2017-11-06T11:09:53","date_gmt":"2017-11-06T09:09:53","guid":{"rendered":"http:\/\/www.vizyon2023.com.tr\/?p=1772"},"modified":"2017-11-06T11:09:53","modified_gmt":"2017-11-06T09:09:53","slug":"mega-proje-daha-kapilarini-acmadan-odulleri-kapti","status":"publish","type":"post","link":"https:\/\/www.vizyon2023.com.tr\/index.php\/2017\/11\/06\/mega-proje-daha-kapilarini-acmadan-odulleri-kapti\/","title":{"rendered":"Mega proje daha kap\u0131lar\u0131n\u0131 a\u00e7madan \u00f6d\u00fclleri kapt\u0131"},"content":{"rendered":"<p>Ula\u015ft\u0131rma, Denizcilik ve Haberle\u015fme Bakan\u0131 Arslan, yap\u0131m\u0131 s\u00fcren \u0130stanbul Yeni Havaliman\u0131&#8217;n\u0131n daha a\u00e7\u0131lmadan uluslararas\u0131 \u00f6d\u00fcller ald\u0131\u011f\u0131n\u0131 s\u00f6yledi<\/p>\n<p><img loading=\"lazy\" class=\"alignnone size-full wp-image-1773\" src=\"http:\/\/www.vizyon2023.com.tr\/wp-content\/uploads\/2017\/11\/811992.jpg\" alt=\"811992\" width=\"642\" height=\"355\" \/><\/p>\n<p>Ula\u015ft\u0131rma, Denizcilik ve Haberle\u015fme Bakan\u0131 Ahmet Arslan, \u0130stanbul Yeni Havaliman\u0131&#8217;nda 7 g\u00fcn 24 saat esas\u0131na g\u00f6re ola\u011fan\u00fcst\u00fc bir \u00e7al\u0131\u015fma s\u00fcrd\u00fcr\u00fcld\u00fc\u011f\u00fcn\u00fc s\u00f6yledi.<\/p>\n<p>Havaliman\u0131nda 3 bine yak\u0131n a\u011f\u0131r i\u015f makinesinin \u00e7al\u0131\u015ft\u0131\u011f\u0131na i\u015faret eden Arslan, mega projenin in\u015faat\u0131nda y\u00fczde 70&#8217;lik ger\u00e7ekle\u015fmeye ula\u015ft\u0131klar\u0131n\u0131 ve bunun \u00e7ok \u00f6nemli bir oran oldu\u011funu bildirdi.<\/p>\n<p>Projenin bir\u00e7ok alanda d\u00fcnya \u00e7ap\u0131nda \u00f6d\u00fcller ald\u0131\u011f\u0131na dikkati \u00e7eken Arslan, &#8220;\u0130stanbul Yeni Havaliman\u0131, daha yap\u0131m\u0131 devam ederken uluslararas\u0131 \u00f6d\u00fcller ald\u0131. U\u00e7u\u015f kontrol kulesiyle ilk uluslararas\u0131 \u00f6d\u00fcl\u00fcn\u00fc alan projenin terminal binas\u0131 da tasar\u0131mc\u0131lar\u0131na uluslararas\u0131 \u00f6d\u00fcl kazand\u0131rd\u0131.&#8221; dedi.<\/p>\n<p><strong>Bo\u011fazi\u00e7i g\u00f6r\u00fcn\u00fcml\u00fc duty-free alan\u0131 olacak<\/strong><\/p>\n<p>Arslan, milli projenin d\u00fcnyan\u0131n her yerinde dikkati \u00e7ekmesinin ve hak etti\u011fi yeri bulmas\u0131n\u0131n \u00e7ok \u00f6nemli oldu\u011funu vurgulayarak, \u015f\u00f6yle devam etti:<\/p>\n<p>&#8220;D\u00fcnyan\u0131n en b\u00fcy\u00fck havaliman\u0131n\u0131n projesindeki ana terminal binas\u0131 en \u00f6nemli unsurlar\u0131ndan biri. Ana terminal, 1 milyon 300 bin metrekareyle tek \u00e7at\u0131 alt\u0131nda d\u00fcnyan\u0131n en b\u00fcy\u00fck terminal binas\u0131. Ayr\u0131ca i\u00e7indeki yap\u0131 ve k\u00fclt\u00fcr tamamen T\u00fcrk mimarisini and\u0131r\u0131yor. \u00c7at\u0131, \u00f6zellikle b\u00fcy\u00fck usta Mimar Sinan&#8217;dan esinlenilerek yap\u0131l\u0131yor. Terminal binas\u0131nda \u0130stanbul&#8217;un Bo\u011fazi\u00e7i g\u00f6r\u00fcnt\u00fcs\u00fcn\u00fcn verilece\u011fi \u00e7ok b\u00fcy\u00fck duty-free alan\u0131 olacak. Proje, tasar\u0131m olarak hem \u00e7ok fonksiyonel hem de k\u00fclt\u00fcr\u00fcm\u00fcz\u00fcn motiflerini yans\u0131t\u0131yor, bu a\u00e7\u0131dan da \u00e7ok \u00f6nemli.&#8221;<\/p>\n<p><strong>&#8220;T\u00fcrkiye&#8217;yi havac\u0131l\u0131k end\u00fcstrisinde rekabet\u00e7i k\u0131lacak&#8221;<\/strong><\/p>\n<p>Arslan, \u0130stanbul Yeni Havaliman\u0131&#8217;n\u0131n T\u00fcrkiye&#8217;yi havac\u0131l\u0131k end\u00fcstrisinde \u00e7ok rekabet\u00e7i k\u0131lacak bir proje oldu\u011funu vurgulayarak, T\u00fcrkiye&#8217;nin son y\u0131llardaki b\u00fcy\u00fck geli\u015fimi, \u00f6zellikle yolcu say\u0131s\u0131ndaki art\u0131\u015f ve T\u00fcrk Hava Yollar\u0131n\u0131n (THY) m\u00fcthi\u015f b\u00fcy\u00fcmesinin, b\u00f6yle bir altyap\u0131ya duyulan ihtiyac\u0131 daha \u00e7ok art\u0131rd\u0131\u011f\u0131n\u0131 belirtti.<\/p>\n<p><strong>&#8220;200 milyon yolcuyu u\u00e7urabilecek kapasitede olacak&#8221;<\/strong><\/p>\n<p>Bakan Arslan, y\u0131lda 200 milyon yolcuyu u\u00e7urabilecek kapasitede havaliman\u0131 yapt\u0131klar\u0131n\u0131 belirterek, \u015funlar\u0131 kaydetti:<\/p>\n<p>&#8220;Havaliman\u0131n\u0131n kulesi ger\u00e7ekten \u015faheser bir proje. Daha uygulamaya ge\u00e7meden \u00f6d\u00fcl ald\u0131 ki bu havaliman\u0131yla biz d\u00fcnya sivil havac\u0131l\u0131k sekt\u00f6r\u00fcn\u00fcn bir\u00e7ok dal\u0131nda bug\u00fcne kadar ald\u0131\u011f\u0131m\u0131z \u00f6d\u00fcllere yenilerini ekleyece\u011fiz. \u0130nsan\u0131m\u0131z da sadece havayolunu kullanmaktan de\u011fil, ayn\u0131 zamanda sivil havac\u0131l\u0131k sekt\u00f6r\u00fcnde yakalad\u0131\u011f\u0131m\u0131z ba\u015far\u0131dan ve bunun sonu\u00e7lar\u0131ndan gurur duyacak. Amac\u0131m\u0131z, 29 Ekim 2018&#8217;de, Cumhuriyet&#8217;in kurulu\u015f y\u0131l d\u00f6n\u00fcm\u00fcnde, y\u0131ll\u0131k 90 milyon ki\u015fiye hizmet edecek birinci faz\u0131 a\u00e7mak ve u\u00e7u\u015flar\u0131 art\u0131k oradan yapmak. Di\u011fer etaplar da yolcu art\u0131\u015flar\u0131na ba\u011fl\u0131 olarak 2023&#8217;e kadar tamamlanacak.&#8221;<\/p>\n<p>Arslan, \u0130stanbul Yeni Havaliman\u0131&#8217;na ilk u\u00e7a\u011f\u0131n \u015eubat 2018&#8217;de indirilece\u011fini, resmi a\u00e7\u0131l\u0131\u015f\u0131n ise 29 Ekim 2018&#8217;de yap\u0131laca\u011f\u0131n\u0131 bildirdi.<\/p>\n","protected":false},"excerpt":{"rendered":"<p>Ula\u015ft\u0131rma, Denizcilik ve Haberle\u015fme Bakan\u0131 Arslan, yap\u0131m\u0131 s\u00fcren \u0130stanbul Yeni Havaliman\u0131&#8217;n\u0131n daha a\u00e7\u0131lmadan uluslararas\u0131 \u00f6d\u00fcller ald\u0131\u011f\u0131n\u0131 s\u00f6yledi Ula\u015ft\u0131rma, Denizcilik ve Haberle\u015fme Bakan\u0131 Ahmet Arslan, \u0130stanbul Yeni Havaliman\u0131&#8217;nda 7 g\u00fcn 24 saat esas\u0131na g\u00f6re ola\u011fan\u00fcst\u00fc bir \u00e7al\u0131\u015fma s\u00fcrd\u00fcr\u00fcld\u00fc\u011f\u00fcn\u00fc s\u00f6yledi. Havaliman\u0131nda 3 bine yak\u0131n a\u011f\u0131r i\u015f makinesinin \u00e7al\u0131\u015ft\u0131\u011f\u0131na i\u015faret eden Arslan, mega projenin in\u015faat\u0131nda y\u00fczde 70&#8217;lik ger\u00e7ekle\u015fmeye [&hellip;]<\/p>\n","protected":false},"author":8,"featured_media":1774,"comment_status":"open","ping_status":"closed","sticky":false,"template":"","format":"standard","meta":[],"categories":[58],"tags":[],"_links":{"self":[{"href":"https:\/\/www.vizyon2023.com.tr\/index.php\/wp-json\/wp\/v2\/posts\/1772"}],"collection":[{"href":"https:\/\/www.vizyon2023.com.tr\/index.php\/wp-json\/wp\/v2\/posts"}],"about":[{"href":"https:\/\/www.vizyon2023.com.tr\/index.php\/wp-json\/wp\/v2\/types\/post"}],"author":[{"embeddable":true,"href":"https:\/\/www.vizyon2023.com.tr\/index.php\/wp-json\/wp\/v2\/users\/8"}],"replies":[{"embeddable":true,"href":"https:\/\/www.vizyon2023.com.tr\/index.php\/wp-json\/wp\/v2\/comments?post=1772"}],"version-history":[{"count":1,"href":"https:\/\/www.vizyon2023.com.tr\/index.php\/wp-json\/wp\/v2\/posts\/1772\/revisions"}],"predecessor-version":[{"id":1775,"href":"https:\/\/www.vizyon2023.com.tr\/index.php\/wp-json\/wp\/v2\/posts\/1772\/revisions\/1775"}],"wp:featuredmedia":[{"embeddable":true,"href":"https:\/\/www.vizyon2023.com.tr\/index.php\/wp-json\/wp\/v2\/media\/1774"}],"wp:attachment":[{"href":"https:\/\/www.vizyon2023.com.tr\/index.php\/wp-json\/wp\/v2\/media?parent=1772"}],"wp:term":[{"taxonomy":"category","embeddable":true,"href":"https:\/\/www.vizyon2023.com.tr\/index.php\/wp-json\/wp\/v2\/categories?post=1772"},{"taxonomy":"post_tag","embeddable":true,"href":"https:\/\/www.vizyon2023.com.tr\/index.php\/wp-json\/wp\/v2\/tags?post=1772"}],"curies":[{"name":"wp","href":"https:\/\/api.w.org\/{rel}","templated":true}]}}