{"id":1669,"date":"2017-11-04T10:50:36","date_gmt":"2017-11-04T08:50:36","guid":{"rendered":"http:\/\/www.vizyon2023.com.tr\/?p=1669"},"modified":"2017-11-04T10:50:36","modified_gmt":"2017-11-04T08:50:36","slug":"gazi-sahin-ile-buyuyen-elmadag","status":"publish","type":"post","link":"https:\/\/www.vizyon2023.com.tr\/index.php\/2017\/11\/04\/gazi-sahin-ile-buyuyen-elmadag\/","title":{"rendered":"GAZ\u0130 \u015eAH\u0130N \u0130LE B\u00dcY\u00dcYEN ELMADA\u011e\u2026."},"content":{"rendered":"<p><img loading=\"lazy\" class=\"alignnone size-full wp-image-1671\" src=\"http:\/\/www.vizyon2023.com.tr\/wp-content\/uploads\/2017\/11\/xiLIO-ih_400x400.jpg\" alt=\"xiLIO-ih_400x400\" width=\"400\" height=\"400\" \/><\/p>\n<p>Gazi \u015eAH\u0130N<br \/>\nElmada\u011f Belediye Ba\u015fkan\u0131<\/p>\n<p>GAZ\u0130 \u015eAH\u0130N \u0130LE B\u00dcY\u00dcYEN ELMADA\u011e\u2026.<\/p>\n<p>\u00d6ZGE\u00c7M\u0130\u015e<br \/>\nGazi \u015eahin, 1962 y\u0131l\u0131nda Ankara, Elmada\u011f\u2019da do\u011fdu. \u0130lk ve orta\u00f6\u011frenimini Mamak\u2019ta, y\u00fcksek \u00f6\u011frenimini Eski\u015fehir Anadolu \u00dcniversitesi Sosyal Bilimler B\u00f6l\u00fcm\u00fc ve Gazi \u00dcniversitesi End\u00fcstriyel Sanatlar E\u011fitim Fak\u00fcltesinde tamamlad\u0131. 10 y\u0131l Adalet Bakanl\u0131\u011f\u0131nda g\u00f6rev yapan \u015eahin, Mamak Belediyesi Meclis \u00dcyeli\u011fine se\u00e7ildikten sonra Ankara B\u00fcy\u00fck\u015fehir Belediyesinde \u0130dari M\u00fc\u015favirlik g\u00f6revinde bulundu.1999 ve 2004 y\u0131l\u0131nda iki d\u00f6nem Mamak Belediye Ba\u015fkan\u0131 se\u00e7ildi. Ard\u0131ndan 2009 yerel se\u00e7imlerinde Ak Parti\u2019den Elmada\u011f Belediye Ba\u015fkan\u0131 se\u00e7ildi.30 Mart 2014 tarihinde yap\u0131lan yerel se\u00e7imde tekrar Ak Parti\u2019den Ankara, Elmada\u011f Belediye Ba\u015fkan\u0131 se\u00e7ildi. \u0130ngilizce ve Arap\u00e7a bilen \u015eahin, evli ve 3 \u00e7ocuk babas\u0131d\u0131r.<\/p>\n<p>ELMADA\u011e BELED\u0130YES\u0130 HAYATA GE\u00c7EN PROJELER\u0130 \u0130LE \u00d6RNEK OLUYOR.<br \/>\nG\u00f6reve geldi\u011fimiz andan bu yana, daha verimli \u00e7al\u0131\u015fmalar yapmak i\u00e7in Belediyemizin vizyonunu ve misyonunu belirledik. Yerel kalk\u0131nma ve yerinde y\u00f6netim anlay\u0131\u015f\u0131 ile belediyemizin imkanlar\u0131 dahilinde, kaliteli hizmet sunmak amac\u0131yla, \u00e7al\u0131\u015fanlar\u0131m\u0131z\u0131n e\u011fitimine, motivasyonuna ve vatanda\u015flar\u0131m\u0131z\u0131n memnuniyetine \u00f6ncelik verdik. Meclis \u00dcyelerimiz, birim m\u00fcd\u00fcrlerim ve t\u00fcm \u00e7al\u0131\u015fanlar\u0131mla, muhtarlar\u0131m\u0131zla ve di\u011fer sivil inisiyatif te\u015fkilatlar\u0131yla uyumlu, ahenkli bir \u00e7al\u0131\u015fma ortam\u0131 olu\u015fturduk. Elmada\u011f halk\u0131m\u0131z\u0131n artan ve \u00e7\u00f6z\u00fclmesi gereken \u00f6ncelikli problemlerin ancak ekip \u00e7al\u0131\u015fmas\u0131 ile \u00e7\u00f6z\u00fclebilece\u011fine olan inanc\u0131m\u0131z gere\u011fi ara\u015ft\u0131rma, geli\u015ftirme ve kurumsalla\u015fma faaliyetlerine, gerekli e\u011fitim faaliyetlerine \u00f6nem verdik. Hizmetlerin yerine getirilmesinde \u00f6ncelik s\u0131ras\u0131 mali imkanlar\u0131m\u0131z ve hizmetin \u00f6nceli\u011fini dikkate alarak belirledik. Ancak bunlar\u0131 belirlerken de halk\u0131m\u0131z\u0131n isteklerini, devletimizin bize verdi\u011fi imkanlar dahilinde geri \u00e7evirmemeye \u00e7al\u0131\u015ft\u0131k. \u0130l\u00e7emizi modern ve tan\u0131nan bir konuma y\u00fckseltmek i\u00e7in yeni projeler, yeni at\u0131l\u0131mlar ger\u00e7ekle\u015ftiriyoruz. Ankara B\u00fcy\u00fck\u015fehir Belediyemiz ve di\u011fer ilgili kurumlar ile ortakla\u015fa yapm\u0131\u015f oldu\u011fumuz \u00e7al\u0131\u015fmalar sonucunda; Alt yap\u0131, \u0130\u00e7me Suyu Baraj\u0131, Do\u011falgaz, Ar\u0131tma Tesisleri, Huzurevi, \u0130tfaiye Merkezi, Alt ve \u00dcst Ge\u00e7itler ve di\u011fer \u00e7al\u0131\u015fmalar\u0131n \u00e7o\u011funlu\u011funu bitirmi\u015f durumday\u0131z.<\/p>\n<p>\u0130l\u00e7emizi tam donan\u0131ml\u0131 ve eksiksiz bir hale getirmek i\u00e7in yo\u011fun \u00e7aba ve gayretler i\u00e7erisindeyiz. Altyap\u0131 \u00e7al\u0131\u015fmalar\u0131n\u0131n b\u00fcy\u00fck \u00e7o\u011funlu\u011fu tamamland\u0131, do\u011falgaz \u00e7al\u0131\u015fmalar\u0131 da h\u0131zla devam ediyor. Tamamlanan Kargal\u0131 Baraj\u0131 ile su sorununa k\u00f6kl\u00fc bir \u00e7\u00f6z\u00fcm sa\u011flan\u0131yor. Yakla\u015f\u0131k 2.5 y\u0131ld\u0131r \u00fczerinde \u00e7al\u0131\u015f\u0131lan Hasano\u011flan Sanayi B\u00f6lgesi imar plan\u0131<br \/>\ntamamlanarak istihdam\u0131n ve geli\u015fimin \u00f6n\u00fc a\u00e7\u0131ld\u0131. Yani verdi\u011fimiz s\u00f6zlerin \u00e7o\u011fu ger\u00e7ekle\u015fti. Bu kaliteli y\u00f6netimimiz sonucunda ise, ISO: 9001-2008 Kalite Y\u00f6netim Sistemi Belgesi ve M\u00fc\u015fteri Memnuniyeti Y\u00f6netim Sistemi 10002 Belgesini ald\u0131k. Elmada\u011f Merkez \u0130mar Uygulamas\u0131 tamamlanarak tapu tescil i\u015flemleri yap\u0131lm\u0131\u015f olup, il\u00e7emizin tamam\u0131na ait 4.400 Ha \u2018n\u0131n halihaz\u0131r haritalar\u0131 ile jeolojik et\u00fcdleri yapt\u0131r\u0131lm\u0131\u015f, \u00c7evre ve \u015eehircilik Bakanl\u0131\u011f\u0131 taraf\u0131ndan onaylanm\u0131\u015ft\u0131r. Ayr\u0131ca il\u00e7emiz Yenido\u011fan, Yenip\u0131nar ve Yenice Mahallelerimizi kapsayan 52 Ha Kentsel D\u00f6n\u00fc\u015f\u00fcm Alan\u0131 olarak, Bakanlar Kurulu Karar\u0131 ile ilan edilmi\u015f ve \u00e7al\u0131\u015fmalara ba\u015flan\u0131lm\u0131\u015ft\u0131r. Ayr\u0131ca<\/p>\n<p>24\/06\/2013 tarih ve 1647 say\u0131l\u0131 yaz\u0131m\u0131z ile talep etti\u011fimiz Rezerv alana ait, \u00c7evre ve \u015eehircilik Bakanl\u0131\u011f\u0131\u2019n\u0131n 11\/09\/2013 tarih ve 5770 say\u0131l\u0131 yaz\u0131lar\u0131 ile 19.5 Hektar alan\u0131n tahsisi uygun g\u00f6r\u00fclm\u00fc\u015ft\u00fcr. Sosyal alanda ise; THM \u00c7ocuk, Gen\u00e7lik ve Yeti\u015fkinler Korosu, Kent Tiyatrosu, Kent Bandosu, Seymen Ekibi, Halter Tak\u0131m\u0131 ve G\u00fcre\u015f Tak\u0131mlar\u0131n\u0131 kurduk. Devam eden Yaz Spor Okullar\u0131 ve turnuvalar ile gen\u00e7lerimize sportif faaliyetler konusunda herzaman tam destek oluyoruz. \u0130l\u00e7emizi tan\u0131tma ad\u0131na geleneksel hal getirdi\u011fimiz festival ve konserler d\u00fczenleyerek, ayn\u0131 zamanda k\u00fclt\u00fcrel ve sosyal ya\u015fama katk\u0131larda sa\u011fl\u0131yoruz. Y\u00f6resel \u00dcr\u00fcnleri Tan\u0131tma festivalimiz ile \u0130l\u00e7emizin markala\u015fma yolunda \u00f6n\u00fcn\u00fc a\u00e7arken E\u011fitim, Bilim, K\u00fclt\u00fcr \u015eenlikleri Bayram Arac\u0131 ve Tirit Festivali ilede \u00f6\u011frencilerimizin k\u00fc\u00e7\u00fck ya\u015fta kat\u0131l\u0131mc\u0131 olmalar\u0131n\u0131 sa\u011flayarak \u00f6zg\u00fcvenlerine katk\u0131lar sa\u011fl\u0131yoruz. K\u00fclt\u00fcrel bir de\u011ferimiz olan saz \u00fcstad\u0131 Bayram Arac\u0131n\u0131n ad\u0131n\u0131 ya\u015fat\u0131rken, y\u00f6resel tatlar\u0131m\u0131zdan olan Elmada\u011f Tirit yeme\u011fimizi<br \/>\ntan\u0131t\u0131yoruz. \u00d6nemli g\u00fcn ve haftalarda t\u00f6renler ve kutlamalar d\u00fczenleyerek halk\u0131m\u0131zla i\u00e7i\u00e7e olmaya \u00f6zen g\u00f6sterdik. E\u011fitime %100 destek s\u00f6z\u00fcm\u00fcz do\u011frultusunda Bir \u00e7ok okulumuzun tadilat, bak\u0131m, onar\u0131mlar\u0131n\u0131 yapt\u0131k, boyalar\u0131n\u0131 verdik, bunun yan\u0131nda 2011 y\u0131l\u0131nda 3 adet anas\u0131n\u0131f\u0131 yapt\u0131rd\u0131k ve bir tanesinide ba\u015ftan a\u015fa\u011f\u0131ya yeniledik.<\/p>\n<p>Engelli vatanda\u015flar\u0131m\u0131z\u0131 hi\u00e7bir zaman unutmad\u0131k. \u0130l\u00e7e genelinde engelli rampalar\u0131, hizmet binam\u0131za engelli tuvaleti ve asans\u00f6r\u00fc yaparak engelli vatanda\u015flar\u0131m\u0131z\u0131n da belediyemiz hizmetlerinden yerinde yararlanmas\u0131n\u0131 sa\u011flad\u0131k. Ak\u00fcl\u00fc ara\u00e7 ve tekerlekli sandalye yard\u0131mlar\u0131mlar\u0131m\u0131zda devam etmektedir. Zab\u0131ta M\u00fcd\u00fcrl\u00fc\u011f\u00fcm\u00fczce halk\u0131m\u0131z\u0131n sa\u011fl\u0131\u011f\u0131 i\u00e7in esnaf ve pazar denetimlerine a\u011f\u0131rl\u0131k verdik. Sa\u011fl\u0131\u011fa ayk\u0131r\u0131 g\u0131da sat\u0131\u015f\u0131 yapan esnaflar\u0131 uyard\u0131k. Esnaflar\u0131n sa\u011fl\u0131k taramalar\u0131 yapt\u0131rd\u0131k. Sosyal belediyecilik anlay\u0131\u015f\u0131 i\u00e7erisinde cenaze hizmetlerine a\u011f\u0131rl\u0131k verdik. \u00c7ad\u0131r, kep\u00e7e v.b. konularda yard\u0131mc\u0131 olurken ayr\u0131ca taziye ziyaretlerinde de bulunduk. D\u00fc\u011f\u00fcnlerinde ve nikahlar\u0131nda, yani ac\u0131 ve mutlu g\u00fcnlerinde yanlar\u0131nda olmaya gayret ettik. Engelli vatanda\u015flar\u0131m\u0131z\u0131 hi\u00e7bir zaman unutmad\u0131k. \u0130l\u00e7e genelinde engelli rampalar\u0131, hizmet binam\u0131za engelli tuvaleti ve asans\u00f6r\u00fc yaparak engelli vatanda\u015flar\u0131m\u0131z\u0131n da belediyemiz hizmetlerinden yerinde yararlanmas\u0131n\u0131 sa\u011flad\u0131k.<br \/>\nHalka hizmet Hakka Hizmettir anlay\u0131\u015f\u0131 i\u00e7erisinde verdi\u011fimiz hizmetlerin siz vatanda\u015flar\u0131m\u0131za duyurulmas\u0131 yan\u0131nda il\u00e7emizde yap\u0131lan \u00e7al\u0131\u015fmalardan herkesin haberdar olmas\u0131 noktas\u0131ndan hareket ederek kurumlara, esnaflara ve halk\u0131m\u0131za da\u011f\u0131tmaya ba\u015flad\u0131\u011f\u0131m\u0131z ayl\u0131k bas\u0131n b\u00fclteni \u00e7\u0131karmaya ba\u015flad\u0131k. Televizyon ve radyo programlar\u0131na kat\u0131larak yapt\u0131\u011f\u0131m\u0131z \u00e7al\u0131\u015fmalardan bahsetmenin yan\u0131nda sizlerden gelen sorulara cevap vererek sizleri bu yolla da bilgilendirmeye \u00e7al\u0131\u015ft\u0131k. Hasano\u011flan Polis Karakolu, Elmada\u011f K\u00fclt\u00fcr ve Sanat Merkezi, Kent Meydan\u0131 ve \u0130\u015f Merkezi projelerinin in\u015faat \u00e7al\u0131\u015fmalar\u0131 ba\u015flam\u0131\u015f olup, \u00e7al\u0131\u015fmalar h\u0131zla devam etmektedir. K\u00fc\u00e7\u00fck Sanayi Sitesi olarak planlanan Cezaevi \u00fczerindeki b\u00f6lgede, 25.000 m\u00b2 olan arazi Milli Emlak Genel M\u00fcd\u00fcrl\u00fc\u011f\u00fcnden sat\u0131n al\u0131nm\u0131\u015f olup, proje ve ihale \u00e7al\u0131\u015fmalar\u0131 tamamlanm\u0131\u015f olup, 24\/10\/2013 g\u00fcn\u00fc ihalesi yap\u0131lm\u0131\u015ft\u0131r. Biz bu yapt\u0131\u011f\u0131m\u0131z \u00e7al\u0131\u015fmalarla gelecek ku\u015faklara daha modern, \u00e7a\u011fda\u015f ve ya\u015fan\u0131l\u0131r bir Elmada\u011f b\u0131rakmak i\u00e7in gayret ediyoruz. Bundan dolay\u0131 mesai saati kavram\u0131 olmaks\u0131z\u0131n istek ve gayretle en \u00f6nemlisi de g\u00fcler y\u00fczl\u00fc bir hizmet anlay\u0131\u015f\u0131 ile siz hem\u015ferilerimize hizmet g\u00f6t\u00fcrme felsefesini belirledik ve bu do\u011frultuda hareket ediyoruz. Daha ya\u015fan\u0131l\u0131r bir Elmada\u011f in\u015faa etmek i\u00e7in sizlerin istek ve \u015fikayetleri de bizler i\u00e7in \u00e7ok \u00f6nemlidir. \u0130\u015fte o zaman hedefimize ula\u015fmak daha kolay olacakt\u0131r.<\/p>\n","protected":false},"excerpt":{"rendered":"<p>Gazi \u015eAH\u0130N Elmada\u011f Belediye Ba\u015fkan\u0131 GAZ\u0130 \u015eAH\u0130N \u0130LE B\u00dcY\u00dcYEN ELMADA\u011e\u2026. \u00d6ZGE\u00c7M\u0130\u015e Gazi \u015eahin, 1962 y\u0131l\u0131nda Ankara, Elmada\u011f\u2019da do\u011fdu. \u0130lk ve orta\u00f6\u011frenimini Mamak\u2019ta, y\u00fcksek \u00f6\u011frenimini Eski\u015fehir Anadolu \u00dcniversitesi Sosyal Bilimler B\u00f6l\u00fcm\u00fc ve Gazi \u00dcniversitesi End\u00fcstriyel Sanatlar E\u011fitim Fak\u00fcltesinde tamamlad\u0131. 10 y\u0131l Adalet Bakanl\u0131\u011f\u0131nda g\u00f6rev yapan \u015eahin, Mamak Belediyesi Meclis \u00dcyeli\u011fine se\u00e7ildikten sonra Ankara B\u00fcy\u00fck\u015fehir Belediyesinde \u0130dari [&hellip;]<\/p>\n","protected":false},"author":8,"featured_media":1671,"comment_status":"open","ping_status":"closed","sticky":false,"template":"","format":"standard","meta":[],"categories":[84],"tags":[],"_links":{"self":[{"href":"https:\/\/www.vizyon2023.com.tr\/index.php\/wp-json\/wp\/v2\/posts\/1669"}],"collection":[{"href":"https:\/\/www.vizyon2023.com.tr\/index.php\/wp-json\/wp\/v2\/posts"}],"about":[{"href":"https:\/\/www.vizyon2023.com.tr\/index.php\/wp-json\/wp\/v2\/types\/post"}],"author":[{"embeddable":true,"href":"https:\/\/www.vizyon2023.com.tr\/index.php\/wp-json\/wp\/v2\/users\/8"}],"replies":[{"embeddable":true,"href":"https:\/\/www.vizyon2023.com.tr\/index.php\/wp-json\/wp\/v2\/comments?post=1669"}],"version-history":[{"count":1,"href":"https:\/\/www.vizyon2023.com.tr\/index.php\/wp-json\/wp\/v2\/posts\/1669\/revisions"}],"predecessor-version":[{"id":1672,"href":"https:\/\/www.vizyon2023.com.tr\/index.php\/wp-json\/wp\/v2\/posts\/1669\/revisions\/1672"}],"wp:featuredmedia":[{"embeddable":true,"href":"https:\/\/www.vizyon2023.com.tr\/index.php\/wp-json\/wp\/v2\/media\/1671"}],"wp:attachment":[{"href":"https:\/\/www.vizyon2023.com.tr\/index.php\/wp-json\/wp\/v2\/media?parent=1669"}],"wp:term":[{"taxonomy":"category","embeddable":true,"href":"https:\/\/www.vizyon2023.com.tr\/index.php\/wp-json\/wp\/v2\/categories?post=1669"},{"taxonomy":"post_tag","embeddable":true,"href":"https:\/\/www.vizyon2023.com.tr\/index.php\/wp-json\/wp\/v2\/tags?post=1669"}],"curies":[{"name":"wp","href":"https:\/\/api.w.org\/{rel}","templated":true}]}}