{"id":1655,"date":"2017-11-04T09:57:56","date_gmt":"2017-11-04T07:57:56","guid":{"rendered":"http:\/\/www.vizyon2023.com.tr\/?p=1655"},"modified":"2017-11-04T09:57:56","modified_gmt":"2017-11-04T07:57:56","slug":"muserref-erdemin-21-yillik-hayali-gercek-oldu","status":"publish","type":"post","link":"https:\/\/www.vizyon2023.com.tr\/index.php\/2017\/11\/04\/muserref-erdemin-21-yillik-hayali-gercek-oldu\/","title":{"rendered":"M\u00fc\u015ferref Erdem\u2019in 21 y\u0131ll\u0131k hayali ger\u00e7ek oldu."},"content":{"rendered":"<p>Manisa&#8217;da ya\u015fayan 70 ya\u015f\u0131ndaki Erdem&#8217;in Cumhurba\u015fkan\u0131 Erdo\u011fan ile tan\u0131\u015fma hayali ger\u00e7ek oldu.<a class=\"backLink\" href=\"https:\/\/www.ahaber.com.tr\/galeri\/yasam\/muserref-erdemin-21-yillik-hayali-gercek-oldu\">.<\/a><\/p>\n<p><img loading=\"lazy\" class=\"alignnone size-full wp-image-1656\" src=\"http:\/\/www.vizyon2023.com.tr\/wp-content\/uploads\/2017\/11\/0x0-muserref-erdemin-21-yillik-hayali-gercek-oldu-1509770206125.jpg\" alt=\"0x0-muserref-erdemin-21-yillik-hayali-gercek-oldu-1509770206125\" width=\"2047\" height=\"1543\" \/><\/p>\n<p>M\u00fc\u015ferref teyze, &#8220;Cumhurba\u015fkan\u0131m\u0131zla 21 y\u0131ld\u0131r g\u00f6r\u00fc\u015fmek istiyordum. Dualar\u0131m bug\u00fcn kabul oldu&#8221; dedi.<a class=\"backLink\" href=\"https:\/\/www.ahaber.com.tr\/galeri\/yasam\/muserref-erdemin-21-yillik-hayali-gercek-oldu\">.<\/a><\/p>\n<p>Manisa&#8217;n\u0131n \u015eehzadeler il\u00e7esinde ya\u015fayan M\u00fc\u015ferref Erdem (70) 21 y\u0131ld\u0131r tan\u0131\u015fmak istedi\u011fi Cumhurba\u015fkan\u0131 Recep Tayyip Erdo\u011fan ile a\u00e7\u0131l\u0131\u015f t\u00f6reni \u00f6ncesi g\u00f6r\u00fc\u015ft\u00fc<a class=\"backLink\" href=\"https:\/\/www.ahaber.com.tr\/galeri\/yasam\/muserref-erdemin-21-yillik-hayali-gercek-oldu\/3\">.<\/a><\/p>\n<p>Erdem, Cumhurba\u015fkan\u0131 Erdo\u011fan ile g\u00f6r\u00fc\u015fme talebini \u015eehzadeler Belediye Ba\u015fkan\u0131 \u00d6mer Faruk \u00c7elik&#8217;e s\u00f6yledi. \u00c7elik de bu talebi Erdo\u011fan&#8217;a iletti.<a class=\"backLink\" href=\"https:\/\/www.ahaber.com.tr\/galeri\/yasam\/muserref-erdemin-21-yillik-hayali-gercek-oldu\/4\">.<\/a><\/p>\n<p><img loading=\"lazy\" class=\"alignnone size-full wp-image-1657\" src=\"http:\/\/www.vizyon2023.com.tr\/wp-content\/uploads\/2017\/11\/0x0-muserref-erdemin-21-yillik-hayali-gercek-oldu-1509770208921.jpg\" alt=\"0x0-muserref-erdemin-21-yillik-hayali-gercek-oldu-1509770208921\" width=\"730\" height=\"487\" \/><\/p>\n<p>Cumhurba\u015fkan\u0131 Erdo\u011fan&#8217;\u0131n talimat\u0131 \u00fczerine Erdem ve e\u015fi Sadullah Erdem, Aile ve Sosyal Politikalar Bakan\u0131 Fatma Bet\u00fcl Sayan Kaya taraf\u0131ndan makam arac\u0131yla miting alan\u0131na getirildi.<a class=\"backLink\" href=\"https:\/\/www.ahaber.com.tr\/galeri\/yasam\/muserref-erdemin-21-yillik-hayali-gercek-oldu\/4\">.<\/a><\/p>\n<p>Toplu a\u00e7\u0131l\u0131\u015f t\u00f6reni \u00f6ncesi Cumhurba\u015fkan\u0131yla g\u00f6r\u00fc\u015fen \u00e7ift Erdo\u011fan&#8217;a y\u00fcz\u00fck ve dua kitab\u0131 hediye etti. Erdo\u011fan da ya\u015fl\u0131 \u00e7ifte tesbih ve dua kitab\u0131 hediye etti.<a class=\"backLink\" href=\"https:\/\/www.ahaber.com.tr\/galeri\/yasam\/muserref-erdemin-21-yillik-hayali-gercek-oldu\/6\">.<\/a><\/p>\n<p><strong>&#8220;3 G\u00dcN \u00d6NCE R\u00dcYAMDA G\u00d6RD\u00dcM&#8221;<\/strong><\/p>\n<p>Erdem, AA muhabirine yapt\u0131\u011f\u0131 a\u00e7\u0131klamada, 21 y\u0131ld\u0131r Erdo\u011fan&#8217;la g\u00f6r\u00fc\u015fmek i\u00e7in dua etti\u011fini sonunda duas\u0131n\u0131n kabul oldu\u011funu s\u00f6yledi.<\/p>\n<p>Cumhurba\u015fkan\u0131 Erdo\u011fan&#8217;\u0131 g\u00f6r\u00fcnce \u00e7ok duyguland\u0131\u011f\u0131n\u0131 ifade eden Erdem, &#8220;Daha Refah Partisi d\u00f6neminden yani 21 y\u0131ld\u0131r g\u00f6r\u00fc\u015fmek istiyordum. Dualar\u0131m bug\u00fcn kabul oldu.&#8221; dedi.<\/p>\n<p>Bakan Kaya&#8217;n\u0131n evlerine gelerek kendilerini dinledi\u011fini aktaran Erdem, Kaya&#8217;ya, Erdo\u011fan&#8217;a yazd\u0131\u011f\u0131 \u015fiirleri okudu\u011funu belirtti.<\/p>\n<p><strong>CUMHURBA\u015eKANI, M\u00dc\u015eERREF TEYZE&#8217;Y\u0130 ANNES\u0130NE BENZETM\u0130\u015e<\/strong><\/p>\n<p>Erdo\u011fan&#8217;\u0131n kendisini annesine benzetti\u011fi kaydeden Erdem, &#8220;Ayn\u0131 r\u00fcyamdaki gibiydi. 3 g\u00fcn \u00f6nce r\u00fcyamda evime geldi\u011fini g\u00f6r\u00fcyordum ona haz\u0131rlad\u0131\u011f\u0131m hediyeleri veriyordum. Ben de beraberimde g\u00f6t\u00fcrd\u00fc\u011f\u00fcm iki y\u00fcz\u00fc\u011f\u00fc kendisi ve e\u015fini Emine Han\u0131m i\u00e7in verdim. Cumhurba\u015fkan\u0131m\u0131z da bana annesi hayr\u0131na bast\u0131rd\u0131\u011f\u0131 ve i\u00e7inde dualar\u0131n oldu\u011fu kitab\u0131 hediye etti.&#8221; ifadelerini kulland\u0131.<\/p>\n<p>Erdem, Cumhurba\u015fkan\u0131 Erdo\u011fan i\u00e7in s\u00fcrekli dua etti\u011fini s\u00f6zlerine ekledi.<a class=\"backLink\" href=\"https:\/\/www.ahaber.com.tr\/galeri\/yasam\/muserref-erdemin-21-yillik-hayali-gercek-oldu\/9\">.<\/a><\/p>\n<p><img loading=\"lazy\" class=\"alignnone size-full wp-image-1658\" src=\"http:\/\/www.vizyon2023.com.tr\/wp-content\/uploads\/2017\/11\/0x0-muserref-erdemin-21-yillik-hayali-gercek-oldu-1509770214781.jpg\" alt=\"0x0-muserref-erdemin-21-yillik-hayali-gercek-oldu-1509770214781\" width=\"2048\" height=\"1365\" \/><\/p>\n<p>Sadullah Erdem ise, cumhurba\u015fkan\u0131ndan hi\u00e7bir talepte bulunmad\u0131klar\u0131n\u0131, tek dileklerinin kendisini yak\u0131ndan g\u00f6rmek ve muhabbet etmek oldu\u011funu anlatt\u0131.<a class=\"backLink\" href=\"https:\/\/www.ahaber.com.tr\/galeri\/yasam\/muserref-erdemin-21-yillik-hayali-gercek-oldu\">.<\/a><\/p>\n<p>Erdo\u011fan&#8217;\u0131n kendisine tesbih hediye etti\u011fini s\u00f6yleyen Sadullah Erdem, &#8221; Tesbihin Diyarbak\u0131r&#8217;dan de\u011ferli bir insandan kendisine verilen bir hediye oldu\u011funu s\u00f6yledi.&#8221; diye konu\u015ftu.<a class=\"backLink\" href=\"https:\/\/www.ahaber.com.tr\/galeri\/yasam\/muserref-erdemin-21-yillik-hayali-gercek-oldu\">.<\/a><\/p>\n","protected":false},"excerpt":{"rendered":"<p>Manisa&#8217;da ya\u015fayan 70 ya\u015f\u0131ndaki Erdem&#8217;in Cumhurba\u015fkan\u0131 Erdo\u011fan ile tan\u0131\u015fma hayali ger\u00e7ek oldu.. M\u00fc\u015ferref teyze, &#8220;Cumhurba\u015fkan\u0131m\u0131zla 21 y\u0131ld\u0131r g\u00f6r\u00fc\u015fmek istiyordum. Dualar\u0131m bug\u00fcn kabul oldu&#8221; dedi.. Manisa&#8217;n\u0131n \u015eehzadeler il\u00e7esinde ya\u015fayan M\u00fc\u015ferref Erdem (70) 21 y\u0131ld\u0131r tan\u0131\u015fmak istedi\u011fi Cumhurba\u015fkan\u0131 Recep Tayyip Erdo\u011fan ile a\u00e7\u0131l\u0131\u015f t\u00f6reni \u00f6ncesi g\u00f6r\u00fc\u015ft\u00fc. Erdem, Cumhurba\u015fkan\u0131 Erdo\u011fan ile g\u00f6r\u00fc\u015fme talebini \u015eehzadeler Belediye Ba\u015fkan\u0131 \u00d6mer Faruk [&hellip;]<\/p>\n","protected":false},"author":8,"featured_media":1659,"comment_status":"open","ping_status":"closed","sticky":false,"template":"","format":"standard","meta":[],"categories":[85],"tags":[],"_links":{"self":[{"href":"https:\/\/www.vizyon2023.com.tr\/index.php\/wp-json\/wp\/v2\/posts\/1655"}],"collection":[{"href":"https:\/\/www.vizyon2023.com.tr\/index.php\/wp-json\/wp\/v2\/posts"}],"about":[{"href":"https:\/\/www.vizyon2023.com.tr\/index.php\/wp-json\/wp\/v2\/types\/post"}],"author":[{"embeddable":true,"href":"https:\/\/www.vizyon2023.com.tr\/index.php\/wp-json\/wp\/v2\/users\/8"}],"replies":[{"embeddable":true,"href":"https:\/\/www.vizyon2023.com.tr\/index.php\/wp-json\/wp\/v2\/comments?post=1655"}],"version-history":[{"count":1,"href":"https:\/\/www.vizyon2023.com.tr\/index.php\/wp-json\/wp\/v2\/posts\/1655\/revisions"}],"predecessor-version":[{"id":1660,"href":"https:\/\/www.vizyon2023.com.tr\/index.php\/wp-json\/wp\/v2\/posts\/1655\/revisions\/1660"}],"wp:featuredmedia":[{"embeddable":true,"href":"https:\/\/www.vizyon2023.com.tr\/index.php\/wp-json\/wp\/v2\/media\/1659"}],"wp:attachment":[{"href":"https:\/\/www.vizyon2023.com.tr\/index.php\/wp-json\/wp\/v2\/media?parent=1655"}],"wp:term":[{"taxonomy":"category","embeddable":true,"href":"https:\/\/www.vizyon2023.com.tr\/index.php\/wp-json\/wp\/v2\/categories?post=1655"},{"taxonomy":"post_tag","embeddable":true,"href":"https:\/\/www.vizyon2023.com.tr\/index.php\/wp-json\/wp\/v2\/tags?post=1655"}],"curies":[{"name":"wp","href":"https:\/\/api.w.org\/{rel}","templated":true}]}}