{"id":1609,"date":"2017-11-03T09:07:04","date_gmt":"2017-11-03T07:07:04","guid":{"rendered":"http:\/\/www.vizyon2023.com.tr\/?p=1609"},"modified":"2017-11-03T09:07:04","modified_gmt":"2017-11-03T07:07:04","slug":"son-dakika-ekim-ayi-enflasyon-rakamlari-aciklandi-iste-dolarin-ilk-tepkisi","status":"publish","type":"post","link":"https:\/\/www.vizyon2023.com.tr\/index.php\/2017\/11\/03\/son-dakika-ekim-ayi-enflasyon-rakamlari-aciklandi-iste-dolarin-ilk-tepkisi\/","title":{"rendered":"Son dakika&#8230; Ekim ay\u0131 enflasyon rakamlar\u0131 a\u00e7\u0131kland\u0131! \u0130\u015fte dolar\u0131n ilk tepkisi&#8230;"},"content":{"rendered":"<p><a class=\"inline-keyword\" href=\"http:\/\/www.hurriyet.com.tr\/son-dakika-haberleri\/\" target=\"_blank\" rel=\"\">Son dakika<\/a>&#8230;\u00a0T\u00fcrkiye \u0130statistik Kurumu (T\u00dc\u0130K) Ekim ay\u0131\u00a0<a class=\"inline-keyword\" href=\"http:\/\/www.hurriyet.com.tr\/index\/enflasyon\" target=\"_blank\" rel=\"\">enflasyon<\/a>\u00a0rakamlar\u0131n\u0131 a\u00e7\u0131klad\u0131.\u00a0 T\u00dcFE\u2019de (2003=100) 2017 y\u0131l\u0131 Ekim ay\u0131nda bir \u00f6nceki aya g\u00f6re %2,08, bir \u00f6nceki y\u0131l\u0131n Aral\u0131k ay\u0131na g\u00f6re %9,52, bir \u00f6nceki y\u0131l\u0131n ayn\u0131 ay\u0131na g\u00f6re %11,90 ve on iki ayl\u0131k ortalamalara g\u00f6re %10,37 art\u0131\u015f ger\u00e7ekle\u015fti.<\/p>\n<p><strong>YIL SONU BEKLENT\u0130S\u0130 Y\u00dcZDE 9.70&#8217;E Y\u00dcKSELM\u0130\u015eT\u0130<\/strong><\/p>\n<p>T\u00fcketici Fiyatlar\u0131 Endeksi&#8217;nde (T\u00dcFE) Ekim ay\u0131nda medyan baz\u0131nda y\u00fczde 1.87 art\u0131\u015f beklenirken, y\u0131l sonu enflasyon beklentisi bir \u00f6nceki anketteki y\u00fczde 9.60&#8217;tan s\u0131n\u0131rl\u0131 bir art\u0131\u015fla y\u00fczde 9.70&#8217;e y\u00fckseldi.<\/p>\n<p>Reuters&#8217;\u0131n 18 kurumun kat\u0131l\u0131m\u0131yla yapt\u0131\u011f\u0131 ankete g\u00f6re, ayl\u0131k T\u00dcFE de\u011fi\u015fim beklentileri y\u00fczde 1.30-2.10 art\u0131\u015f band\u0131nda yer al\u0131yor. Y\u0131l sonu tahmini ise y\u00fczde 8.70-10.60 band\u0131nda bulunuyor.<\/p>\n<blockquote class=\"kirmizi clr\">\n<p class=\"selectionShareable\"><a class=\"clearPadding\" href=\"http:\/\/www.hurriyet.com.tr\/son-dakika-dolar-fiyatlari-ne-durumda-40632441\" target=\"_blank\" rel=\"\"><img class=\"bImage lazy-loaded\" src=\"http:\/\/i.hurimg.com\/i\/hurriyet\/75\/140x79\/59fc10e80f254425b8e0eb72.jpg\" alt=\"Dolar fiyatlar\u0131 ne durumda\" data-src=\"\/\/i.hurimg.com\/i\/hurriyet\/75\/140x79\/59fc10e80f254425b8e0eb72.jpg\" \/><span class=\"bqTitle\">Dolar fiyatlar\u0131 ne durumda?<\/span><\/a><\/p>\n<\/blockquote>\n<p><strong>DOLARIN ENFLASYONA \u0130LK TEPK\u0130S\u0130<\/strong><\/p>\n<div class=\"adv-main-container collapsed-adv-area inlineAd\"><\/div>\n<div id=\"imcontent\" dir=\"ltr\"><span dir=\"ltr\">D\u00fcn Trump&#8217;\u0131n, Fed ba\u015fkan aday\u0131n\u0131 a\u00e7\u0131klamas\u0131n\u0131n ard\u0131ndan 3.80 seviyesinin alt\u0131na gerileyen dolar kuru, yeni g\u00fcnde 3.80 seviyesinden ba\u015flad\u0131. Dolar enflasyon sonras\u0131 3.82&#8217;nin \u00fczerine \u00e7\u0131kt\u0131.\u00a0<\/span><\/div>\n<p><strong>EK\u0130MDE YILLIK ENFLASYON Y\u00dcZDE 11&#8217;\u0130 A\u015eMI\u015eTI<\/strong><\/p>\n<p>Eyl\u00fcl ay\u0131nda T\u00dcFE ayl\u0131k y\u00fczde 0,65, y\u0131ll\u0131k y\u00fczde 11,20 artarken y\u0131ll\u0131k enflasyon \u00fc\u00e7 ay aradan sonra yeniden y\u00fczde 11&#8217;i a\u015ft\u0131.<\/p>\n<blockquote class=\"kirmizi clr\">\n<p class=\"selectionShareable\"><a class=\"clearPadding\" href=\"http:\/\/www.hurriyet.com.tr\/ekonomistler-s-pden-degisiklik-beklemiyor-40632446\" target=\"_blank\" rel=\"\"><img class=\"bImage lazy-loaded\" src=\"http:\/\/i.hurimg.com\/i\/hurriyet\/75\/140x79\/59fc118c0f254425b8e0eb8e.jpg\" alt=\"Ekonomistler, S&amp;Pden de\u011fi\u015fiklik beklemiyor\" data-src=\"\/\/i.hurimg.com\/i\/hurriyet\/75\/140x79\/59fc118c0f254425b8e0eb8e.jpg\" \/><span class=\"bqTitle\">Ekonomistler, S&amp;P&#8217;den de\u011fi\u015fiklik beklemiyor<\/span><\/a><\/p>\n<\/blockquote>\n<p><strong>G\u00d6ZLER AK\u015eAMK\u0130 S&amp;P KARARINDA\u00a0<\/strong><\/p>\n<p>K\u00fcresel piyasalar, ABD Merkez Bankas\u0131 (Fed) Ba\u015fkanl\u0131\u011f\u0131na ili\u015fkin belirsizli\u011fin ortadan kalkmas\u0131n\u0131n ard\u0131ndan bug\u00fcn a\u00e7\u0131klanacak Standard &amp; Poor&#8217;s&#8217;un (S&amp;P) de\u011ferlendirmesine odakland\u0131.<\/p>\n<p><strong>POWELL ADAY G\u00d6STER\u0130LD\u0130<\/strong><\/p>\n<p>ABD Ba\u015fkan\u0131 Donald Trump, d\u00fcn Fed Ba\u015fkanl\u0131\u011f\u0131na, beklentiler do\u011frultusunda bankan\u0131n Guvern\u00f6r\u00fc Jerome Powell&#8217;\u0131 aday g\u00f6stererek yakla\u015f\u0131k iki ayd\u0131r piyasalar\u0131n g\u00fcndemini me\u015fgul eden konuyu kapatt\u0131. Mevcut Fed ba\u015fkan\u0131 Janet Yellen&#8217;\u0131n g\u00f6rev s\u00fcresi 2018 y\u0131l\u0131n\u0131n \u015fubat ay\u0131nda dolacak. Fed&#8217;deki lider de\u011fi\u015fikli\u011finin bankan\u0131n para politikas\u0131nda \u00f6nemli bir farkl\u0131l\u0131\u011fa yol a\u00e7mas\u0131 beklenmiyor. Analistler, Powell isminin piyasalarda bu hafta i\u00e7inde fiyatland\u0131\u011f\u0131n\u0131 belirterek, bu y\u00fczden karar\u0131n a\u00e7\u0131klanmas\u0131n\u0131n piyasalara etkisinin s\u0131n\u0131rl\u0131 oldu\u011funu kaydetti.<\/p>\n<blockquote class=\"kirmizi clr\">\n<p class=\"selectionShareable\"><a class=\"clearPadding\" href=\"http:\/\/www.hurriyet.com.tr\/son-dakika-abd-baskani-trump-yeni-fed-baskanini-acikladi-40632226\" target=\"_blank\" rel=\"\"><img class=\"bImage lazy-loaded\" src=\"http:\/\/i.hurimg.com\/i\/hurriyet\/75\/140x79\/59fb7f9d0f254426ecf9ecc7.jpg\" alt=\"ABD Ba\u015fkan\u0131 Trump FED ba\u015fkan\u0131 aday\u0131n\u0131 a\u00e7\u0131klad\u0131\" data-src=\"\/\/i.hurimg.com\/i\/hurriyet\/75\/140x79\/59fb7f9d0f254426ecf9ecc7.jpg\" \/><span class=\"bqTitle\">ABD Ba\u015fkan\u0131 Trump FED ba\u015fkan\u0131 aday\u0131n\u0131 a\u00e7\u0131klad\u0131<\/span><\/a><\/p>\n<\/blockquote>\n<p><strong>G\u00d6ZLER ARALIK&#8217;TA<\/strong><\/p>\n<p>Federal A\u00e7\u0131k Piyasa Komitesi (FOMC) bug\u00fcn sona eren iki g\u00fcnl\u00fck toplant\u0131s\u0131nda politika faizini de\u011fi\u015ftirmeyerek y\u00fczde 1.00 &#8211; y\u00fczde 1.25 band\u0131nda tuttu. Fed bu karar\u0131 oy birli\u011fi ile ald\u0131. Toplant\u0131dan \u00e7\u0131kan karara g\u00f6re faizlerin Aral\u0131k ay\u0131ndaki toplant\u0131da artmas\u0131 y\u00f6n\u00fcnde.<\/p>\n<blockquote class=\"kirmizi clr\">\n<p class=\"selectionShareable\"><a class=\"clearPadding\" href=\"http:\/\/www.hurriyet.com.tr\/son-dakika-fed-faiz-kararini-acikladi-iste-dolarin-ilk-tepkisi-40630646\" target=\"_blank\" rel=\"\"><img class=\"bImage lazy-loaded\" src=\"http:\/\/i.hurimg.com\/i\/hurriyet\/75\/140x79\/59fa0cbcd3806c05ec103969.jpg\" alt=\"T\u00fcm d\u00fcnyan\u0131n merakla bekledi\u011fi Fed faiz karar\u0131 a\u00e7\u0131kland\u0131\" data-src=\"\/\/i.hurimg.com\/i\/hurriyet\/75\/140x79\/59fa0cbcd3806c05ec103969.jpg\" \/><span class=\"bqTitle\">T\u00fcm d\u00fcnyan\u0131n merakla bekledi\u011fi Fed faiz karar\u0131 a\u00e7\u0131kland\u0131<\/span><\/a><\/p>\n<\/blockquote>\n","protected":false},"excerpt":{"rendered":"<p>Son dakika&#8230;\u00a0T\u00fcrkiye \u0130statistik Kurumu (T\u00dc\u0130K) Ekim ay\u0131\u00a0enflasyon\u00a0rakamlar\u0131n\u0131 a\u00e7\u0131klad\u0131.\u00a0 T\u00dcFE\u2019de (2003=100) 2017 y\u0131l\u0131 Ekim ay\u0131nda bir \u00f6nceki aya g\u00f6re %2,08, bir \u00f6nceki y\u0131l\u0131n Aral\u0131k ay\u0131na g\u00f6re %9,52, bir \u00f6nceki y\u0131l\u0131n ayn\u0131 ay\u0131na g\u00f6re %11,90 ve on iki ayl\u0131k ortalamalara g\u00f6re %10,37 art\u0131\u015f ger\u00e7ekle\u015fti. YIL SONU BEKLENT\u0130S\u0130 Y\u00dcZDE 9.70&#8217;E Y\u00dcKSELM\u0130\u015eT\u0130 T\u00fcketici Fiyatlar\u0131 Endeksi&#8217;nde (T\u00dcFE) Ekim ay\u0131nda medyan [&hellip;]<\/p>\n","protected":false},"author":8,"featured_media":1610,"comment_status":"open","ping_status":"closed","sticky":false,"template":"","format":"standard","meta":[],"categories":[60],"tags":[],"_links":{"self":[{"href":"https:\/\/www.vizyon2023.com.tr\/index.php\/wp-json\/wp\/v2\/posts\/1609"}],"collection":[{"href":"https:\/\/www.vizyon2023.com.tr\/index.php\/wp-json\/wp\/v2\/posts"}],"about":[{"href":"https:\/\/www.vizyon2023.com.tr\/index.php\/wp-json\/wp\/v2\/types\/post"}],"author":[{"embeddable":true,"href":"https:\/\/www.vizyon2023.com.tr\/index.php\/wp-json\/wp\/v2\/users\/8"}],"replies":[{"embeddable":true,"href":"https:\/\/www.vizyon2023.com.tr\/index.php\/wp-json\/wp\/v2\/comments?post=1609"}],"version-history":[{"count":1,"href":"https:\/\/www.vizyon2023.com.tr\/index.php\/wp-json\/wp\/v2\/posts\/1609\/revisions"}],"predecessor-version":[{"id":1611,"href":"https:\/\/www.vizyon2023.com.tr\/index.php\/wp-json\/wp\/v2\/posts\/1609\/revisions\/1611"}],"wp:featuredmedia":[{"embeddable":true,"href":"https:\/\/www.vizyon2023.com.tr\/index.php\/wp-json\/wp\/v2\/media\/1610"}],"wp:attachment":[{"href":"https:\/\/www.vizyon2023.com.tr\/index.php\/wp-json\/wp\/v2\/media?parent=1609"}],"wp:term":[{"taxonomy":"category","embeddable":true,"href":"https:\/\/www.vizyon2023.com.tr\/index.php\/wp-json\/wp\/v2\/categories?post=1609"},{"taxonomy":"post_tag","embeddable":true,"href":"https:\/\/www.vizyon2023.com.tr\/index.php\/wp-json\/wp\/v2\/tags?post=1609"}],"curies":[{"name":"wp","href":"https:\/\/api.w.org\/{rel}","templated":true}]}}