{"id":1579,"date":"2017-11-02T09:45:32","date_gmt":"2017-11-02T07:45:32","guid":{"rendered":"http:\/\/www.vizyon2023.com.tr\/?p=1579"},"modified":"2017-11-02T09:45:32","modified_gmt":"2017-11-02T07:45:32","slug":"15-temmuzda-verilen-tahribat-telafi-edildi","status":"publish","type":"post","link":"https:\/\/www.vizyon2023.com.tr\/index.php\/2017\/11\/02\/15-temmuzda-verilen-tahribat-telafi-edildi\/","title":{"rendered":"15 Temmuz\u2019da verilen tahribat telafi edildi ."},"content":{"rendered":"<p>Ba\u015fbakan Y\u0131ld\u0131r\u0131m: Harp Okullar\u0131, Harp Akademileri\u2019nde 15 Temmuz \u00f6ncesi toplam say\u0131 9 bin 829 iken bug\u00fcn 9 bin 832 olmu\u015ftur. Bu konuda hi\u00e7bir zafiyet kalmam\u0131\u015f buradaki a\u00e7\u0131k s\u00fcratle kapat\u0131lm\u0131\u015ft\u0131r<a class=\"backLink\" href=\"https:\/\/www.ahaber.com.tr\/gundem\/2017\/11\/02\/15-temmuzda-verilen-tahribat-telafi-edildi\">.<\/a><\/p>\n<p>Ba\u015fbakan Binali Y\u0131ld\u0131r\u0131m, d\u00fcn \u0130stanbul&#8217;da Milli Savunma \u00dcniversitesi (MS\u00dc) 2017 akademik y\u0131l\u0131 a\u00e7\u0131l\u0131\u015f\u0131na kat\u0131ld\u0131. Y\u0131ld\u0131r\u0131m&#8217;\u0131n \u015funlar\u0131 s\u00f6yledi:<\/p>\n<p><b>TEDB\u0130RLER\u0130 ALDIK:<\/b>\u00a0Her zaman teyakkuzda oldu\u011fumuz sorunlar\u0131n yan\u0131 s\u0131ra son y\u0131llarda ortaya \u00e7\u0131kan risk ve tehditlerle kar\u015f\u0131 kar\u015f\u0131yay\u0131z. Bu sebeple, ekonomik ve askeri y\u00f6nden g\u00fc\u00e7l\u00fc olman\u0131n yan\u0131 s\u0131ra, ntielikli e\u011fitim d\u00fczeyi y\u00fcksek personele sahip olman\u0131n \u00f6nemi a\u015fikar. 15 Temmuz&#8217;dan sonra bir\u00e7ok tedbir ald\u0131k. Bunlardan biri de\u00a0<a class=\"tkktLnk\" href=\"https:\/\/www.ahaber.com.tr\/index\/milli_savunma_bakanligi\" target=\"_blank\" rel=\"tag\">Milli Savunma Bakanl\u0131\u011f\u0131<\/a>\u00a0ve Silahl\u0131 Kuvvetlerin yeniden yap\u0131land\u0131r\u0131lmas\u0131. Asker k\u0131l\u0131\u011f\u0131na girmi\u015f ter\u00f6ristlerin ya\u015fatt\u0131\u011f\u0131 ac\u0131lar\u0131n bir daha tekerr\u00fcr etmemesi i\u00e7in bu tedbirleri ald\u0131k. Gereken ad\u0131mlar\u0131 titizlikle att\u0131k. MS\u00dc de bu al\u0131nan kararlardan biridir.<\/p>\n<p><b>TAHR\u0130BAT TELAF\u0130 ED\u0130LD\u0130:<\/b>\u00a0Burada Harp Enstit\u00fcleri, Harp Okullar\u0131, Ara\u015ft\u0131rma Enstit\u00fcleri&#8217;ni yani b\u00fct\u00fcn askeri e\u011fitim kurumlar\u0131n\u0131 bir \u00e7at\u0131 alt\u0131nda toplad\u0131k. TSK&#8217;n\u0131n subay ve astsubay kayna\u011f\u0131n\u0131 olu\u015fturan askeri okullar\u0131m\u0131z\u0131n fiziki ve teknik ihtiya\u00e7lar eksiksiz ka\u015f\u0131lanm\u0131\u015ft\u0131r. 15 Temmuz&#8217;da bu kurumlara verilen tahribat ve \u00f6\u011frenci kayb\u0131m\u0131z s\u00fcratle telafi edilmi\u015ftir. Harp Okullar\u0131, Harp Akademileri&#8217;nde 15 Temmuz \u00f6ncesi toplam say\u0131 9 bin 829&#8217;ken bug\u00fcn 9 bin 832 olmu\u015ftur. Dolay\u0131s\u0131yla bu konuda hi\u00e7bir zafiyet kalmam\u0131\u015f s\u00fcratle buradaki a\u00e7\u0131k kapat\u0131lm\u0131\u015ft\u0131r. Bu ba\u015far\u0131da hepinizin eme\u011fi vard\u0131r. Amac\u0131m\u0131z bu de\u011fi\u015fimi gelece\u011fe d\u00f6n\u00fck tahkim etmek, burada yeti\u015fen subay astsubaylar\u0131m\u0131z\u0131 de\u011fi\u015fen d\u00fcnya tehditlerine g\u00f6re en iyi \u015fekilde bilgi ve uygulamalarla donatmakt\u0131r.<\/p>\n<p><b>TSK \u0130\u00c7\u0130N D\u00d6N\u00dcM\u00a0<\/b><b>NOKTASI:\u00a0<\/b>15 Temmuz darbesi sonras\u0131 g\u00f6revlendirmelere g\u00f6z att\u0131\u011f\u0131n\u0131zda nelere rastl\u0131yoruz. \u0130stanbul Valisi, Hava Harp Okulu Komutan\u0131. TRT \u0130stanbul Radyosu M\u00fcd\u00fcr\u00fc, Hava Harp Okulu Alay Komutan\u0131. \u0130\u015f Bankas\u0131 Genel M\u00fcd\u00fcr\u00fc, Hava Harp Okulu Dekan\u0131. Harp Okulu&#8217;nun hocalar\u0131n\u0131n g\u00f6revi darbe yap\u0131p kurumlar\u0131n ba\u015f\u0131na ge\u00e7mek mi? Bu ve buna benzer tehditlerin \u00fclkemizde bir daha ya\u015fanmamas\u0131, bu kurumlar\u0131m\u0131z\u0131n milletle b\u00fct\u00fcnle\u015fmesine ba\u011fl\u0131d\u0131r. Titiz olaca\u011f\u0131z, se\u00e7im yaparken, en kabiliyetli, bayra\u011f\u0131n\u0131 devletini seven evlatlar\u0131m\u0131z\u0131 alaca\u011f\u0131z. Bu hassasiyeti FET\u00d6 \u00f6rg\u00fct\u00fc g\u00f6rm\u00fc\u015f, bu alan\u0131 kendi sinsi ama\u00e7lar\u0131 do\u011frultusunda tepe tepe kullanm\u0131\u015ft\u0131r. 15 Temmuz \u00fclkemize b\u00fcy\u00fck bir tahribat vermekle beraber, Silahl\u0131 Kuvvetlerimizin kurtulu\u015fu i\u00e7in \u00f6nemli d\u00f6n\u00fcm olmu\u015ftur.<\/p>\n<p><b>S\u0130BER KUVVETLER:<\/b>\u00a0G\u00fcn\u00fcm\u00fczde tehdit alg\u0131lar\u0131 her ge\u00e7en g\u00fcn de\u011fi\u015fiyor. Eskiden tankla, topla, u\u00e7akla harp yap\u0131l\u0131rken, \u015fimdi bili\u015fim ile siber sald\u0131r\u0131larla sava\u015f yap\u0131l\u0131yor. Bilgi en \u00f6nemli g\u00fc\u00e7 haline geliyor. Bir\u00e7ok \u00fclke Siber Kuvvetler alt\u0131nda komutanl\u0131klar kuruyor. Bu konuda TSK da ad\u0131mlar att\u0131. B\u00f6lgemizin stratejik konumunu ele ald\u0131\u011f\u0131m\u0131zda T\u00fcrkiye&#8217;nin hem savunma sanayi, hem cayd\u0131r\u0131c\u0131l\u0131k konusunda yat\u0131r\u0131mlar\u0131n\u0131 artarak s\u00fcrd\u00fcrmesi ka\u00e7\u0131n\u0131lmaz. Cumhuriyetimizin en \u00f6nemli kazan\u0131m\u0131 hukuktur. Bize d\u00fc\u015fen hi\u00e7bir vesayet oda\u011f\u0131na itibar etmeden devletimizi ve vatanda\u015f\u0131m\u0131z\u0131 korumakt\u0131r.<\/p>\n<p><strong>&#8216;TSK, AYA\u011eIMIZIN T\u00d6KEZLEMES\u0130N\u0130 BEKLEYENLER\u0130 HAYAL KIRIKLI\u011eINA U\u011eRATTI&#8217;<\/strong><br \/>\nCumhurba\u015fkan\u0131 Recep Tayyip Erdo\u011fan, Milli Savunma \u00dcniversitesi&#8217;nin (MS\u00dc) 2017- 2018 akademik y\u0131l a\u00e7\u0131l\u0131\u015f\u0131 ve Harp Enstit\u00fcleri&#8217;nin e\u011fitime ba\u015flamas\u0131 dolay\u0131s\u0131yla d\u00fczenlenen t\u00f6rene mesaj g\u00f6nderdi. Erdo\u011fan mesaj\u0131nda \u015funlar\u0131 s\u00f6yledi: &#8220;\u00dclkemiz tarihinin en b\u00fcy\u00fck ihanet hareketi olan 15 Temmuz darbe giri\u015fimi, hem askeri personel yeti\u015ftirme sistemindeki de\u011fi\u015fiklik ihtiyac\u0131n\u0131n isabetini g\u00f6stermi\u015f hem de bu do\u011frultuda s\u00fcratle ad\u0131mlar at\u0131lmas\u0131n\u0131 zorunlu hale getirmi\u015ftir. 15 Temmuz gibi y\u0131k\u0131c\u0131 sonu\u00e7lar do\u011furabilecek bir darbe giri\u015fimine maruz kalm\u0131\u015f T\u00fcrkiye, bu ihanetin hemen ard\u0131ndan hem s\u0131n\u0131rlar\u0131m\u0131z i\u00e7inde hem de Suriye ve Irak&#8217;ta ba\u015far\u0131l\u0131 operasyonlar ger\u00e7ekle\u015fmi\u015ftir. Kahraman ordumuzun ba\u015far\u0131lar\u0131 \u00fclkemizin aya\u011f\u0131n\u0131n t\u00f6kezlemesini bekleyenleri hayal k\u0131r\u0131kl\u0131\u011f\u0131na u\u011frat\u0131rken, milletimizi ve dostlar\u0131m\u0131z\u0131 da sevindirmi\u015ftir. \u00dcniversitemizin t\u00fcm bran\u015flarda e\u011fitim-\u00f6\u011fretime ba\u015flayarak ortaya koydu\u011fu y\u00fcksek performans bu sevinci daha da art\u0131rm\u0131\u015ft\u0131r.&#8221;<\/p>\n<p><strong>SABAH<\/strong><\/p>\n<p><a class=\"backLink\" href=\"https:\/\/www.ahaber.com.tr\/gundem\/2017\/11\/02\/15-temmuzda-verilen-tahribat-telafi-edildi\">.<\/a><\/p>\n","protected":false},"excerpt":{"rendered":"<p>Ba\u015fbakan Y\u0131ld\u0131r\u0131m: Harp Okullar\u0131, Harp Akademileri\u2019nde 15 Temmuz \u00f6ncesi toplam say\u0131 9 bin 829 iken bug\u00fcn 9 bin 832 olmu\u015ftur. Bu konuda hi\u00e7bir zafiyet kalmam\u0131\u015f buradaki a\u00e7\u0131k s\u00fcratle kapat\u0131lm\u0131\u015ft\u0131r. Ba\u015fbakan Binali Y\u0131ld\u0131r\u0131m, d\u00fcn \u0130stanbul&#8217;da Milli Savunma \u00dcniversitesi (MS\u00dc) 2017 akademik y\u0131l\u0131 a\u00e7\u0131l\u0131\u015f\u0131na kat\u0131ld\u0131. Y\u0131ld\u0131r\u0131m&#8217;\u0131n \u015funlar\u0131 s\u00f6yledi: TEDB\u0130RLER\u0130 ALDIK:\u00a0Her zaman teyakkuzda oldu\u011fumuz sorunlar\u0131n yan\u0131 s\u0131ra son [&hellip;]<\/p>\n","protected":false},"author":8,"featured_media":1580,"comment_status":"open","ping_status":"closed","sticky":false,"template":"","format":"standard","meta":[],"categories":[85],"tags":[],"_links":{"self":[{"href":"https:\/\/www.vizyon2023.com.tr\/index.php\/wp-json\/wp\/v2\/posts\/1579"}],"collection":[{"href":"https:\/\/www.vizyon2023.com.tr\/index.php\/wp-json\/wp\/v2\/posts"}],"about":[{"href":"https:\/\/www.vizyon2023.com.tr\/index.php\/wp-json\/wp\/v2\/types\/post"}],"author":[{"embeddable":true,"href":"https:\/\/www.vizyon2023.com.tr\/index.php\/wp-json\/wp\/v2\/users\/8"}],"replies":[{"embeddable":true,"href":"https:\/\/www.vizyon2023.com.tr\/index.php\/wp-json\/wp\/v2\/comments?post=1579"}],"version-history":[{"count":1,"href":"https:\/\/www.vizyon2023.com.tr\/index.php\/wp-json\/wp\/v2\/posts\/1579\/revisions"}],"predecessor-version":[{"id":1581,"href":"https:\/\/www.vizyon2023.com.tr\/index.php\/wp-json\/wp\/v2\/posts\/1579\/revisions\/1581"}],"wp:featuredmedia":[{"embeddable":true,"href":"https:\/\/www.vizyon2023.com.tr\/index.php\/wp-json\/wp\/v2\/media\/1580"}],"wp:attachment":[{"href":"https:\/\/www.vizyon2023.com.tr\/index.php\/wp-json\/wp\/v2\/media?parent=1579"}],"wp:term":[{"taxonomy":"category","embeddable":true,"href":"https:\/\/www.vizyon2023.com.tr\/index.php\/wp-json\/wp\/v2\/categories?post=1579"},{"taxonomy":"post_tag","embeddable":true,"href":"https:\/\/www.vizyon2023.com.tr\/index.php\/wp-json\/wp\/v2\/tags?post=1579"}],"curies":[{"name":"wp","href":"https:\/\/api.w.org\/{rel}","templated":true}]}}